{"id":5809,"date":"2024-04-18T14:07:04","date_gmt":"2024-04-18T12:07:04","guid":{"rendered":"https:\/\/laconsultamedica.com.do\/?p=13403"},"modified":"2024-04-18T14:07:32","modified_gmt":"2024-04-18T12:07:32","slug":"dr-feris-iglesias-es-reconocido-por-su-trayectoria-en-premios-vive-sano","status":"publish","type":"post","link":"https:\/\/informedesalud.com.do\/?p=5809","title":{"rendered":"Dr. Feris Iglesias es reconocido por su trayectoria en Premios Vive Sano"},"content":{"rendered":"<p>SANTO DOMINGO,RD\/ DIARIO DE SALUD.- Durante la sexta entrega del Premio Vive Sano, el Dr. Jes\u00fas Feris Iglesias fue reconocido por su trayectoria el el sector salud, destacando su vocaci\u00f3n de servicio, compromiso y contribuci\u00f3n en el \u00e1rea de la Pediatr\u00eda e Infectolog\u00eda, as\u00ed como en su gesti\u00f3n del Sistema de Salud, en favor del bienestar de los dominicanos.<\/p>\n<p>El Premio Vive Sano es un proyecto que tiene como objetivo destacar aquellos profesionales que han demostrado un compromiso excepcional en favor de la ciudadan\u00eda , contribuyendo al bienestar de la sociedad mediante servicios de calidad relacionados con el sector salud.<\/p>\n<figure class=\"wp-block-image size-large\"><img loading=\"lazy\" class=\"wp-image-13405\" loading=\"lazy\" decoding=\"async\" width=\"683\" height=\"1024\" src=\"https:\/\/laconsultamedica.com.do\/wp-content\/uploads\/2024\/04\/66508456318824494996589280-683x1024.jpeg\" alt=\"\" srcset=\"https:\/\/laconsultamedica.com.do\/wp-content\/uploads\/2024\/04\/66508456318824494996589280-683x1024.jpeg 683w, https:\/\/laconsultamedica.com.do\/wp-content\/uploads\/2024\/04\/66508456318824494996589280-200x300.jpeg 200w, https:\/\/laconsultamedica.com.do\/wp-content\/uploads\/2024\/04\/66508456318824494996589280-768x1152.jpeg 768w, https:\/\/laconsultamedica.com.do\/wp-content\/uploads\/2024\/04\/66508456318824494996589280-1024x1536.jpeg 1024w, https:\/\/laconsultamedica.com.do\/wp-content\/uploads\/2024\/04\/66508456318824494996589280-750x1125.jpeg 750w, https:\/\/laconsultamedica.com.do\/wp-content\/uploads\/2024\/04\/66508456318824494996589280.jpeg 1067w\" sizes=\"(max-width: 683px) 100vw, 683px\"><\/figure>\n<p>El actual superintendente de Salud y Riesgos Laborales, agradeci\u00f3 a los organizadores del evento por dicho honor, expresando que todo lo que ha hecho durante su vida es ser una persona de bien, tal como fue inculcado por sus padres.<\/p>\n<p>La gala llevada a cabo en el sal\u00f3n Anacaona del hotel Jaragua, es un evento que desde el 2017 reconoce y celebra la trayectoria, labor y aportes de diversos protagonistas del sector salud a partir de tres elementos fundamentales: la voluntad de servicio, el conocimiento y la calidez humana y caracter\u00edsticas esenciales para una atenci\u00f3n integral y de excelencia en el \u00e1mbito de la salud; todos puntos tomados en cuenta para la selecci\u00f3n del galard\u00f3n a la trayectoria otorgado al Dr. Feris Iglesias<\/p>\n<figure class=\"wp-block-image size-large\"><img loading=\"lazy\" class=\"wp-image-13406\" loading=\"lazy\" decoding=\"async\" width=\"1024\" height=\"683\" src=\"https:\/\/laconsultamedica.com.do\/wp-content\/uploads\/2024\/04\/66508467559304489432923445-1024x683.jpeg\" alt=\"\" srcset=\"https:\/\/laconsultamedica.com.do\/wp-content\/uploads\/2024\/04\/66508467559304489432923445-1024x683.jpeg 1024w, https:\/\/laconsultamedica.com.do\/wp-content\/uploads\/2024\/04\/66508467559304489432923445-300x200.jpeg 300w, https:\/\/laconsultamedica.com.do\/wp-content\/uploads\/2024\/04\/66508467559304489432923445-768x512.jpeg 768w, https:\/\/laconsultamedica.com.do\/wp-content\/uploads\/2024\/04\/66508467559304489432923445-750x500.jpeg 750w, https:\/\/laconsultamedica.com.do\/wp-content\/uploads\/2024\/04\/66508467559304489432923445-1140x761.jpeg 1140w, https:\/\/laconsultamedica.com.do\/wp-content\/uploads\/2024\/04\/66508467559304489432923445.jpeg 1199w\" sizes=\"(max-width: 1024px) 100vw, 1024px\"><\/figure>\n","protected":false},"excerpt":{"rendered":"<p>SANTO DOMINGO,RD\/ DIARIO DE SALUD.- Durante la sexta entrega del Premio Vive Sano, el Dr. Jes\u00fas Feris Iglesias fue reconocido por su trayectoria el el sector salud, destacando su vocaci\u00f3n de servicio, compromiso y contribuci\u00f3n en el \u00e1rea de la Pediatr\u00eda e Infectolog\u00eda, as\u00ed como en su gesti\u00f3n del Sistema de Salud, en favor del [&hellip;]<\/p>\n","protected":false},"author":1,"featured_media":5856,"comment_status":"closed","ping_status":"closed","sticky":false,"template":"","format":"standard","meta":{"_eb_attr":"","footnotes":""},"categories":[36],"tags":[],"_links":{"self":[{"href":"https:\/\/informedesalud.com.do\/index.php?rest_route=\/wp\/v2\/posts\/5809"}],"collection":[{"href":"https:\/\/informedesalud.com.do\/index.php?rest_route=\/wp\/v2\/posts"}],"about":[{"href":"https:\/\/informedesalud.com.do\/index.php?rest_route=\/wp\/v2\/types\/post"}],"author":[{"embeddable":true,"href":"https:\/\/informedesalud.com.do\/index.php?rest_route=\/wp\/v2\/users\/1"}],"replies":[{"embeddable":true,"href":"https:\/\/informedesalud.com.do\/index.php?rest_route=%2Fwp%2Fv2%2Fcomments&post=5809"}],"version-history":[{"count":1,"href":"https:\/\/informedesalud.com.do\/index.php?rest_route=\/wp\/v2\/posts\/5809\/revisions"}],"predecessor-version":[{"id":5857,"href":"https:\/\/informedesalud.com.do\/index.php?rest_route=\/wp\/v2\/posts\/5809\/revisions\/5857"}],"wp:featuredmedia":[{"embeddable":true,"href":"https:\/\/informedesalud.com.do\/index.php?rest_route=\/wp\/v2\/media\/5856"}],"wp:attachment":[{"href":"https:\/\/informedesalud.com.do\/index.php?rest_route=%2Fwp%2Fv2%2Fmedia&parent=5809"}],"wp:term":[{"taxonomy":"category","embeddable":true,"href":"https:\/\/informedesalud.com.do\/index.php?rest_route=%2Fwp%2Fv2%2Fcategories&post=5809"},{"taxonomy":"post_tag","embeddable":true,"href":"https:\/\/informedesalud.com.do\/index.php?rest_route=%2Fwp%2Fv2%2Ftags&post=5809"}],"curies":[{"name":"wp","href":"https:\/\/api.w.org\/{rel}","templated":true}]}}