{"id":5807,"date":"2024-04-18T14:08:16","date_gmt":"2024-04-18T12:08:16","guid":{"rendered":"https:\/\/laconsultamedica.com.do\/?p=13416"},"modified":"2024-04-18T14:08:57","modified_gmt":"2024-04-18T12:08:57","slug":"sns-entrega-12-arco-en-c-a-diez-hospitales-para-fortalecer-servicios-quirurgicos","status":"publish","type":"post","link":"https:\/\/informedesalud.com.do\/?p=5807","title":{"rendered":"SNS entrega 12 Arco en C a diez hospitales\u00a0 para fortalecer servicios quir\u00fargicos"},"content":{"rendered":"<p>Santo Domingo- El director ejecutivo del Servicio Nacional de Salud (SNS), Mario Lama, entreg\u00f3 este mi\u00e9rcoles 12 Arco en C a diez hospitales del pa\u00eds, con una inversi\u00f3n de RD$73,589,520.00, para el fortalecimiento de los servicios quir\u00fargicos de la Red P\u00fablica. <\/p>\n<p>En un acto donde tambi\u00e9n estuvieron los directores de los servicios regionales Metropolitano, Norcentral, Enriquillo, Cibao Central, Cibao Occidental, El Valle y de los centros beneficiados, se dot\u00f3 de un Arco en C a los hospitales Marcelino V\u00e9lez Santana, los traumatol\u00f3gicos Dr. Dar\u00edo Contreras y Ney Arias Lora, en Santo Domingo; Jos\u00e9 Mar\u00eda Cabral y B\u00e1ez, Regional Dr. Arturo Grull\u00f3n en Santiago; San Bartolom\u00e9 de Neiba y Dr. Elio Fiallo, Pedernales.<\/p>\n<figure class=\"wp-block-image size-large\"><img loading=\"lazy\" class=\"wp-image-13415\" loading=\"lazy\" decoding=\"async\" width=\"1024\" height=\"683\" src=\"https:\/\/laconsultamedica.com.do\/wp-content\/uploads\/2024\/04\/img-20240418-wa00077793251718186620240-1024x683.jpg\" alt=\"\" srcset=\"https:\/\/laconsultamedica.com.do\/wp-content\/uploads\/2024\/04\/img-20240418-wa00077793251718186620240-1024x683.jpg 1024w, https:\/\/laconsultamedica.com.do\/wp-content\/uploads\/2024\/04\/img-20240418-wa00077793251718186620240-300x200.jpg 300w, https:\/\/laconsultamedica.com.do\/wp-content\/uploads\/2024\/04\/img-20240418-wa00077793251718186620240-768x512.jpg 768w, https:\/\/laconsultamedica.com.do\/wp-content\/uploads\/2024\/04\/img-20240418-wa00077793251718186620240-1536x1025.jpg 1536w, https:\/\/laconsultamedica.com.do\/wp-content\/uploads\/2024\/04\/img-20240418-wa00077793251718186620240-750x500.jpg 750w, https:\/\/laconsultamedica.com.do\/wp-content\/uploads\/2024\/04\/img-20240418-wa00077793251718186620240-1140x760.jpg 1140w, https:\/\/laconsultamedica.com.do\/wp-content\/uploads\/2024\/04\/img-20240418-wa00077793251718186620240.jpg 2000w\" sizes=\"(max-width: 1024px) 100vw, 1024px\"><\/figure>\n<p>Asimismo, se les suministr\u00f3 de ese equipo m\u00e9dico a los hospitales Regional Taiw\u00e1n 19 de Marzo, Azua; Dr. Luis L. Bogaert en Mao y tres al Traumatol\u00f3gico Profesor Juan Bosch de La Vega.<\/p>\n<p>El titular del SNS indic\u00f3 que con esta acci\u00f3n se fortalecen las atenciones m\u00e9dicas en todo el pa\u00eds. \u300a Hoy estos 73 millones de pesos  en equipos se entregan a los hospitales y al pa\u00eds, porque aqu\u00ed est\u00e1  Pedernales, Neiba,  Az\u00faa, Santo Domingo,  Santiago, La Vega y Mao, centros evaluados y que re\u00fanen las condiciones de especialistas y las \u00e1reas para la habilitaci\u00f3n del servicio \u300b.<\/p>\n<figure class=\"wp-block-image size-large\"><img loading=\"lazy\" class=\"wp-image-13413\" loading=\"lazy\" decoding=\"async\" width=\"1024\" height=\"683\" src=\"https:\/\/laconsultamedica.com.do\/wp-content\/uploads\/2024\/04\/img-20240418-wa00124368058757345452165-1024x683.jpg\" alt=\"\" srcset=\"https:\/\/laconsultamedica.com.do\/wp-content\/uploads\/2024\/04\/img-20240418-wa00124368058757345452165-1024x683.jpg 1024w, https:\/\/laconsultamedica.com.do\/wp-content\/uploads\/2024\/04\/img-20240418-wa00124368058757345452165-300x200.jpg 300w, https:\/\/laconsultamedica.com.do\/wp-content\/uploads\/2024\/04\/img-20240418-wa00124368058757345452165-768x512.jpg 768w, https:\/\/laconsultamedica.com.do\/wp-content\/uploads\/2024\/04\/img-20240418-wa00124368058757345452165-1536x1025.jpg 1536w, https:\/\/laconsultamedica.com.do\/wp-content\/uploads\/2024\/04\/img-20240418-wa00124368058757345452165-750x500.jpg 750w, https:\/\/laconsultamedica.com.do\/wp-content\/uploads\/2024\/04\/img-20240418-wa00124368058757345452165-1140x760.jpg 1140w, https:\/\/laconsultamedica.com.do\/wp-content\/uploads\/2024\/04\/img-20240418-wa00124368058757345452165.jpg 2000w\" sizes=\"(max-width: 1024px) 100vw, 1024px\"><\/figure>\n<p>Igualmente, Lama precis\u00f3 que los Arco en C van a impactar positivamente de manera inmediata a la poblaci\u00f3n, con el  aumento de la calidad de los servicios, reducir\u00e1n la lista de espera de cirug\u00eda y los referimientos. <\/p>\n<p>Mientras, Edisson F\u00e9liz,  director del Servicio Regional de Salud Metropolitano, en sus palabras de agradecimiento,  manifest\u00f3 que esta entrega es un hito en la historia de la salud dominicana, \u00abEstos 12 equipos de Arco en C marcan un antes y un despu\u00e9s en la historia de la salud del pa\u00eds. Agradezco en nombre de los directores regionales y de hospitales, pero tambi\u00e9n lo hago en nombre de los millones de usuarios que visitan estos centros hospitalarios \u300b.<\/p>\n<figure class=\"wp-block-image size-large\"><img loading=\"lazy\" class=\"wp-image-13414\" loading=\"lazy\" decoding=\"async\" width=\"1024\" height=\"608\" src=\"https:\/\/laconsultamedica.com.do\/wp-content\/uploads\/2024\/04\/img-20240418-wa00138191923820340499047-1024x608.jpg\" alt=\"\" srcset=\"https:\/\/laconsultamedica.com.do\/wp-content\/uploads\/2024\/04\/img-20240418-wa00138191923820340499047-1024x608.jpg 1024w, https:\/\/laconsultamedica.com.do\/wp-content\/uploads\/2024\/04\/img-20240418-wa00138191923820340499047-300x178.jpg 300w, https:\/\/laconsultamedica.com.do\/wp-content\/uploads\/2024\/04\/img-20240418-wa00138191923820340499047-768x456.jpg 768w, https:\/\/laconsultamedica.com.do\/wp-content\/uploads\/2024\/04\/img-20240418-wa00138191923820340499047-1536x912.jpg 1536w, https:\/\/laconsultamedica.com.do\/wp-content\/uploads\/2024\/04\/img-20240418-wa00138191923820340499047-750x445.jpg 750w, https:\/\/laconsultamedica.com.do\/wp-content\/uploads\/2024\/04\/img-20240418-wa00138191923820340499047-1140x677.jpg 1140w, https:\/\/laconsultamedica.com.do\/wp-content\/uploads\/2024\/04\/img-20240418-wa00138191923820340499047.jpg 2000w\" sizes=\"(max-width: 1024px) 100vw, 1024px\"><\/figure>\n<p>En el acto, el director del Hospital Traumatol\u00f3gico Ney Arias Lora, Julio Landr\u00f3n, destac\u00f3 la relevancia de los Arco en C, explic\u00f3 que el equipo garantizar\u00e1 agilidad en los procedimientos quir\u00fargicos, las intervenciones ser\u00e1n minimamente invasivas, producir\u00e1n menos da\u00f1o biol\u00f3gico en el momento de la cirug\u00eda y el paciente se integrar\u00e1 m\u00e1s r\u00e1pido a la vida productiva.<\/p>\n","protected":false},"excerpt":{"rendered":"<p>Santo Domingo- El director ejecutivo del Servicio Nacional de Salud (SNS), Mario Lama, entreg\u00f3 este mi\u00e9rcoles 12 Arco en C a diez hospitales del pa\u00eds, con una inversi\u00f3n de RD$73,589,520.00, para el fortalecimiento de los servicios quir\u00fargicos de la Red P\u00fablica. En un acto donde tambi\u00e9n estuvieron los directores de los servicios regionales Metropolitano, Norcentral, [&hellip;]<\/p>\n","protected":false},"author":1,"featured_media":5860,"comment_status":"closed","ping_status":"closed","sticky":false,"template":"","format":"standard","meta":{"_eb_attr":"","footnotes":""},"categories":[41],"tags":[],"_links":{"self":[{"href":"https:\/\/informedesalud.com.do\/index.php?rest_route=\/wp\/v2\/posts\/5807"}],"collection":[{"href":"https:\/\/informedesalud.com.do\/index.php?rest_route=\/wp\/v2\/posts"}],"about":[{"href":"https:\/\/informedesalud.com.do\/index.php?rest_route=\/wp\/v2\/types\/post"}],"author":[{"embeddable":true,"href":"https:\/\/informedesalud.com.do\/index.php?rest_route=\/wp\/v2\/users\/1"}],"replies":[{"embeddable":true,"href":"https:\/\/informedesalud.com.do\/index.php?rest_route=%2Fwp%2Fv2%2Fcomments&post=5807"}],"version-history":[{"count":1,"href":"https:\/\/informedesalud.com.do\/index.php?rest_route=\/wp\/v2\/posts\/5807\/revisions"}],"predecessor-version":[{"id":5861,"href":"https:\/\/informedesalud.com.do\/index.php?rest_route=\/wp\/v2\/posts\/5807\/revisions\/5861"}],"wp:featuredmedia":[{"embeddable":true,"href":"https:\/\/informedesalud.com.do\/index.php?rest_route=\/wp\/v2\/media\/5860"}],"wp:attachment":[{"href":"https:\/\/informedesalud.com.do\/index.php?rest_route=%2Fwp%2Fv2%2Fmedia&parent=5807"}],"wp:term":[{"taxonomy":"category","embeddable":true,"href":"https:\/\/informedesalud.com.do\/index.php?rest_route=%2Fwp%2Fv2%2Fcategories&post=5807"},{"taxonomy":"post_tag","embeddable":true,"href":"https:\/\/informedesalud.com.do\/index.php?rest_route=%2Fwp%2Fv2%2Ftags&post=5807"}],"curies":[{"name":"wp","href":"https:\/\/api.w.org\/{rel}","templated":true}]}}