{"id":5805,"date":"2024-04-18T14:10:07","date_gmt":"2024-04-18T12:10:07","guid":{"rendered":"https:\/\/laconsultamedica.com.do\/?p=13435"},"modified":"2024-04-18T14:10:42","modified_gmt":"2024-04-18T12:10:42","slug":"republica-dominicana-acoge-evento-regional-sobre-seguridad-fisica-en-transporte-de-material-radioactivo","status":"publish","type":"post","link":"https:\/\/informedesalud.com.do\/?p=5805","title":{"rendered":"Rep\u00fablica Dominicana acoge evento regional sobre seguridad f\u00edsica en transporte de material radioactivo"},"content":{"rendered":"<p>Santo Domingo, Rep\u00fablica Dominicana, 17 de abril de 2024 \u2013 La Comisi\u00f3n Nacional de Energ\u00eda (CNE), a trav\u00e9s de su Direcci\u00f3n Nuclear, inaugur\u00f3 el pasado lunes 15 de abril el \u201cSimposio Regional de Seguridad F\u00edsica del Transporte de Fuentes Radiactivas\u201d, con la participaci\u00f3n de expertos de 12 pa\u00edses que comparten experiencias, desaf\u00edos y mejores pr\u00e1cticas en seguridad del transporte de fuentes radiactivas.<\/p>\n<p>Se trata de un evento en colaboraci\u00f3n con el Departamento de Energ\u00eda de los Estados Unidos, con sus dependencias National Nuclear Security Administration (NNSA), el Oak Ridge National Laboratory y la Office of Radiological Security (ORS).<\/p>\n<p>La ceremonia de apertura estuvo a cargo de Alfonso Rodr\u00edguez, Viceministro de Eficiencia y Ahorro Energ\u00e9tico del MEM; Edward Veras, Director Ejecutivo de la CNE; Poppy Cox de ORS y Christine Bent de Global Material Security (GMS).<\/p>\n<p>El Viceministro Rodr\u00edguez destac\u00f3 la importancia del evento en el marco del compromiso de los participantes como signatarios de la OEA. \u201cEste tipo de iniciativas cumplen con la pol\u00edtica multilateral y ayudan a mejorar las capacidades en materia nuclear, en l\u00ednea con la carta compromiso firmada en la novena cumbre de las Am\u00e9ricas en Los \u00c1ngeles en 2022\u201d.<\/p>\n<figure class=\"wp-block-image size-large\"><img loading=\"lazy\" class=\"wp-image-13432\" loading=\"lazy\" decoding=\"async\" width=\"1024\" height=\"682\" src=\"https:\/\/laconsultamedica.com.do\/wp-content\/uploads\/2024\/04\/img-20240418-wa00216214227176633712595-1024x682.jpg\" alt=\"\" srcset=\"https:\/\/laconsultamedica.com.do\/wp-content\/uploads\/2024\/04\/img-20240418-wa00216214227176633712595-1024x682.jpg 1024w, https:\/\/laconsultamedica.com.do\/wp-content\/uploads\/2024\/04\/img-20240418-wa00216214227176633712595-300x200.jpg 300w, https:\/\/laconsultamedica.com.do\/wp-content\/uploads\/2024\/04\/img-20240418-wa00216214227176633712595-768x512.jpg 768w, https:\/\/laconsultamedica.com.do\/wp-content\/uploads\/2024\/04\/img-20240418-wa00216214227176633712595-1536x1023.jpg 1536w, https:\/\/laconsultamedica.com.do\/wp-content\/uploads\/2024\/04\/img-20240418-wa00216214227176633712595-750x500.jpg 750w, https:\/\/laconsultamedica.com.do\/wp-content\/uploads\/2024\/04\/img-20240418-wa00216214227176633712595-1140x760.jpg 1140w, https:\/\/laconsultamedica.com.do\/wp-content\/uploads\/2024\/04\/img-20240418-wa00216214227176633712595.jpg 1600w\" sizes=\"(max-width: 1024px) 100vw, 1024px\"><\/figure>\n<p>La CNE, como ente normativo del tema a trav\u00e9s de su Direcci\u00f3n Nuclear, aprovecha esta plataforma para compartir su visi\u00f3n regulatoria regional y fortalecer la cooperaci\u00f3n. \u201cNos entusiasma tenerlos en nuestro pa\u00eds para seguir articulando esfuerzos encaminados a fomentar una cultura sobre el tema, lo que garantiza el cuidado de la salud humana y el medio ambiente\u201d, coment\u00f3 el director ejecutivo de la CNE, Edward Veras.<\/p>\n<p>El programa del evento incluye sesiones de grupo, debates y discusiones centrados en la importancia de la seguridad f\u00edsica en el transporte a nivel mundial, la elaboraci\u00f3n de reglamentaciones, los riesgos asociados, el papel fundamental de las inspecciones, as\u00ed como la comunicaci\u00f3n y la coordinaci\u00f3n con aliados para garantizar la seguridad en el transporte.<\/p>\n<p>Se lleva a cabo en el Hotel Catalonia hasta el jueves 18 de abril, con traducci\u00f3n simult\u00e1nea al ingl\u00e9s. Entre los pa\u00edses participantes se encuentran Bahamas, Costa Rica, El Salvador, Guatemala, Guyana, Honduras, Jamaica, M\u00e9xico, Panam\u00e1, Trinidad y Tobago y Estados Unidos.<\/p>\n<p>La elecci\u00f3n de la Rep\u00fablica Dominicana como sede consolida la posici\u00f3n del pa\u00eds como un referente en el manejo y la regulaci\u00f3n efectiva de la seguridad f\u00edsica en transporte de material radioactivo.<\/p>\n<p>*Promoviendo una cultura de seguridad radiol\u00f3gica*<\/p>\n<p>El primer d\u00eda de la jornada concluy\u00f3 con un c\u00f3ctel que sirvi\u00f3 como escenario para conmemorar el D\u00eda Internacional de la Protecci\u00f3n Radiol\u00f3gica, el 15 de abril.<\/p>\n<p>Se proyect\u00f3 un audiovisual para destacar los avances y la importancia de la protecci\u00f3n radiol\u00f3gica en el pa\u00eds, con intervenciones del Ministro de Energ\u00eda y Minas, Antonio Almonte; Narkiss Almonte, Directora Nuclear de la CNE; Jos\u00e9 Miguel Ferreira Capell\u00e1n, Decano de la Facultad de Ciencias de la UASD; Naly Cruz Ventura, Presidenta de la Sociedad Dominicana de Protecci\u00f3n Radiol\u00f3gica y otros actores del sector privado vinculados al tema.<\/p>\n<p>El Ministro Almonte ponder\u00f3 el trabajo de la Direcci\u00f3n Nuclear de la Comisi\u00f3n Nacional de Energ\u00eda, en su rol de promover una cultura de seguridad radiol\u00f3gica, a trav\u00e9s de una reglamentaci\u00f3n coherente con el avance del pa\u00eds y acorde con la normativa internacional, garantizando la protecci\u00f3n del medio ambiente, de los operadores de equipos y del p\u00fablico en general, tanto en el sector p\u00fablico como privado, a nivel nacional.<\/p>\n<figure class=\"wp-block-image size-large\"><img loading=\"lazy\" class=\"wp-image-13433\" loading=\"lazy\" decoding=\"async\" width=\"1024\" height=\"682\" src=\"https:\/\/laconsultamedica.com.do\/wp-content\/uploads\/2024\/04\/img-20240418-wa00191080852087868201526-1024x682.jpg\" alt=\"\" srcset=\"https:\/\/laconsultamedica.com.do\/wp-content\/uploads\/2024\/04\/img-20240418-wa00191080852087868201526-1024x682.jpg 1024w, https:\/\/laconsultamedica.com.do\/wp-content\/uploads\/2024\/04\/img-20240418-wa00191080852087868201526-300x200.jpg 300w, https:\/\/laconsultamedica.com.do\/wp-content\/uploads\/2024\/04\/img-20240418-wa00191080852087868201526-768x512.jpg 768w, https:\/\/laconsultamedica.com.do\/wp-content\/uploads\/2024\/04\/img-20240418-wa00191080852087868201526-1536x1023.jpg 1536w, https:\/\/laconsultamedica.com.do\/wp-content\/uploads\/2024\/04\/img-20240418-wa00191080852087868201526-750x500.jpg 750w, https:\/\/laconsultamedica.com.do\/wp-content\/uploads\/2024\/04\/img-20240418-wa00191080852087868201526-1140x760.jpg 1140w, https:\/\/laconsultamedica.com.do\/wp-content\/uploads\/2024\/04\/img-20240418-wa00191080852087868201526.jpg 1600w\" sizes=\"(max-width: 1024px) 100vw, 1024px\"><\/figure>\n<p>*Direcci\u00f3n Nuclear CNE*<br \/>\nLa Direcci\u00f3n Nuclear de la CNE tiene la responsabilidad de garantizar el uso seguro de las radiaciones ionizantes, emitiendo autorizaciones tanto institucionales como personales en pr\u00e1cticas m\u00e9dicas e industriales.<\/p>\n<p>Su directora, Narkiss Almonte, subraya que el pa\u00eds sigue siendo un referente regional en temas de protecci\u00f3n radiol\u00f3gica y cuenta con tecnolog\u00eda de vanguardia en equipos radiol\u00f3gicos.<\/p>\n<p>Se\u00f1ala que entre los logros m\u00e1s destacados en la materia se encuentra la actualizaci\u00f3n de la Norma de Protecci\u00f3n Radiol\u00f3gica en 2023, que simplifica los requisitos de solicitud y cumple con est\u00e1ndares internacionales. Adem\u00e1s, resalta el aumento en la capacitaci\u00f3n del personal t\u00e9cnico regulador para el manejo seguro de materiales radiactivos.<\/p>\n<p>En cuanto a las cifras, se ha evidenciado un incremento en la cantidad de autorizaciones emitidas desde 2016 hasta febrero de 2024, con un total de 3,677 Licencias Personales de Operaci\u00f3n (LPO) y 1,796 Licencias Institucionales de Operaci\u00f3n \/ Inscripci\u00f3n en Registro (LIO\/IR).<\/p>\n","protected":false},"excerpt":{"rendered":"<p>Santo Domingo, Rep\u00fablica Dominicana, 17 de abril de 2024 \u2013 La Comisi\u00f3n Nacional de Energ\u00eda (CNE), a trav\u00e9s de su Direcci\u00f3n Nuclear, inaugur\u00f3 el pasado lunes 15 de abril el \u201cSimposio Regional de Seguridad F\u00edsica del Transporte de Fuentes Radiactivas\u201d, con la participaci\u00f3n de expertos de 12 pa\u00edses que comparten experiencias, desaf\u00edos y mejores pr\u00e1cticas [&hellip;]<\/p>\n","protected":false},"author":1,"featured_media":5864,"comment_status":"closed","ping_status":"closed","sticky":false,"template":"","format":"standard","meta":{"_eb_attr":"","footnotes":""},"categories":[41],"tags":[],"_links":{"self":[{"href":"https:\/\/informedesalud.com.do\/index.php?rest_route=\/wp\/v2\/posts\/5805"}],"collection":[{"href":"https:\/\/informedesalud.com.do\/index.php?rest_route=\/wp\/v2\/posts"}],"about":[{"href":"https:\/\/informedesalud.com.do\/index.php?rest_route=\/wp\/v2\/types\/post"}],"author":[{"embeddable":true,"href":"https:\/\/informedesalud.com.do\/index.php?rest_route=\/wp\/v2\/users\/1"}],"replies":[{"embeddable":true,"href":"https:\/\/informedesalud.com.do\/index.php?rest_route=%2Fwp%2Fv2%2Fcomments&post=5805"}],"version-history":[{"count":1,"href":"https:\/\/informedesalud.com.do\/index.php?rest_route=\/wp\/v2\/posts\/5805\/revisions"}],"predecessor-version":[{"id":5865,"href":"https:\/\/informedesalud.com.do\/index.php?rest_route=\/wp\/v2\/posts\/5805\/revisions\/5865"}],"wp:featuredmedia":[{"embeddable":true,"href":"https:\/\/informedesalud.com.do\/index.php?rest_route=\/wp\/v2\/media\/5864"}],"wp:attachment":[{"href":"https:\/\/informedesalud.com.do\/index.php?rest_route=%2Fwp%2Fv2%2Fmedia&parent=5805"}],"wp:term":[{"taxonomy":"category","embeddable":true,"href":"https:\/\/informedesalud.com.do\/index.php?rest_route=%2Fwp%2Fv2%2Fcategories&post=5805"},{"taxonomy":"post_tag","embeddable":true,"href":"https:\/\/informedesalud.com.do\/index.php?rest_route=%2Fwp%2Fv2%2Ftags&post=5805"}],"curies":[{"name":"wp","href":"https:\/\/api.w.org\/{rel}","templated":true}]}}