{"id":5803,"date":"2024-04-18T14:11:29","date_gmt":"2024-04-18T12:11:29","guid":{"rendered":"https:\/\/laconsultamedica.com.do\/?p=13401"},"modified":"2024-04-18T14:11:57","modified_gmt":"2024-04-18T12:11:57","slug":"se-celebra-la-sexta-gala-de-premio-vive-sano","status":"publish","type":"post","link":"https:\/\/informedesalud.com.do\/?p=5803","title":{"rendered":"Se celebra la Sexta Gala de Premio Vive Sano"},"content":{"rendered":"<p>Santo Domingo, abril 2024.- La sexta edici\u00f3n del Premio Vive Sano ha tenido lugar con su tradicional cena de gala y celebraci\u00f3n del reconocimiento a diez nuevos galardonados, personas e instituciones, por su contribuci\u00f3n a la sociedad dominicana en el sector Salud.<\/p>\n<p>Elizabet Guti\u00e9rrez, periodista y directora del proyecto integral Vive Sano, agradeci\u00f3 a los premiados su valiosa labor de entrega y apoyo, recalcando que su profesionalidad, humanidad y trabajo constante aportan curaci\u00f3n, consuelo y esperanza a quienes sufren enfermedades.<\/p>\n<p>\u201cNuestra voluntad es seguir por muchos a\u00f1os acompa\u00f1ando y difundiendo las historias de quienes marcan la diferencia en el sector salud, porque creemos firmemente que su labor merece ser reconocida y celebrada\u201d., recalc\u00f3 la periodista, concluyendo: \u201cGracias por inspirarnos, gracias por ense\u00f1arnos que el amor y la dedicaci\u00f3n son las verdaderas fuerzas que mueven al mundo. Sigamos trabajando juntos por un mundo m\u00e1s justo y solidario\u201d.<\/p>\n<figure class=\"wp-block-image size-large\"><img loading=\"lazy\" class=\"wp-image-13398\" loading=\"lazy\" decoding=\"async\" width=\"1024\" height=\"682\" src=\"https:\/\/laconsultamedica.com.do\/wp-content\/uploads\/2024\/04\/img-20240418-wa00066861810994481329289-1024x682.jpg\" alt=\"\" srcset=\"https:\/\/laconsultamedica.com.do\/wp-content\/uploads\/2024\/04\/img-20240418-wa00066861810994481329289-1024x682.jpg 1024w, https:\/\/laconsultamedica.com.do\/wp-content\/uploads\/2024\/04\/img-20240418-wa00066861810994481329289-300x200.jpg 300w, https:\/\/laconsultamedica.com.do\/wp-content\/uploads\/2024\/04\/img-20240418-wa00066861810994481329289-768x512.jpg 768w, https:\/\/laconsultamedica.com.do\/wp-content\/uploads\/2024\/04\/img-20240418-wa00066861810994481329289-1536x1023.jpg 1536w, https:\/\/laconsultamedica.com.do\/wp-content\/uploads\/2024\/04\/img-20240418-wa00066861810994481329289-750x500.jpg 750w, https:\/\/laconsultamedica.com.do\/wp-content\/uploads\/2024\/04\/img-20240418-wa00066861810994481329289-1140x760.jpg 1140w, https:\/\/laconsultamedica.com.do\/wp-content\/uploads\/2024\/04\/img-20240418-wa00066861810994481329289.jpg 1600w\" sizes=\"(max-width: 1024px) 100vw, 1024px\"><\/figure>\n<p>Result\u00f3 una noche llena de emoci\u00f3n, agradecimiento y honra en la que resultaron galardonados:<\/p>\n<p>Rengl\u00f3n Compromiso Social<br \/>\nFundaci\u00f3n \u00c1ngeles de Cristal<br \/>\nInstituto Contra la Ceguera por Glaucoma (INCOCEGLA)<\/p>\n<p>Rengl\u00f3n Gesti\u00f3n de Servicios de Salud<br \/>\nDoctor Jos\u00e9 Rafael Yun\u00e9n<br \/>\nInstituto Nacional de Diabetes y Nutrici\u00f3n (INDEN)<\/p>\n<p>Rengl\u00f3n Innovaci\u00f3n<br \/>\nDoctor Jos\u00e9 Rafael Yun\u00e9n<\/p>\n<p>Rengl\u00f3n Noveles<br \/>\nDoctora Renata Quintana<br \/>\nRengl\u00f3n Periodismo de Salud<br \/>\nLicenciada Marta Qu\u00e9liz<\/p>\n<p>Rengl\u00f3n Trayectoria<br \/>\nDoctor Jes\u00fas Feris Iglesias<br \/>\nLicenciada Mitsy Nova<br \/>\nSe\u00f1or Rufino Santos Rivera<br \/>\nDoctor Tom\u00e1s Vargas<br \/>\nInstituto Nacional de Diabetes y Nutrici\u00f3n (INDEN)<\/p>\n<p>La celebraci\u00f3n se realiz\u00f3 en Hotel Jaragua y al mismo se dieron cita m\u00e9dicos, autoridades del sector salud, periodistas, empresarios y ejecutivos de diferentes marcas.<\/p>\n<figure class=\"wp-block-image size-large\"><img loading=\"lazy\" class=\"wp-image-13399\" loading=\"lazy\" decoding=\"async\" width=\"1024\" height=\"682\" src=\"https:\/\/laconsultamedica.com.do\/wp-content\/uploads\/2024\/04\/img-20240418-wa00057911819934151657246-1024x682.jpg\" alt=\"\" srcset=\"https:\/\/laconsultamedica.com.do\/wp-content\/uploads\/2024\/04\/img-20240418-wa00057911819934151657246-1024x682.jpg 1024w, https:\/\/laconsultamedica.com.do\/wp-content\/uploads\/2024\/04\/img-20240418-wa00057911819934151657246-300x200.jpg 300w, https:\/\/laconsultamedica.com.do\/wp-content\/uploads\/2024\/04\/img-20240418-wa00057911819934151657246-768x512.jpg 768w, https:\/\/laconsultamedica.com.do\/wp-content\/uploads\/2024\/04\/img-20240418-wa00057911819934151657246-1536x1023.jpg 1536w, https:\/\/laconsultamedica.com.do\/wp-content\/uploads\/2024\/04\/img-20240418-wa00057911819934151657246-750x500.jpg 750w, https:\/\/laconsultamedica.com.do\/wp-content\/uploads\/2024\/04\/img-20240418-wa00057911819934151657246-1140x760.jpg 1140w, https:\/\/laconsultamedica.com.do\/wp-content\/uploads\/2024\/04\/img-20240418-wa00057911819934151657246.jpg 1600w\" sizes=\"(max-width: 1024px) 100vw, 1024px\"><\/figure>\n<p>Este evento ha sido posible gracias al trabajo de un equipo de personas que ha aportado su tiempo y talento con total dedicaci\u00f3n, as\u00ed como a las marcas que han apoyado con su patrocinio.<\/p>\n<p>Sobre Premio Vive Sano<br \/>\nPremio Vive Sano es un proyecto de Elizabet Guti\u00e9rrez, bajo la sombrilla de Vive Sano Web y Revista Vive Sano, propuestas a disposici\u00f3n del p\u00fablico desde 2013, tras una experiencia de m\u00e1s de veintid\u00f3s a\u00f1os de ejercicio como periodista especializada en salud.<\/p>\n<p>Desde el 2017  hace un reconocimiento p\u00fablico al trabajo de personas, empresas y asociaciones que procuran el bienestar integral de la poblaci\u00f3n desde el sector de la salud. Para m\u00e1s informaci\u00f3n @premiovivesano<\/p>\n","protected":false},"excerpt":{"rendered":"<p>Santo Domingo, abril 2024.- La sexta edici\u00f3n del Premio Vive Sano ha tenido lugar con su tradicional cena de gala y celebraci\u00f3n del reconocimiento a diez nuevos galardonados, personas e instituciones, por su contribuci\u00f3n a la sociedad dominicana en el sector Salud. Elizabet Guti\u00e9rrez, periodista y directora del proyecto integral Vive Sano, agradeci\u00f3 a los [&hellip;]<\/p>\n","protected":false},"author":1,"featured_media":5869,"comment_status":"closed","ping_status":"closed","sticky":false,"template":"","format":"standard","meta":{"_eb_attr":"","footnotes":""},"categories":[43],"tags":[],"_links":{"self":[{"href":"https:\/\/informedesalud.com.do\/index.php?rest_route=\/wp\/v2\/posts\/5803"}],"collection":[{"href":"https:\/\/informedesalud.com.do\/index.php?rest_route=\/wp\/v2\/posts"}],"about":[{"href":"https:\/\/informedesalud.com.do\/index.php?rest_route=\/wp\/v2\/types\/post"}],"author":[{"embeddable":true,"href":"https:\/\/informedesalud.com.do\/index.php?rest_route=\/wp\/v2\/users\/1"}],"replies":[{"embeddable":true,"href":"https:\/\/informedesalud.com.do\/index.php?rest_route=%2Fwp%2Fv2%2Fcomments&post=5803"}],"version-history":[{"count":1,"href":"https:\/\/informedesalud.com.do\/index.php?rest_route=\/wp\/v2\/posts\/5803\/revisions"}],"predecessor-version":[{"id":5870,"href":"https:\/\/informedesalud.com.do\/index.php?rest_route=\/wp\/v2\/posts\/5803\/revisions\/5870"}],"wp:featuredmedia":[{"embeddable":true,"href":"https:\/\/informedesalud.com.do\/index.php?rest_route=\/wp\/v2\/media\/5869"}],"wp:attachment":[{"href":"https:\/\/informedesalud.com.do\/index.php?rest_route=%2Fwp%2Fv2%2Fmedia&parent=5803"}],"wp:term":[{"taxonomy":"category","embeddable":true,"href":"https:\/\/informedesalud.com.do\/index.php?rest_route=%2Fwp%2Fv2%2Fcategories&post=5803"},{"taxonomy":"post_tag","embeddable":true,"href":"https:\/\/informedesalud.com.do\/index.php?rest_route=%2Fwp%2Fv2%2Ftags&post=5803"}],"curies":[{"name":"wp","href":"https:\/\/api.w.org\/{rel}","templated":true}]}}