{"id":5801,"date":"2024-04-18T14:12:49","date_gmt":"2024-04-18T12:12:49","guid":{"rendered":"https:\/\/laconsultamedica.com.do\/?p=13427"},"modified":"2024-04-18T14:13:32","modified_gmt":"2024-04-18T12:13:32","slug":"presidente-abinader-afirma-que-republica-dominicana-consolida-su-posicionamiento-como-hub-logistico-de-clase-mundial","status":"publish","type":"post","link":"https:\/\/informedesalud.com.do\/?p=5801","title":{"rendered":"Presidente Abinader afirma que Rep\u00fablica Dominicana consolida su posicionamiento como hub log\u00edstico de clase mundial"},"content":{"rendered":"<p>Santo Domingo. \u2013 El presidente Luis Abinader afirm\u00f3 este mi\u00e9rcoles que la Rep\u00fablica Dominicana consolida su posicionamiento como el hub log\u00edstico de clase mundial, que avanza para convertirse en el principal y m\u00e1s importante a nivel de toda la regi\u00f3n.<\/p>\n<p>Durante la inauguraci\u00f3n de la primera cumbre Dominican Republic Logistics Summit 2024 (DRLS2024), que tiene como lema: \u201cConectando Oportunidades Globales\u201d, el mandatario dijo que la Rep\u00fablica Dominicana goza de una posici\u00f3n geogr\u00e1fica privilegiada y su excelente infraestructura, conectividad y servicios log\u00edsticos, dedicando m\u00e1s de 300 mil metros cuadrados a la log\u00edstica internacional.<\/p>\n<figure class=\"wp-block-image size-large\"><img fetchpriority=\"high\" class=\"wp-image-13422\" fetchpriority=\"high\" decoding=\"async\" width=\"1024\" height=\"683\" src=\"https:\/\/laconsultamedica.com.do\/wp-content\/uploads\/2024\/04\/img-20240418-wa00167163710158938662898-1024x683.jpg\" alt=\"\" srcset=\"https:\/\/laconsultamedica.com.do\/wp-content\/uploads\/2024\/04\/img-20240418-wa00167163710158938662898-1024x683.jpg 1024w, https:\/\/laconsultamedica.com.do\/wp-content\/uploads\/2024\/04\/img-20240418-wa00167163710158938662898-300x200.jpg 300w, https:\/\/laconsultamedica.com.do\/wp-content\/uploads\/2024\/04\/img-20240418-wa00167163710158938662898-768x512.jpg 768w, https:\/\/laconsultamedica.com.do\/wp-content\/uploads\/2024\/04\/img-20240418-wa00167163710158938662898-1536x1025.jpg 1536w, https:\/\/laconsultamedica.com.do\/wp-content\/uploads\/2024\/04\/img-20240418-wa00167163710158938662898-750x500.jpg 750w, https:\/\/laconsultamedica.com.do\/wp-content\/uploads\/2024\/04\/img-20240418-wa00167163710158938662898-1140x760.jpg 1140w, https:\/\/laconsultamedica.com.do\/wp-content\/uploads\/2024\/04\/img-20240418-wa00167163710158938662898.jpg 2000w\" sizes=\"(max-width: 1024px) 100vw, 1024px\"><\/figure>\n<p>En ese sentido, Abinader dijo que la posici\u00f3n geogr\u00e1fica le ha permitido al pa\u00eds captar la atenci\u00f3n de importantes empresas multinacionales, l\u00edneas a\u00e9reas y empresas log\u00edsticas que desde aqu\u00ed desarrollan operaciones competitivas, permiti\u00e9ndonos llegar a m\u00faltiples destinos en distintas partes del mundo.<\/p>\n<p>Al ofrecer su discurso de apertura, el jefe de Estado expres\u00f3 que actualmente la Rep\u00fablica Dominicana se encuentra en un momento hist\u00f3rico de transformaci\u00f3n y oportunidades, el cual se tiene que aprovechar.<\/p>\n<p>En el acto celebrado en el Hotel Embajador en Santo Domingo, el gobernante expuso que la ubicaci\u00f3n geogr\u00e1fica es una ventaja inigualable siendo esta un factor clave para incrementar las exportaciones, ya que una disminuci\u00f3n del 10 % en los costos de transporte podr\u00eda aumentar las exportaciones en un impresionante 30%.<\/p>\n<p>Destac\u00f3 la importancia de la log\u00edstica para la Rep\u00fablica Dominicana, donde apunt\u00f3 que es multifac\u00e9tica y profunda. \u201cLa conectividad global no solo beneficia a nuestros exportadores e importadores, sino que tambi\u00e9n atrae inversiones extranjeras, generando empleo y promoviendo el desarrollo de cl\u00fasteres industriales.\u201d, resalt\u00f3 el presidente Abinader.<\/p>\n<p>Agreg\u00f3: \u201cRep\u00fablica Dominicana sigue posicionado en el top 10 de pa\u00edses en la regi\u00f3n de Am\u00e9rica Latina y el Caribe con mejor desempe\u00f1o en materia de conectividad mar\u00edtima\u201d.<\/p>\n<p>Tambi\u00e9n, indic\u00f3 que el pa\u00eds conecta con m\u00e1s de 55 pa\u00edses y 170 destinos internacionales, gracias a la extensa conectividad a\u00e9rea. \u201cDos de los ocho aeropuertos internacionales que operan en el pa\u00eds, el Aeropuerto Internacional de Las Am\u00e9ricas y el Aeropuerto Internacional de Punta Cana, se han posicionado como importantes centros de distribuci\u00f3n para empresas extranjeras\u201d, expuso.<\/p>\n<p>*Conectividad portuaria*<\/p>\n<p>En cuanto a conectividad portuaria, el presidente Abinader dijo que, gracias a la eficiencia y notable capacidad de los puertos del pa\u00eds, expuso que al cierre de 2023 Rep\u00fablica Dominicana logr\u00f3 un hito importante, movilizando un impresionante volumen de TEUs de carga contenerizada, esto es cerca de 2.3 millones.<\/p>\n<p>A\u00f1adi\u00f3 que este hito evidencia la fortaleza de la fortaleza que cuenta el pa\u00eds a nivel de infraestructura portuaria y la confianza que los actores del comercio internacional han depositado en nuestro pa\u00eds.<\/p>\n<p>*Sector carga a\u00e9rea*<\/p>\n<p>El mandatario asimismo destac\u00f3 tambi\u00e9n el sector de carga a\u00e9rea, donde el a\u00f1o pasado, los aeropuertos del pa\u00eds manejaron un total de 30 millones de kilos de carga a\u00e9rea. Subray\u00f3 que este flujo constante de mercanc\u00edas por v\u00eda a\u00e9rea es testimonio de la agilidad e importante conectividad que caracteriza al sistema log\u00edstico nacional.<\/p>\n<p>\u201cNuestra econom\u00eda ha demostrado un crecimiento sostenido y robusto, con una tasa de crecimiento promedio del PIB de 5.03% durante los \u00faltimos 10 a\u00f1os, superando significativamente el promedio regional de 1.37%.\u201d, sostuvo.<\/p>\n<p>Destac\u00f3 que esta notable actuaci\u00f3n se debe a la implementaci\u00f3n de pol\u00edticas s\u00f3lidas, especialmente por parte del Banco Central, y a la flexibilidad estructural de nuestra econom\u00eda frente a las cambiantes condiciones globales.<\/p>\n<p>De igual manera, expuso que la estabilidad pol\u00edtica es un pilar de la naci\u00f3n, y agreg\u00f3, que la colaboraci\u00f3n entre los sectores p\u00fablico y privado asegura que las condiciones laborales y comerciales del sector log\u00edstico permanezcan estables a corto plazo.<\/p>\n<p>*Pioneros en el mundo en implementaci\u00f3n exitosa del r\u00e9gimen de Zonas Francas*<\/p>\n<p>El gobernante indic\u00f3 que la Rep\u00fablica Dominicana est\u00e1 considerado como uno de los pa\u00edses pioneros en el mundo en implementaci\u00f3n exitosa del r\u00e9gimen de Zonas Francas, registrando m\u00e1s de 830 empresas en operaciones, diseminadas en 88 parques localizados en toda la geograf\u00eda nacional.<\/p>\n<p>Sostuvo que en materia de empleos y exportaciones los resultados tambi\u00e9n son sobresalientes, donde al cierre del a\u00f1o 2023, se registraron m\u00e1s de 198,000 empleos directos, siendo este su nivel m\u00e1s alto en su historia.<\/p>\n<p>Tambi\u00e9n, las exportaciones registraron tambi\u00e9n un hito importante, alcanzando, por primera vez, m\u00e1s de 8 mil millones de d\u00f3lares, siendo esto un equivalente a un crecimiento de 38% en comparaci\u00f3n con el a\u00f1o 2020.<\/p>\n<p>Subray\u00f3 que el esfuerzo y trabajo coordinado entre el sector p\u00fablico y privado han sido claves para lograr el crecimiento y los frutos que evidenciamos hoy en d\u00eda tanto el sector de zonas francas como en el sector log\u00edstico.<\/p>\n<figure class=\"wp-block-image size-large\"><img class=\"wp-image-13423\" decoding=\"async\" width=\"1024\" height=\"683\" src=\"https:\/\/laconsultamedica.com.do\/wp-content\/uploads\/2024\/04\/img-20240418-wa00185240423834343635858-1024x683.jpg\" alt=\"\" srcset=\"https:\/\/laconsultamedica.com.do\/wp-content\/uploads\/2024\/04\/img-20240418-wa00185240423834343635858-1024x683.jpg 1024w, https:\/\/laconsultamedica.com.do\/wp-content\/uploads\/2024\/04\/img-20240418-wa00185240423834343635858-300x200.jpg 300w, https:\/\/laconsultamedica.com.do\/wp-content\/uploads\/2024\/04\/img-20240418-wa00185240423834343635858-768x512.jpg 768w, https:\/\/laconsultamedica.com.do\/wp-content\/uploads\/2024\/04\/img-20240418-wa00185240423834343635858-1536x1025.jpg 1536w, https:\/\/laconsultamedica.com.do\/wp-content\/uploads\/2024\/04\/img-20240418-wa00185240423834343635858-750x500.jpg 750w, https:\/\/laconsultamedica.com.do\/wp-content\/uploads\/2024\/04\/img-20240418-wa00185240423834343635858-1140x760.jpg 1140w, https:\/\/laconsultamedica.com.do\/wp-content\/uploads\/2024\/04\/img-20240418-wa00185240423834343635858.jpg 2000w\" sizes=\"(max-width: 1024px) 100vw, 1024px\"><\/figure>\n<p>*Implementaci\u00f3n y optimizaci\u00f3n de los protocolos de seguridad*<\/p>\n<p>De su lado, el director general de Aduanas, Eduardo Sanz Lovat\u00f3n, resalt\u00f3 el liderazgo del presidente Abinader, que cuando asumi\u00f3 el mando del destino del pa\u00eds encontr\u00f3 un marco jur\u00eddico para regular el comercio internacional que databa del a\u00f1o 1942.<\/p>\n<p>\u201cHoy tenemos una moderna legislaci\u00f3n aduanera, reglamentada, acompa\u00f1ada tambi\u00e9n de una legislaci\u00f3n mar\u00edtima\u201d, destac\u00f3 Lovat\u00f3n.<\/p>\n<p>Dijo que cuando el presidente Abinader asumi\u00f3 el poder en el a\u00f1o 2020 el promedio en el despacho de a trav\u00e9s de las ventanillas \u00fanicas de comercio exterior de nueve d\u00edas, a la fecha, el promedio de despacho de la permisologia que permite agilizar la carga es de dos d\u00edas y seis horas.<\/p>\n<figure class=\"wp-block-image size-large\"><img class=\"wp-image-13424\" decoding=\"async\" width=\"1024\" height=\"683\" src=\"https:\/\/laconsultamedica.com.do\/wp-content\/uploads\/2024\/04\/img-20240418-wa00151623265610703080043-1024x683.jpg\" alt=\"\" srcset=\"https:\/\/laconsultamedica.com.do\/wp-content\/uploads\/2024\/04\/img-20240418-wa00151623265610703080043-1024x683.jpg 1024w, https:\/\/laconsultamedica.com.do\/wp-content\/uploads\/2024\/04\/img-20240418-wa00151623265610703080043-300x200.jpg 300w, https:\/\/laconsultamedica.com.do\/wp-content\/uploads\/2024\/04\/img-20240418-wa00151623265610703080043-768x512.jpg 768w, https:\/\/laconsultamedica.com.do\/wp-content\/uploads\/2024\/04\/img-20240418-wa00151623265610703080043-1536x1025.jpg 1536w, https:\/\/laconsultamedica.com.do\/wp-content\/uploads\/2024\/04\/img-20240418-wa00151623265610703080043-750x500.jpg 750w, https:\/\/laconsultamedica.com.do\/wp-content\/uploads\/2024\/04\/img-20240418-wa00151623265610703080043-1140x760.jpg 1140w, https:\/\/laconsultamedica.com.do\/wp-content\/uploads\/2024\/04\/img-20240418-wa00151623265610703080043.jpg 2000w\" sizes=\"(max-width: 1024px) 100vw, 1024px\"><\/figure>\n<p>El presidente de la Asociaci\u00f3n de Navieros de la Rep\u00fablica Dominicana, Jaak Rannik, destac\u00f3 la estrat\u00e9gica y privilegiada posici\u00f3n geogr\u00e1fica que cuenta el pa\u00eds que se sustenta en una conectividad envidiable con puertos mar\u00edtimos de carga manejando m\u00e1s de 4,000 barcos al a\u00f1o de los cuales destacamos m\u00e1s de 30 salidas semanales conectando directamente a mercados de la regi\u00f3n.<\/p>\n<p>Resalt\u00f3, adem\u00e1s, que el pa\u00eds cuenta con ocho aeropuertos y manejando cerca de 150,000 operaciones a\u00e9reas, conectando con m\u00e1s de 70 pa\u00edses.<\/p>\n<p>La cumbre, organizada por la Asociaci\u00f3n de Navieros de la Rep\u00fablica Dominicana (ANRD), la Direcci\u00f3n General de Aduanas (DGA) y el Comit\u00e9 Nacional de Facilitaci\u00f3n del Comercio (CNFC) cuenta con el apoyo de m\u00e1s de 50 empresas y entidades l\u00edderes y aliadas del sector.<\/p>\n<p>En el marco del DRLS2024 los temas sobre conectividad, innovaci\u00f3n, sostenibilidad, oportunidades log\u00edsticas y nearshoring ser\u00e1n abordados por expertos nacionales e internacionales, mediante una serie de conferencias magistrales y paneles de discusi\u00f3n.<\/p>\n<figure class=\"wp-block-image size-large\"><img loading=\"lazy\" class=\"wp-image-13425\" loading=\"lazy\" decoding=\"async\" width=\"1024\" height=\"683\" src=\"https:\/\/laconsultamedica.com.do\/wp-content\/uploads\/2024\/04\/img-20240418-wa00147122434284564951707-1024x683.jpg\" alt=\"\" srcset=\"https:\/\/laconsultamedica.com.do\/wp-content\/uploads\/2024\/04\/img-20240418-wa00147122434284564951707-1024x683.jpg 1024w, https:\/\/laconsultamedica.com.do\/wp-content\/uploads\/2024\/04\/img-20240418-wa00147122434284564951707-300x200.jpg 300w, https:\/\/laconsultamedica.com.do\/wp-content\/uploads\/2024\/04\/img-20240418-wa00147122434284564951707-768x512.jpg 768w, https:\/\/laconsultamedica.com.do\/wp-content\/uploads\/2024\/04\/img-20240418-wa00147122434284564951707-1536x1025.jpg 1536w, https:\/\/laconsultamedica.com.do\/wp-content\/uploads\/2024\/04\/img-20240418-wa00147122434284564951707-750x500.jpg 750w, https:\/\/laconsultamedica.com.do\/wp-content\/uploads\/2024\/04\/img-20240418-wa00147122434284564951707-1140x760.jpg 1140w, https:\/\/laconsultamedica.com.do\/wp-content\/uploads\/2024\/04\/img-20240418-wa00147122434284564951707.jpg 2000w\" sizes=\"(max-width: 1024px) 100vw, 1024px\"><\/figure>\n<p>Este evento servir\u00e1 como punto central para la creaci\u00f3n de conexiones comerciales a trav\u00e9s de distintas rondas de negocios, as\u00ed como la visita a zonas de actividad log\u00edstica del m\u00e1s alto nivel.<\/p>\n<p>La ubicaci\u00f3n estrat\u00e9gica del pa\u00eds, que favorece una r\u00e1pida conexi\u00f3n que reduce los tiempos de exportaci\u00f3n e importaci\u00f3n hacia y desde Europa, EE. UU., Asia, Centroam\u00e9rica y Sudam\u00e9rica, fue destacada durante la ceremonia, con l\u00edneas de conectividad que se desplegaban desde la Rep\u00fablica Dominicana hacia diversos puntos del mapa global.<\/p>\n<p>Acompa\u00f1aron al presidente Abinader, el presidente del Senado, Ricardo De Los Santos; el presidente de la C\u00e1mara de Diputados, Alfredo Pacheco; el ministro de Industria y Comercio, V\u00edctor -Ito- Bison\u00f3; la embajadora extraordinaria y plenipotenciaria de la Uni\u00f3n Europea ante la Rep\u00fablica Domicana, se\u00f1ora Katja Afheldt; el comandante de la Armada Dominicana de Rep\u00fablica Dominicana, el vicealmirante Agust\u00edn A. Morillo Rodr\u00edguez y el director de INFOTEP, Rafael Santos Badia.<\/p>\n","protected":false},"excerpt":{"rendered":"<p>Santo Domingo. \u2013 El presidente Luis Abinader afirm\u00f3 este mi\u00e9rcoles que la Rep\u00fablica Dominicana consolida su posicionamiento como el hub log\u00edstico de clase mundial, que avanza para convertirse en el principal y m\u00e1s importante a nivel de toda la regi\u00f3n. Durante la inauguraci\u00f3n de la primera cumbre Dominican Republic Logistics Summit 2024 (DRLS2024), que tiene [&hellip;]<\/p>\n","protected":false},"author":1,"featured_media":5873,"comment_status":"closed","ping_status":"closed","sticky":false,"template":"","format":"standard","meta":{"_eb_attr":"","footnotes":""},"categories":[36],"tags":[],"_links":{"self":[{"href":"https:\/\/informedesalud.com.do\/index.php?rest_route=\/wp\/v2\/posts\/5801"}],"collection":[{"href":"https:\/\/informedesalud.com.do\/index.php?rest_route=\/wp\/v2\/posts"}],"about":[{"href":"https:\/\/informedesalud.com.do\/index.php?rest_route=\/wp\/v2\/types\/post"}],"author":[{"embeddable":true,"href":"https:\/\/informedesalud.com.do\/index.php?rest_route=\/wp\/v2\/users\/1"}],"replies":[{"embeddable":true,"href":"https:\/\/informedesalud.com.do\/index.php?rest_route=%2Fwp%2Fv2%2Fcomments&post=5801"}],"version-history":[{"count":1,"href":"https:\/\/informedesalud.com.do\/index.php?rest_route=\/wp\/v2\/posts\/5801\/revisions"}],"predecessor-version":[{"id":5874,"href":"https:\/\/informedesalud.com.do\/index.php?rest_route=\/wp\/v2\/posts\/5801\/revisions\/5874"}],"wp:featuredmedia":[{"embeddable":true,"href":"https:\/\/informedesalud.com.do\/index.php?rest_route=\/wp\/v2\/media\/5873"}],"wp:attachment":[{"href":"https:\/\/informedesalud.com.do\/index.php?rest_route=%2Fwp%2Fv2%2Fmedia&parent=5801"}],"wp:term":[{"taxonomy":"category","embeddable":true,"href":"https:\/\/informedesalud.com.do\/index.php?rest_route=%2Fwp%2Fv2%2Fcategories&post=5801"},{"taxonomy":"post_tag","embeddable":true,"href":"https:\/\/informedesalud.com.do\/index.php?rest_route=%2Fwp%2Fv2%2Ftags&post=5801"}],"curies":[{"name":"wp","href":"https:\/\/api.w.org\/{rel}","templated":true}]}}