{"id":5800,"date":"2024-04-18T13:47:39","date_gmt":"2024-04-18T11:47:39","guid":{"rendered":"https:\/\/laconsultamedica.com.do\/?p=13349"},"modified":"2024-04-18T13:49:31","modified_gmt":"2024-04-18T11:49:31","slug":"director-de-infotep-anuncia-centro-de-capacitacion-para-dominicanos-en-nueva-york","status":"publish","type":"post","link":"https:\/\/informedesalud.com.do\/?p=5800","title":{"rendered":"Director de INFOTEP anuncia centro de capacitaci\u00f3n para dominicanos en Nueva York*"},"content":{"rendered":"<p>NUEVA YORK, EEUU. -El director general del Instituto Nacional de Formaci\u00f3n T\u00e9cnico Profesional (INFOTEP), Rafael Santos Bad\u00eda, anunci\u00f3 aqu\u00ed que la instituci\u00f3n ha iniciado las conversaciones para abrir un centro propio el mismo centro de Nueva York, en el cual se impartir\u00e1n ocho familias profesionales, acci\u00f3n que se enmarca dentro del programa de apoyo a la formaci\u00f3n t\u00e9cnico profesional de los dominicanos residentes en el exterior.<\/p>\n<p>Santos Bad\u00eda dijo que, se impartir\u00e1 capacitaciones en gastronom\u00eda, panader\u00eda, pasteler\u00eda, ingl\u00e9s, tecnolog\u00eda, entre otras tantas y para tales fines se gestiona el apoyo de la ciudad de Nueva York y un acuerdo con el Centro Cristiano Renacer a los fines de funcionar como Centro Operativo del Sistema (COS).<\/p>\n<p>\u201cCon esta iniciativa los dominicanos residentes en Nueva York, ciudad que concentra la mayor cantidad de nuestros compatriotas tendr\u00e1n acceso a capacitaciones, en las cuales obtendr\u00e1n la certificaci\u00f3n que les permitir\u00e1 conseguir la licencia para ejercer trabajos de m\u00e1s calidad y mejor salario en los Estados Unidos\u201d, afirm\u00f3.<\/p>\n<figure class=\"wp-block-image size-large\"><img loading=\"lazy\" class=\"wp-image-13347\" loading=\"lazy\" decoding=\"async\" width=\"1024\" height=\"945\" src=\"https:\/\/laconsultamedica.com.do\/wp-content\/uploads\/2024\/04\/img-20240417-wa00017111980358306501078-1024x945.jpg\" alt=\"\" srcset=\"https:\/\/laconsultamedica.com.do\/wp-content\/uploads\/2024\/04\/img-20240417-wa00017111980358306501078-1024x945.jpg 1024w, https:\/\/laconsultamedica.com.do\/wp-content\/uploads\/2024\/04\/img-20240417-wa00017111980358306501078-300x277.jpg 300w, https:\/\/laconsultamedica.com.do\/wp-content\/uploads\/2024\/04\/img-20240417-wa00017111980358306501078-768x708.jpg 768w, https:\/\/laconsultamedica.com.do\/wp-content\/uploads\/2024\/04\/img-20240417-wa00017111980358306501078-750x692.jpg 750w, https:\/\/laconsultamedica.com.do\/wp-content\/uploads\/2024\/04\/img-20240417-wa00017111980358306501078-1140x1052.jpg 1140w, https:\/\/laconsultamedica.com.do\/wp-content\/uploads\/2024\/04\/img-20240417-wa00017111980358306501078.jpg 1199w\" sizes=\"(max-width: 1024px) 100vw, 1024px\"><\/figure>\n<p>La informaci\u00f3n fue dada a conocer luego de un encuentro con el alcalde de Nueva York Eric Adams, coordinado por el Comisionado de Transporte de esta ciudad, el dominicano Ydanis Rodr\u00edguez.<\/p>\n<p>En la reuni\u00f3n en la que se trataron temas inter\u00e9s bilateral tambi\u00e9n participaron el c\u00f3nsul Eligio Jaques, la sub director general del INFOTEP Maira Morla, Jos\u00e9 Ram\u00f3n Holgu\u00edn Brito. Viceministro de Monitoreo y Coordinaci\u00f3n Gubernamental y Edgar Pimentel.<\/p>\n","protected":false},"excerpt":{"rendered":"<p>NUEVA YORK, EEUU. -El director general del Instituto Nacional de Formaci\u00f3n T\u00e9cnico Profesional (INFOTEP), Rafael Santos Bad\u00eda, anunci\u00f3 aqu\u00ed que la instituci\u00f3n ha iniciado las conversaciones para abrir un centro propio el mismo centro de Nueva York, en el cual se impartir\u00e1n ocho familias profesionales, acci\u00f3n que se enmarca dentro del programa de apoyo a [&hellip;]<\/p>\n","protected":false},"author":1,"featured_media":5815,"comment_status":"closed","ping_status":"closed","sticky":false,"template":"","format":"standard","meta":{"_eb_attr":"","footnotes":""},"categories":[43],"tags":[],"_links":{"self":[{"href":"https:\/\/informedesalud.com.do\/index.php?rest_route=\/wp\/v2\/posts\/5800"}],"collection":[{"href":"https:\/\/informedesalud.com.do\/index.php?rest_route=\/wp\/v2\/posts"}],"about":[{"href":"https:\/\/informedesalud.com.do\/index.php?rest_route=\/wp\/v2\/types\/post"}],"author":[{"embeddable":true,"href":"https:\/\/informedesalud.com.do\/index.php?rest_route=\/wp\/v2\/users\/1"}],"replies":[{"embeddable":true,"href":"https:\/\/informedesalud.com.do\/index.php?rest_route=%2Fwp%2Fv2%2Fcomments&post=5800"}],"version-history":[{"count":1,"href":"https:\/\/informedesalud.com.do\/index.php?rest_route=\/wp\/v2\/posts\/5800\/revisions"}],"predecessor-version":[{"id":5812,"href":"https:\/\/informedesalud.com.do\/index.php?rest_route=\/wp\/v2\/posts\/5800\/revisions\/5812"}],"wp:featuredmedia":[{"embeddable":true,"href":"https:\/\/informedesalud.com.do\/index.php?rest_route=\/wp\/v2\/media\/5815"}],"wp:attachment":[{"href":"https:\/\/informedesalud.com.do\/index.php?rest_route=%2Fwp%2Fv2%2Fmedia&parent=5800"}],"wp:term":[{"taxonomy":"category","embeddable":true,"href":"https:\/\/informedesalud.com.do\/index.php?rest_route=%2Fwp%2Fv2%2Fcategories&post=5800"},{"taxonomy":"post_tag","embeddable":true,"href":"https:\/\/informedesalud.com.do\/index.php?rest_route=%2Fwp%2Fv2%2Ftags&post=5800"}],"curies":[{"name":"wp","href":"https:\/\/api.w.org\/{rel}","templated":true}]}}