{"id":5799,"date":"2024-04-17T08:38:06","date_gmt":"2024-04-17T06:38:06","guid":{"rendered":"https:\/\/laconsultamedica.com.do\/?p=13354"},"modified":"2024-04-18T13:49:07","modified_gmt":"2024-04-18T11:49:07","slug":"amadita-laboratorio-clinico-imparte-conferencia-que-hay-de-nuevo-en-la-tuberculosis-infantil","status":"publish","type":"post","link":"https:\/\/informedesalud.com.do\/?p=5799","title":{"rendered":"Amadita Laboratorio Cl\u00ednico imparte conferencia \u00bfQu\u00e9 hay de nuevo en la Tuberculosis Infantil?"},"content":{"rendered":"<p>SANTO DOMINGO, RD\/ REDACCION DE SALUD.-La Tuberculosis es una enfermedad infecciosa causada por la bacteria Mycobacterium que se transmite por la v\u00eda a\u00e9rea.&nbsp; Aunque es curable, sigue siendo una carga significativa para la salud global y un gran reto en salud p\u00fablica.<\/p>\n<p>Tomando en cuenta esta realidad, Amadita Laboratorio Cl\u00ednico imparti\u00f3 una conferencia para abordar las novedades en la Tuberculosis Infantil y los avances en la detecci\u00f3n de esta enfermedad.&nbsp; Contaron con la participaci\u00f3n del doctor \u00c1lvaro Matos, Neum\u00f3logo Pediatra, encargado del \u00c1rea TB HIRRC; y Chrystiam Sorondo, bioanalista egresado de la Universidad Central de Venezuela y Encargado del Departamento de Microbiolog\u00eda de Amadita Laboratorio Cl\u00ednico.<\/p>\n<p>Kismet Madera, Directora Comercial de Amadita Laboratorio Cl\u00ednico al pronunciar las palabras de bienvenida, destac\u00f3 que el objetivo de la empresa es ser un ente activo en los avances de la lucha contra esta enfermedad.<\/p>\n<figure class=\"wp-block-image size-large\"><img loading=\"lazy\" loading=\"lazy\" decoding=\"async\" width=\"1024\" height=\"683\" src=\"https:\/\/laconsultamedica.com.do\/wp-content\/uploads\/2024\/04\/65946815322269273061606893-1024x683.jpeg\" alt=\"\" class=\"wp-image-13351\" srcset=\"https:\/\/laconsultamedica.com.do\/wp-content\/uploads\/2024\/04\/65946815322269273061606893-1024x683.jpeg 1024w, https:\/\/laconsultamedica.com.do\/wp-content\/uploads\/2024\/04\/65946815322269273061606893-300x200.jpeg 300w, https:\/\/laconsultamedica.com.do\/wp-content\/uploads\/2024\/04\/65946815322269273061606893-768x512.jpeg 768w, https:\/\/laconsultamedica.com.do\/wp-content\/uploads\/2024\/04\/65946815322269273061606893-750x500.jpeg 750w, https:\/\/laconsultamedica.com.do\/wp-content\/uploads\/2024\/04\/65946815322269273061606893-1140x760.jpeg 1140w, https:\/\/laconsultamedica.com.do\/wp-content\/uploads\/2024\/04\/65946815322269273061606893.jpeg 1200w\" sizes=\"(max-width: 1024px) 100vw, 1024px\" \/><\/figure>\n<p>\u201cNuestro inter\u00e9s es que, en este espacio de aprendizaje colaborativo, los profesionales de la salud puedan compartir conocimientos, experiencias y sus perspectivas para impulsar a\u00fan m\u00e1s el progreso en este campo crucial de la medicina. Es un privilegio contribuir a la organizaci\u00f3n de estos foros, donde nuestros invitados, representan un pilar cr\u00edtico en el alcance de las metas\u201d, destac\u00f3 Madera.<\/p>\n<p>Los especialistas \u00c1lvaro Matos y Chrystiam Sorondo, quienes abordaron los temas \u00bfQu\u00e9 hay de nuevo en la TB Infantil?, y \u201cAvances en la Detecci\u00f3n de Tuberculosis Pulmonar\u201d afirmaron que la detecci\u00f3n temprana de esta enfermedad en la poblaci\u00f3n infantil es fundamental para mitigar su impacto y garantizar un tratamiento eficaz.<\/p>\n<p>Durante la conferencia, se dio a conocer el desarrollo y metodolog\u00edas innovadoras que han revolucionado la forma en que actualmente identifican y abordan la Tuberculosis; desde m\u00e9todos diagn\u00f3sticos m\u00e1s precisos, hasta enfoques terap\u00e9uticos m\u00e1s efectivos.<\/p>\n<p>Kismet Madera refiri\u00f3 que en Amadita Laboratorio Cl\u00ednico \u201cdisponemos de dos pruebas, mediante la t\u00e9cnica PCR en tiempo real anidada, para la determinaci\u00f3n oportuna y segura\u201d.<\/p>\n<p>La conferencia cont\u00f3 con la moderaci\u00f3n de la doctora Ruth de la Cruz, Neum\u00f3loga Pediatra y Presidenta del C\u00edrculo de Egresados Neumolog\u00eda Pedi\u00e1trica HIRRC. <\/p>\n<p>Al final, los participantes abordaron una sesi\u00f3n de preguntas y respuestas en torno a los avances de la detecci\u00f3n y tratamiento de la Tuberculosis.<\/p>\n<figure class=\"wp-block-image size-large\"><img loading=\"lazy\" loading=\"lazy\" decoding=\"async\" width=\"1024\" height=\"683\" src=\"https:\/\/laconsultamedica.com.do\/wp-content\/uploads\/2024\/04\/65946823234851861879043298-1024x683.jpeg\" alt=\"\" class=\"wp-image-13352\" srcset=\"https:\/\/laconsultamedica.com.do\/wp-content\/uploads\/2024\/04\/65946823234851861879043298-1024x683.jpeg 1024w, https:\/\/laconsultamedica.com.do\/wp-content\/uploads\/2024\/04\/65946823234851861879043298-300x200.jpeg 300w, https:\/\/laconsultamedica.com.do\/wp-content\/uploads\/2024\/04\/65946823234851861879043298-768x512.jpeg 768w, https:\/\/laconsultamedica.com.do\/wp-content\/uploads\/2024\/04\/65946823234851861879043298-750x500.jpeg 750w, https:\/\/laconsultamedica.com.do\/wp-content\/uploads\/2024\/04\/65946823234851861879043298-1140x760.jpeg 1140w, https:\/\/laconsultamedica.com.do\/wp-content\/uploads\/2024\/04\/65946823234851861879043298.jpeg 1200w\" sizes=\"(max-width: 1024px) 100vw, 1024px\" \/><\/figure>\n<p>Datos:<\/p>\n<p>En Amadita Laboratorio Cl\u00ednico disponemos de dos pruebas, mediante t\u00e9cnica de PCR en tiempo real anidada, para la determinaci\u00f3n segura y oportuna de esta enfermedad:<\/p>\n<p>Mycobacterium tuberculosis por PCR: para la detecci\u00f3n simultanea del ADN del complejo de Mycobacterium tuberculosis (MTB) y la sensibilidad al medicamento de primera l\u00ednea: Rifampicina.<br \/>Tuberculosis XDR o Tuberculosis multiresistente: es capaz de detectar el ADN Bacilo de koch y las mutaciones asociadas a resistencia a isoniazida (INH), fluoroquinolonas (FLQ), f\u00e1rmacos inyectables de segunda l\u00ednea (second-line inyectables drug, SLID) (amikacina, kanamicina, capreomicina) y etionamida (ETH) en una sola prueba.<br \/>Muestras: Esputo, lavado broncoalveolar o l\u00edquido Pleural Tomados y transportados en un envase est\u00e9ril de boca ancha.<\/p>\n<p>Acerca de Amadita Laboratorio Cl\u00ednico<\/p>\n<p>Fundado en el 1959 por Amada Pittaluga de Gonz\u00e1lez. Cuenta con m\u00e1s de 54 sucursales ubicadas estrat\u00e9gicamente en la Rep\u00fablica Dominicana, las cuales disponen de facilidades como: turno preferencial, Experiencia Superkids (\u00e1rea de espera y atenci\u00f3n especial para ni\u00f1os), servicio de toma de muestra a domicilio, Wi-fi, Kiosko de Resultados, solicitud y pago de anal\u00edticas de manera anticipada, WiFi y consulta de resultados en l\u00ednea y sus canales Amadita que operan 24 horas: App Amadita, WhatsApp y Call Center.<\/p>\n<p>Por su certificaci\u00f3n de calidad ISO 9001, y su acreditaci\u00f3n ISO 15189, Amadita Laboratorio Cl\u00ednico es monitoreado constantemente por organismos internacionales para validaci\u00f3n del cumplimiento de los procesos, asegurando as\u00ed resultados cl\u00ednicamente confiables. Con cada acci\u00f3n e innovaci\u00f3n, se afianzan el compromiso de ser un socio integral del bienestar y la salud para las personas.<\/p>\n<p>Para m\u00e1s informaci\u00f3n puede seguir sus redes @amaditalab y descargar la App Amadita para acceder a sus servicios de manera no presencial.<\/p>\n<p>La entrada <a href=\"https:\/\/laconsultamedica.com.do\/amadita-laboratorio-clinico-imparte-conferencia-que-hay-de-nuevo-en-la-tuberculosis-infantil\/\">Amadita Laboratorio Cl\u00ednico imparte conferencia \u00bfQu\u00e9 hay de nuevo en la Tuberculosis Infantil?<\/a> se public\u00f3 primero en <a href=\"https:\/\/laconsultamedica.com.do\">La Consulta Medica<\/a>.<\/p>\n","protected":false},"excerpt":{"rendered":"<p>SANTO DOMINGO, RD\/ REDACCION DE SALUD.-La Tuberculosis es una enfermedad infecciosa causada por la bacteria Mycobacterium que se transmite por la v\u00eda a\u00e9rea.&nbsp; Aunque es curable, sigue siendo una carga significativa para la salud global y un gran reto en salud p\u00fablica. Tomando en cuenta esta realidad, Amadita Laboratorio Cl\u00ednico imparti\u00f3 una conferencia para abordar [&hellip;]<\/p>\n","protected":false},"author":1,"featured_media":5813,"comment_status":"closed","ping_status":"closed","sticky":false,"template":"","format":"standard","meta":{"_eb_attr":"","footnotes":""},"categories":[43],"tags":[],"_links":{"self":[{"href":"https:\/\/informedesalud.com.do\/index.php?rest_route=\/wp\/v2\/posts\/5799"}],"collection":[{"href":"https:\/\/informedesalud.com.do\/index.php?rest_route=\/wp\/v2\/posts"}],"about":[{"href":"https:\/\/informedesalud.com.do\/index.php?rest_route=\/wp\/v2\/types\/post"}],"author":[{"embeddable":true,"href":"https:\/\/informedesalud.com.do\/index.php?rest_route=\/wp\/v2\/users\/1"}],"replies":[{"embeddable":true,"href":"https:\/\/informedesalud.com.do\/index.php?rest_route=%2Fwp%2Fv2%2Fcomments&post=5799"}],"version-history":[{"count":1,"href":"https:\/\/informedesalud.com.do\/index.php?rest_route=\/wp\/v2\/posts\/5799\/revisions"}],"predecessor-version":[{"id":5814,"href":"https:\/\/informedesalud.com.do\/index.php?rest_route=\/wp\/v2\/posts\/5799\/revisions\/5814"}],"wp:featuredmedia":[{"embeddable":true,"href":"https:\/\/informedesalud.com.do\/index.php?rest_route=\/wp\/v2\/media\/5813"}],"wp:attachment":[{"href":"https:\/\/informedesalud.com.do\/index.php?rest_route=%2Fwp%2Fv2%2Fmedia&parent=5799"}],"wp:term":[{"taxonomy":"category","embeddable":true,"href":"https:\/\/informedesalud.com.do\/index.php?rest_route=%2Fwp%2Fv2%2Fcategories&post=5799"},{"taxonomy":"post_tag","embeddable":true,"href":"https:\/\/informedesalud.com.do\/index.php?rest_route=%2Fwp%2Fv2%2Ftags&post=5799"}],"curies":[{"name":"wp","href":"https:\/\/api.w.org\/{rel}","templated":true}]}}