{"id":5793,"date":"2024-04-18T13:55:03","date_gmt":"2024-04-18T11:55:03","guid":{"rendered":"https:\/\/laconsultamedica.com.do\/?p=13363"},"modified":"2024-04-18T13:55:29","modified_gmt":"2024-04-18T11:55:29","slug":"estudiantes-diseno-industrial-de-intec-presentan-propuestas-para-proyecto-madres-solidarias-2025-del-grupo-humano","status":"publish","type":"post","link":"https:\/\/informedesalud.com.do\/?p=5793","title":{"rendered":"Estudiantes Dise\u00f1o Industrial de INTEC presentan propuestas para proyecto Madres Solidarias 2025 del Grupo Humano"},"content":{"rendered":"<p>SANTO DOMINGO.- Estudiantes de *Dise\u00f1o Industrial* del *Instituto Tecnol\u00f3gico de Santo Domingo* (INTEC) crearon conceptos de productos para el proyecto *Madres Solidarias 2025*, una iniciativa del *Grupo Humano* en la que venden joyer\u00eda y el 100% de los fondos recaudados van destinados a fundaciones apoyadas, entre ellas Heart Care, St. Jude, Nido para \u00c1ngeles, Aprendiendo a Vivir, Luz y Esperanza por el Autismo, World Vision, Amigos por el S\u00edndrome de Down, Nuestros Peque\u00f1os Hermanos, y la Fundaci\u00f3n Ind\u00f3mita.<\/p>\n<p>Los conceptos fueron desarrollados como proyecto clave de la asignatura *Dise\u00f1o de Experiencia*, impartida por el docente *Juan Carlos Fan\u00e9s*, en la que crearon propuestas de productos a ofertarse a trav\u00e9s de la iniciativa.<\/p>\n<p>\u201cLas presentaciones de los estudiantes ante los representantes de Grupo Humano fueron exitosas y bien recibidas. En cuanto a los resultados de la evaluaci\u00f3n, todos los equipos sobresalieron por su creatividad y compromiso\u201d, fueron las palabras de Fan\u00e9s al referirse a las presentaciones de sus alumnos en la clase, a la que asistieron representantes del \u00c1rea de Mercadeo y Comunicaciones de Grupo Humano.<\/p>\n<figure class=\"wp-block-image size-large\"><img loading=\"lazy\" class=\"wp-image-13361\" loading=\"lazy\" decoding=\"async\" width=\"1024\" height=\"682\" src=\"https:\/\/laconsultamedica.com.do\/wp-content\/uploads\/2024\/04\/img-20240417-wa00028915845820512331477-1024x682.jpg\" alt=\"\" srcset=\"https:\/\/laconsultamedica.com.do\/wp-content\/uploads\/2024\/04\/img-20240417-wa00028915845820512331477-1024x682.jpg 1024w, https:\/\/laconsultamedica.com.do\/wp-content\/uploads\/2024\/04\/img-20240417-wa00028915845820512331477-300x200.jpg 300w, https:\/\/laconsultamedica.com.do\/wp-content\/uploads\/2024\/04\/img-20240417-wa00028915845820512331477-768x512.jpg 768w, https:\/\/laconsultamedica.com.do\/wp-content\/uploads\/2024\/04\/img-20240417-wa00028915845820512331477-1536x1023.jpg 1536w, https:\/\/laconsultamedica.com.do\/wp-content\/uploads\/2024\/04\/img-20240417-wa00028915845820512331477-750x500.jpg 750w, https:\/\/laconsultamedica.com.do\/wp-content\/uploads\/2024\/04\/img-20240417-wa00028915845820512331477-1140x760.jpg 1140w, https:\/\/laconsultamedica.com.do\/wp-content\/uploads\/2024\/04\/img-20240417-wa00028915845820512331477.jpg 1600w\" sizes=\"(max-width: 1024px) 100vw, 1024px\"><\/figure>\n<p>Entre los asistentes estuvieron Patricia Luna, directora de Comunicaci\u00f3n y Desarrollo de Mercado; Cynthia Modesto, gerente senior de Relaciones P\u00fablicas y Sostenibilidad; Albania P\u00e9rez, gerente Senior de Comunicaciones; Juan Alfredo De la Cruz, director de Relaciones Institucionales; Angelissa M\u00e1rmol, Coordinadora de Medios Digitales, y Lusbania Santos, Coordinadora de Relaciones P\u00fablicas y Sostenibilidad.<\/p>\n<p>La presentaci\u00f3n de propuestas presentadas por los estudiantes inici\u00f3 con *\u201cTocando peque\u00f1os corazones\u201d*, \u201cprendas que no solo visten, sino que tambi\u00e9n abrazan\u201d. Se trata de un bolso compuesto por un llavero en molde ba\u00f1ado en oro, cuyo concepto es \u201ccrear la conexi\u00f3n entre madres e hijos, un v\u00ednculo inquebrantable que se nutre de cari\u00f1o, protecci\u00f3n y complicidad. Adem\u00e1s, convertir la colecci\u00f3n en recuerdos tangibles de un amor que se expande y se transforma a lo largo del tiempo\u201d, as\u00ed lo explicaron Triana Roa, Daniela Bonilla y Carlos Rodr\u00edguez.<\/p>\n<figure class=\"wp-block-image size-large\"><img loading=\"lazy\" class=\"wp-image-13359\" loading=\"lazy\" decoding=\"async\" width=\"1024\" height=\"682\" src=\"https:\/\/laconsultamedica.com.do\/wp-content\/uploads\/2024\/04\/img-20240417-wa00042454978294690778864-1024x682.jpg\" alt=\"\" srcset=\"https:\/\/laconsultamedica.com.do\/wp-content\/uploads\/2024\/04\/img-20240417-wa00042454978294690778864-1024x682.jpg 1024w, https:\/\/laconsultamedica.com.do\/wp-content\/uploads\/2024\/04\/img-20240417-wa00042454978294690778864-300x200.jpg 300w, https:\/\/laconsultamedica.com.do\/wp-content\/uploads\/2024\/04\/img-20240417-wa00042454978294690778864-768x512.jpg 768w, https:\/\/laconsultamedica.com.do\/wp-content\/uploads\/2024\/04\/img-20240417-wa00042454978294690778864-1536x1023.jpg 1536w, https:\/\/laconsultamedica.com.do\/wp-content\/uploads\/2024\/04\/img-20240417-wa00042454978294690778864-750x500.jpg 750w, https:\/\/laconsultamedica.com.do\/wp-content\/uploads\/2024\/04\/img-20240417-wa00042454978294690778864-1140x760.jpg 1140w, https:\/\/laconsultamedica.com.do\/wp-content\/uploads\/2024\/04\/img-20240417-wa00042454978294690778864.jpg 1600w\" sizes=\"(max-width: 1024px) 100vw, 1024px\"><\/figure>\n<p>*\u201cJard\u00edn Solidario: Flores de Compasi\u00f3n en el Caribe\u201d* se fundamenta en transmitir significados, valores y conciencia social. Una propuesta de pulsas y collares ba\u00f1ados de oro. Mencionaba Ivonne Lora que \u201cCada flor, con su belleza y significado \u00fanicos, simboliza el compromiso de la empresa con la solidaridad y el bienestar de la comunidad dominicana\u201d.<\/p>\n<p>*\u201cLazos eternos\u201d* es una propuesta de joyas que simbolizan el amor y uni\u00f3n entre madres e hijas. Con un concepto atemporal y alegre, \u201ctenemos un producto que lleva un significado emocional, no solo se trata de vender la joya, sino que conectamos con el p\u00fablico de madres; adem\u00e1s, nuestro potencial se respalda con la demanda creciente por las joyas con significado personal\u201d, explicaron Leslie Japa, Lauren Contreras y Cristal Nardi.<\/p>\n<p>*\u201cAlegr\u00eda encapsulada\u201d*, presentado por Ileana Feliz, fusiona la gracia de las flores simbolizando la maternidad con colores vivos que representan la alegr\u00eda y vitalidad de los ni\u00f1os, en una preciosa pieza ba\u00f1ada en oro. Mientras que el concepto *\u201cSistema Solar Humano\u201d*, por Carlos Brito y Rodrigo Sierra, reflejan la interdependencia, conexi\u00f3n y galaxias a partir de una est\u00e9tica elegante y atemporal.<\/p>\n<figure class=\"wp-block-image size-large\"><img loading=\"lazy\" class=\"wp-image-13360\" loading=\"lazy\" decoding=\"async\" width=\"1024\" height=\"682\" src=\"https:\/\/laconsultamedica.com.do\/wp-content\/uploads\/2024\/04\/img-20240417-wa00036293268795656572750-1024x682.jpg\" alt=\"\" srcset=\"https:\/\/laconsultamedica.com.do\/wp-content\/uploads\/2024\/04\/img-20240417-wa00036293268795656572750-1024x682.jpg 1024w, https:\/\/laconsultamedica.com.do\/wp-content\/uploads\/2024\/04\/img-20240417-wa00036293268795656572750-300x200.jpg 300w, https:\/\/laconsultamedica.com.do\/wp-content\/uploads\/2024\/04\/img-20240417-wa00036293268795656572750-768x512.jpg 768w, https:\/\/laconsultamedica.com.do\/wp-content\/uploads\/2024\/04\/img-20240417-wa00036293268795656572750-1536x1023.jpg 1536w, https:\/\/laconsultamedica.com.do\/wp-content\/uploads\/2024\/04\/img-20240417-wa00036293268795656572750-750x500.jpg 750w, https:\/\/laconsultamedica.com.do\/wp-content\/uploads\/2024\/04\/img-20240417-wa00036293268795656572750-1140x760.jpg 1140w, https:\/\/laconsultamedica.com.do\/wp-content\/uploads\/2024\/04\/img-20240417-wa00036293268795656572750.jpg 1600w\" sizes=\"(max-width: 1024px) 100vw, 1024px\"><\/figure>\n<p>*\u201cGuardiana de coraz\u00f3n\u201d*, creado por Bryan N\u00fa\u00f1ez y Edward De La Cruz, se distingue su elegancia y su capacidad para evocar sentimientos de amor y cuidado con dijes en forma de tortuga. En el caso de \u201cOla de Luz\u201d, \u201cQueremos crear una experiencia de identificaci\u00f3n personal con el producto. El abrazo de una madre, y la luz a trav\u00e9s de una ola, son experiencias que muchos podemos sentir, vivir y gozar\u201d, as\u00ed lo indicaron John Kent e Ivanna P\u00e9rez.<\/p>\n","protected":false},"excerpt":{"rendered":"<p>SANTO DOMINGO.- Estudiantes de *Dise\u00f1o Industrial* del *Instituto Tecnol\u00f3gico de Santo Domingo* (INTEC) crearon conceptos de productos para el proyecto *Madres Solidarias 2025*, una iniciativa del *Grupo Humano* en la que venden joyer\u00eda y el 100% de los fondos recaudados van destinados a fundaciones apoyadas, entre ellas Heart Care, St. Jude, Nido para \u00c1ngeles, Aprendiendo [&hellip;]<\/p>\n","protected":false},"author":1,"featured_media":5827,"comment_status":"closed","ping_status":"closed","sticky":false,"template":"","format":"standard","meta":{"_eb_attr":"","footnotes":""},"categories":[43],"tags":[],"_links":{"self":[{"href":"https:\/\/informedesalud.com.do\/index.php?rest_route=\/wp\/v2\/posts\/5793"}],"collection":[{"href":"https:\/\/informedesalud.com.do\/index.php?rest_route=\/wp\/v2\/posts"}],"about":[{"href":"https:\/\/informedesalud.com.do\/index.php?rest_route=\/wp\/v2\/types\/post"}],"author":[{"embeddable":true,"href":"https:\/\/informedesalud.com.do\/index.php?rest_route=\/wp\/v2\/users\/1"}],"replies":[{"embeddable":true,"href":"https:\/\/informedesalud.com.do\/index.php?rest_route=%2Fwp%2Fv2%2Fcomments&post=5793"}],"version-history":[{"count":1,"href":"https:\/\/informedesalud.com.do\/index.php?rest_route=\/wp\/v2\/posts\/5793\/revisions"}],"predecessor-version":[{"id":5828,"href":"https:\/\/informedesalud.com.do\/index.php?rest_route=\/wp\/v2\/posts\/5793\/revisions\/5828"}],"wp:featuredmedia":[{"embeddable":true,"href":"https:\/\/informedesalud.com.do\/index.php?rest_route=\/wp\/v2\/media\/5827"}],"wp:attachment":[{"href":"https:\/\/informedesalud.com.do\/index.php?rest_route=%2Fwp%2Fv2%2Fmedia&parent=5793"}],"wp:term":[{"taxonomy":"category","embeddable":true,"href":"https:\/\/informedesalud.com.do\/index.php?rest_route=%2Fwp%2Fv2%2Fcategories&post=5793"},{"taxonomy":"post_tag","embeddable":true,"href":"https:\/\/informedesalud.com.do\/index.php?rest_route=%2Fwp%2Fv2%2Ftags&post=5793"}],"curies":[{"name":"wp","href":"https:\/\/api.w.org\/{rel}","templated":true}]}}