{"id":5792,"date":"2024-04-18T13:55:42","date_gmt":"2024-04-18T11:55:42","guid":{"rendered":"https:\/\/laconsultamedica.com.do\/?p=13374"},"modified":"2024-04-18T13:56:12","modified_gmt":"2024-04-18T11:56:12","slug":"idoppril-y-fundacion-yo-tambien-puedo-realizan-acuerdo-de-cooperacion-en-favor-de-familias","status":"publish","type":"post","link":"https:\/\/informedesalud.com.do\/?p=5792","title":{"rendered":"IDOPPRIL y Fundaci\u00f3n Yo Tambi\u00e9n Puedo realizan acuerdo de cooperaci\u00f3n en favor de familias"},"content":{"rendered":"<p>Santo Domingo. \u2013 El Instituto Dominicano de Prevenci\u00f3n y Protecci\u00f3n de Riesgos laborales (IDOPPRIL) y la Fundaci\u00f3n Yo Tambi\u00e9n Puedo suscribieron un convenio de colaboraci\u00f3n a beneficio de los hijos de empleados de la entidad estatal con espectro autista o s\u00edndrome de Down.<\/p>\n<p>El acuerdo fue firmado por el director ejecutivo de la instituci\u00f3n, doctor Fausto L\u00f3pez Sol\u00eds, y la presidenta de la referida fundaci\u00f3n, Mar\u00eda Esperanza Hach\u00e9.<\/p>\n<figure class=\"wp-block-image size-large\"><img fetchpriority=\"high\" class=\"wp-image-13372\" decoding=\"async\" width=\"1024\" height=\"576\" src=\"https:\/\/laconsultamedica.com.do\/wp-content\/uploads\/2024\/04\/idoppril-y-fundacion-yo-tambien-puedo2989480062510919585-1024x576.jpg\" alt=\"\" srcset=\"https:\/\/laconsultamedica.com.do\/wp-content\/uploads\/2024\/04\/idoppril-y-fundacion-yo-tambien-puedo2989480062510919585-1024x576.jpg 1024w, https:\/\/laconsultamedica.com.do\/wp-content\/uploads\/2024\/04\/idoppril-y-fundacion-yo-tambien-puedo2989480062510919585-300x169.jpg 300w, https:\/\/laconsultamedica.com.do\/wp-content\/uploads\/2024\/04\/idoppril-y-fundacion-yo-tambien-puedo2989480062510919585-768x432.jpg 768w, https:\/\/laconsultamedica.com.do\/wp-content\/uploads\/2024\/04\/idoppril-y-fundacion-yo-tambien-puedo2989480062510919585-1536x864.jpg 1536w, https:\/\/laconsultamedica.com.do\/wp-content\/uploads\/2024\/04\/idoppril-y-fundacion-yo-tambien-puedo2989480062510919585-750x422.jpg 750w, https:\/\/laconsultamedica.com.do\/wp-content\/uploads\/2024\/04\/idoppril-y-fundacion-yo-tambien-puedo2989480062510919585-1140x641.jpg 1140w, https:\/\/laconsultamedica.com.do\/wp-content\/uploads\/2024\/04\/idoppril-y-fundacion-yo-tambien-puedo2989480062510919585.jpg 2000w\" sizes=\"(max-width: 1024px) 100vw, 1024px\"><\/figure>\n<p>El funcionario explic\u00f3 que \u201cel IDOPPRIL est\u00e1 comprometido con el bienestar y la protecci\u00f3n de la salud de sus colaboradores\u201d. Asimismo, \u201ccon el fomento de iniciativas que promuevan la inclusi\u00f3n y el bienestar de personas con dicha situaci\u00f3n\u201d.<\/p>\n<p>Detall\u00f3 que, mediante este pacto, buscan ayudar a ni\u00f1os de sus empleados, con autismo o s\u00edndrome de Down, a participar en los programas que ofrece Yo Tambi\u00e9n Puedo. Esto, con el prop\u00f3sito de servirles de canal para la integraci\u00f3n y desarrollo de sus destrezas, con igualdad de oportunidades.<\/p>\n<figure class=\"wp-block-image size-large\"><img loading=\"lazy\" class=\"wp-image-13373\" loading=\"lazy\" decoding=\"async\" width=\"1024\" height=\"576\" src=\"https:\/\/laconsultamedica.com.do\/wp-content\/uploads\/2024\/04\/idoppril-y-fundacion-yo-tambien-puedo-16215067964934521709-1024x576.jpg\" alt=\"\" srcset=\"https:\/\/laconsultamedica.com.do\/wp-content\/uploads\/2024\/04\/idoppril-y-fundacion-yo-tambien-puedo-16215067964934521709-1024x576.jpg 1024w, https:\/\/laconsultamedica.com.do\/wp-content\/uploads\/2024\/04\/idoppril-y-fundacion-yo-tambien-puedo-16215067964934521709-300x169.jpg 300w, https:\/\/laconsultamedica.com.do\/wp-content\/uploads\/2024\/04\/idoppril-y-fundacion-yo-tambien-puedo-16215067964934521709-768x432.jpg 768w, https:\/\/laconsultamedica.com.do\/wp-content\/uploads\/2024\/04\/idoppril-y-fundacion-yo-tambien-puedo-16215067964934521709-1536x864.jpg 1536w, https:\/\/laconsultamedica.com.do\/wp-content\/uploads\/2024\/04\/idoppril-y-fundacion-yo-tambien-puedo-16215067964934521709-750x422.jpg 750w, https:\/\/laconsultamedica.com.do\/wp-content\/uploads\/2024\/04\/idoppril-y-fundacion-yo-tambien-puedo-16215067964934521709-1140x641.jpg 1140w, https:\/\/laconsultamedica.com.do\/wp-content\/uploads\/2024\/04\/idoppril-y-fundacion-yo-tambien-puedo-16215067964934521709.jpg 2000w\" sizes=\"(max-width: 1024px) 100vw, 1024px\"><\/figure>\n<p>Mediante el acuerdo, la organizaci\u00f3n p\u00fablica suma su apoyo al Club de Integraci\u00f3n, un programa dedicado a llevar a la sociedad a ser parte de una causa de manera activa y vivencial. Con este, se favorecen la educaci\u00f3n, salud y el bienestar de las familias en dicha fundaci\u00f3n.<\/p>\n<p>Al firmar el convenio, en la sede central del IDOPPRIL, indicaron que la cooperaci\u00f3n se materializar\u00e1 con el patrocinio del Programa de Desarrollo Integral (PDI). Este busca formar y capacitar a las personas a trav\u00e9s de las artes, desarrollo cognitivo, estimulaci\u00f3n sensorial, teatro, m\u00fasica, danza y ciencias. Incluye tambi\u00e9n etiqueta y protocolo, cocina, as\u00ed como educaci\u00f3n f\u00edsica, sexual y financiera.<\/p>\n<p>Durante la r\u00fabrica, L\u00f3pez Sol\u00eds se hizo acompa\u00f1ar de funcionarios y colaboradores de distintas \u00e1reas del IDOPPRIL<\/p>\n","protected":false},"excerpt":{"rendered":"<p>Santo Domingo. \u2013 El Instituto Dominicano de Prevenci\u00f3n y Protecci\u00f3n de Riesgos laborales (IDOPPRIL) y la Fundaci\u00f3n Yo Tambi\u00e9n Puedo suscribieron un convenio de colaboraci\u00f3n a beneficio de los hijos de empleados de la entidad estatal con espectro autista o s\u00edndrome de Down. El acuerdo fue firmado por el director ejecutivo de la instituci\u00f3n, doctor [&hellip;]<\/p>\n","protected":false},"author":1,"featured_media":5829,"comment_status":"closed","ping_status":"closed","sticky":false,"template":"","format":"standard","meta":{"_eb_attr":"","footnotes":""},"categories":[41],"tags":[],"_links":{"self":[{"href":"https:\/\/informedesalud.com.do\/index.php?rest_route=\/wp\/v2\/posts\/5792"}],"collection":[{"href":"https:\/\/informedesalud.com.do\/index.php?rest_route=\/wp\/v2\/posts"}],"about":[{"href":"https:\/\/informedesalud.com.do\/index.php?rest_route=\/wp\/v2\/types\/post"}],"author":[{"embeddable":true,"href":"https:\/\/informedesalud.com.do\/index.php?rest_route=\/wp\/v2\/users\/1"}],"replies":[{"embeddable":true,"href":"https:\/\/informedesalud.com.do\/index.php?rest_route=%2Fwp%2Fv2%2Fcomments&post=5792"}],"version-history":[{"count":1,"href":"https:\/\/informedesalud.com.do\/index.php?rest_route=\/wp\/v2\/posts\/5792\/revisions"}],"predecessor-version":[{"id":5830,"href":"https:\/\/informedesalud.com.do\/index.php?rest_route=\/wp\/v2\/posts\/5792\/revisions\/5830"}],"wp:featuredmedia":[{"embeddable":true,"href":"https:\/\/informedesalud.com.do\/index.php?rest_route=\/wp\/v2\/media\/5829"}],"wp:attachment":[{"href":"https:\/\/informedesalud.com.do\/index.php?rest_route=%2Fwp%2Fv2%2Fmedia&parent=5792"}],"wp:term":[{"taxonomy":"category","embeddable":true,"href":"https:\/\/informedesalud.com.do\/index.php?rest_route=%2Fwp%2Fv2%2Fcategories&post=5792"},{"taxonomy":"post_tag","embeddable":true,"href":"https:\/\/informedesalud.com.do\/index.php?rest_route=%2Fwp%2Fv2%2Ftags&post=5792"}],"curies":[{"name":"wp","href":"https:\/\/api.w.org\/{rel}","templated":true}]}}