{"id":5781,"date":"2024-04-18T13:58:05","date_gmt":"2024-04-18T11:58:05","guid":{"rendered":"https:\/\/laconsultamedica.com.do\/?p=13294"},"modified":"2024-04-18T13:58:16","modified_gmt":"2024-04-18T11:58:16","slug":"gobierno-1000-nuevos-agentes-se-sumaran-a-patrullaje-preventivo","status":"publish","type":"post","link":"https:\/\/informedesalud.com.do\/?p=5781","title":{"rendered":"Gobierno: 1,000 nuevos agentes se sumar\u00e1n a patrullaje preventivo"},"content":{"rendered":"<p>El ministro de la Presidencia, Joel Santos Echavarr\u00eda, anunci\u00f3 este lunes que, como parte del Plan de Reforma Policial, la pr\u00f3xima semana ingresar\u00e1n mil nuevos reclutas que actualmente reciben formaci\u00f3n en la Escuela de Entrenamiento Policial Campus Gaspar Hern\u00e1ndez, con la intenci\u00f3n de reforzar las labores de prevenci\u00f3n policial, esta acci\u00f3n reafirma el compromiso del Gobierno con la seguridad los ciudadanos.<\/p>\n<p>Santos Echavarr\u00eda ofreci\u00f3 esta informaci\u00f3n al culminar la acostumbrada reuni\u00f3n de seguimiento al \u201cPlan de seguridad ciudadana\u201d, encabezada por el presidente Luis Abinader, en la que, adem\u00e1s, indic\u00f3 que la tasa acumulada de homicidios por cada 100 mil habitantes se redujo a 10.46 acumulado a la fecha, gracias a las acciones preventivas de la Fuerza de Tarea Conjunta.<\/p>\n<p>En ese sentido, el funcionario se\u00f1al\u00f3 que 12 provincias registran una tasa de homicidio de un solo d\u00edgito, acercando al pa\u00eds a su meta de reducci\u00f3n de este indicador.<\/p>\n<p>Robos y heridos<br \/>\nAl referirse a la cantidad de heridos por conflictos sociales, estableci\u00f3 que la misma se redujo en un 1.8%, mientras que los robos tambi\u00e9n muestran una disminuci\u00f3n del 6.3% en comparaci\u00f3n con las estad\u00edsticas registradas durante el mismo per\u00edodo del 2023.<\/p>\n<p>Temas tratados durante la reuni\u00f3n<br \/>\nDurante la reuni\u00f3n, encabezada por el presidente Luis Abinader, junto al alto mando militar y policial, la participaci\u00f3n de fiscales y comandantes regionales, se discutieron temas relacionados con la operatividad, \u00f3rdenes de arresto y seguimiento a los delincuentes m\u00e1s buscados.<\/p>\n<figure class=\"wp-block-image size-large\"><img fetchpriority=\"high\" class=\"wp-image-13292\" decoding=\"async\" width=\"1024\" height=\"683\" src=\"https:\/\/laconsultamedica.com.do\/wp-content\/uploads\/2024\/04\/img-20240416-wa00012158660472173092056-1024x683.jpg\" alt=\"\" srcset=\"https:\/\/laconsultamedica.com.do\/wp-content\/uploads\/2024\/04\/img-20240416-wa00012158660472173092056-1024x683.jpg 1024w, https:\/\/laconsultamedica.com.do\/wp-content\/uploads\/2024\/04\/img-20240416-wa00012158660472173092056-300x200.jpg 300w, https:\/\/laconsultamedica.com.do\/wp-content\/uploads\/2024\/04\/img-20240416-wa00012158660472173092056-768x512.jpg 768w, https:\/\/laconsultamedica.com.do\/wp-content\/uploads\/2024\/04\/img-20240416-wa00012158660472173092056-1536x1025.jpg 1536w, https:\/\/laconsultamedica.com.do\/wp-content\/uploads\/2024\/04\/img-20240416-wa00012158660472173092056-750x500.jpg 750w, https:\/\/laconsultamedica.com.do\/wp-content\/uploads\/2024\/04\/img-20240416-wa00012158660472173092056-1140x760.jpg 1140w, https:\/\/laconsultamedica.com.do\/wp-content\/uploads\/2024\/04\/img-20240416-wa00012158660472173092056.jpg 2000w\" sizes=\"(max-width: 1024px) 100vw, 1024px\"><\/figure>\n<p>Tambi\u00e9n se enfatiz\u00f3 en la importancia de la prudencia y el respeto a los derechos humanos en el accionar policial, como parte de los logros proyectados dentro de la segunda etapa del plan de reforma policial, adem\u00e1s de continuar desarrollando pol\u00edticas para mejorar la calidad de vida de nuestros agentes policiales.<\/p>\n<p>Autoridades presentes<br \/>\nAcompa\u00f1aron al presidente de la Rep\u00fablica Luis Abinader, los ministros, de Defensa, teniente general Carlos Luciano D\u00edaz Morfa; de la Presidencia, Joel Santos; de Interior y Polic\u00eda, Jes\u00fas V\u00e1squez Mart\u00ednez; el director general de la Polic\u00eda Nacional, mayor general Ram\u00f3n Antonio Guzm\u00e1n Peralta; el mayor general Carlos Ram\u00f3n Febrillet Rodr\u00edguez, comandante general del Ej\u00e9rcito; comandante general de la Armada de Rep\u00fablica Dominicana, vicealmirante, Agust\u00edn Alberto Morillo Rodr\u00edguez; y el comandante general de la Fuerza A\u00e9rea, mayor general Carlos Antonio Fern\u00e1ndez Onofre.<\/p>\n<figure class=\"wp-block-image size-large\"><img loading=\"lazy\" class=\"wp-image-13291\" loading=\"lazy\" decoding=\"async\" width=\"1024\" height=\"683\" src=\"https:\/\/laconsultamedica.com.do\/wp-content\/uploads\/2024\/04\/img-20240416-wa00008959871959130434058-1024x683.jpg\" alt=\"\" srcset=\"https:\/\/laconsultamedica.com.do\/wp-content\/uploads\/2024\/04\/img-20240416-wa00008959871959130434058-1024x683.jpg 1024w, https:\/\/laconsultamedica.com.do\/wp-content\/uploads\/2024\/04\/img-20240416-wa00008959871959130434058-300x200.jpg 300w, https:\/\/laconsultamedica.com.do\/wp-content\/uploads\/2024\/04\/img-20240416-wa00008959871959130434058-768x512.jpg 768w, https:\/\/laconsultamedica.com.do\/wp-content\/uploads\/2024\/04\/img-20240416-wa00008959871959130434058-1536x1025.jpg 1536w, https:\/\/laconsultamedica.com.do\/wp-content\/uploads\/2024\/04\/img-20240416-wa00008959871959130434058-750x500.jpg 750w, https:\/\/laconsultamedica.com.do\/wp-content\/uploads\/2024\/04\/img-20240416-wa00008959871959130434058-1140x760.jpg 1140w, https:\/\/laconsultamedica.com.do\/wp-content\/uploads\/2024\/04\/img-20240416-wa00008959871959130434058.jpg 2000w\" sizes=\"(max-width: 1024px) 100vw, 1024px\"><\/figure>\n<p>Asimismo, el presidente de la Direcci\u00f3n Nacional de Control de Drogas (DNCD), vicealmirante Jos\u00e9 Manuel Cabrera Ulloa; el subdirector de la Polic\u00eda Nacional, general Juan Hilario Guzm\u00e1n Bad\u00eda, y el director ejecutivo del Sistema Nacional de Atenci\u00f3n a Emergencias y Seguridad 9-1-1 y director interino del Intrant, coronel piloto Randolfo Rijo G\u00f3mez, FARD.<\/p>\n<p>En la reuni\u00f3n participaron tambi\u00e9n la procuradora adjunta y titular de la Direcci\u00f3n de Persecuci\u00f3n del Ministerio P\u00fablico, Yeni Berenice Reynoso, y una comisi\u00f3n de fiscales integrada por la del Distrito Nacional, Rosalba Ramos; de Santiago, Osvaldo Bonilla; de San Crist\u00f3bal, Fadulia Rosa; de La Vega, Aura Luz Garc\u00eda; de Mar\u00eda Trinidad S\u00e1nchez, Juan Antonio Mateo Cipri\u00e1n; de La Altagracia, Claudia Garrido; de San Pedro de Macor\u00eds, Suleika Mateo, de Duarte; Reina Yaniris Rodr\u00edguez Cede\u00f1o, de La Romana, y Smaily Yamel Rodr\u00edguez, de Dajab\u00f3n, entre otros.<\/p>\n","protected":false},"excerpt":{"rendered":"<p>El ministro de la Presidencia, Joel Santos Echavarr\u00eda, anunci\u00f3 este lunes que, como parte del Plan de Reforma Policial, la pr\u00f3xima semana ingresar\u00e1n mil nuevos reclutas que actualmente reciben formaci\u00f3n en la Escuela de Entrenamiento Policial Campus Gaspar Hern\u00e1ndez, con la intenci\u00f3n de reforzar las labores de prevenci\u00f3n policial, esta acci\u00f3n reafirma el compromiso del [&hellip;]<\/p>\n","protected":false},"author":1,"featured_media":5834,"comment_status":"closed","ping_status":"closed","sticky":false,"template":"","format":"standard","meta":{"_eb_attr":"","footnotes":""},"categories":[36],"tags":[],"_links":{"self":[{"href":"https:\/\/informedesalud.com.do\/index.php?rest_route=\/wp\/v2\/posts\/5781"}],"collection":[{"href":"https:\/\/informedesalud.com.do\/index.php?rest_route=\/wp\/v2\/posts"}],"about":[{"href":"https:\/\/informedesalud.com.do\/index.php?rest_route=\/wp\/v2\/types\/post"}],"author":[{"embeddable":true,"href":"https:\/\/informedesalud.com.do\/index.php?rest_route=\/wp\/v2\/users\/1"}],"replies":[{"embeddable":true,"href":"https:\/\/informedesalud.com.do\/index.php?rest_route=%2Fwp%2Fv2%2Fcomments&post=5781"}],"version-history":[{"count":1,"href":"https:\/\/informedesalud.com.do\/index.php?rest_route=\/wp\/v2\/posts\/5781\/revisions"}],"predecessor-version":[{"id":5835,"href":"https:\/\/informedesalud.com.do\/index.php?rest_route=\/wp\/v2\/posts\/5781\/revisions\/5835"}],"wp:featuredmedia":[{"embeddable":true,"href":"https:\/\/informedesalud.com.do\/index.php?rest_route=\/wp\/v2\/media\/5834"}],"wp:attachment":[{"href":"https:\/\/informedesalud.com.do\/index.php?rest_route=%2Fwp%2Fv2%2Fmedia&parent=5781"}],"wp:term":[{"taxonomy":"category","embeddable":true,"href":"https:\/\/informedesalud.com.do\/index.php?rest_route=%2Fwp%2Fv2%2Fcategories&post=5781"},{"taxonomy":"post_tag","embeddable":true,"href":"https:\/\/informedesalud.com.do\/index.php?rest_route=%2Fwp%2Fv2%2Ftags&post=5781"}],"curies":[{"name":"wp","href":"https:\/\/api.w.org\/{rel}","templated":true}]}}