{"id":5780,"date":"2024-04-18T13:58:28","date_gmt":"2024-04-18T11:58:28","guid":{"rendered":"https:\/\/laconsultamedica.com.do\/?p=13299"},"modified":"2024-04-18T13:59:06","modified_gmt":"2024-04-18T11:59:06","slug":"presidente-abinader-presenta-avances-de-programas-dirigidos-a-los-jovenes-que-permiten-su-insercion-educativa-y-laboral","status":"publish","type":"post","link":"https:\/\/informedesalud.com.do\/?p=5780","title":{"rendered":"Presidente Abinader presenta avances de programas dirigidos a los j\u00f3venes, que permiten su inserci\u00f3n educativa y laboral"},"content":{"rendered":"<p>Santo Domingo. \u2013 Con el lema \u201cJuventud: dar opciones para un ma\u00f1ana\u201d, el presidente Luis Abinader dio inicio a La Semanal con la Prensa, evidenciando con cifras los avances alcanzados por las distintas iniciativas que cada d\u00eda crean nuevas oportunidades para que los j\u00f3venes puedan acceder a educaci\u00f3n de calidad y empleos formales.<\/p>\n<p>Entre los programas que cumplen con este objetivo, el mandatario se\u00f1al\u00f3 en primer orden, Oportunidad 14\/24, a trav\u00e9s del cual 29,894 j\u00f3venes se han vinculado a la inserci\u00f3n educativa, de los cuales 19,220 son mujeres y 10,674 son hombres.<\/p>\n<p>Esto ha permitido adem\u00e1s, que 889 menores de edad se hayan reinsertado a la educaci\u00f3n escolar y se espera que unos 9 mil j\u00f3venes de la poblaci\u00f3n \u201cNiNi\u201d egresen este 2024.<\/p>\n<p>En cuanto a la inserci\u00f3n laboral, a la fecha se registran 7,645 egresados en carreras t\u00e9cnicas en cuatro graduaciones, de estos, el 80% ha sido contratado y un 45% ya generaba ingresos antes de terminar el programa.<\/p>\n<p>*Promoci\u00f3n Emprendimiento Agropecuario*<\/p>\n<p>El jefe de Estado continu\u00f3 con el plan de Promoci\u00f3n del Emprendimiento Agropecuario, iniciativa del FEDA y el Ministerio de la Juventud, dirigido a j\u00f3venes desde los 18 a\u00f1os hasta los 40 y por medio del cual se impulsan iniciativas de negocios y promoci\u00f3n de emprendimientos mediante donaciones, asesor\u00edas t\u00e9cnicas, capacitaciones, organizaci\u00f3n y financiamiento.<\/p>\n<p>El mismo ha impactado a 5 mil j\u00f3venes en 9 provincias y se han invertido 75 millones de pesos, creando cada vez m\u00e1s liderazgo.<\/p>\n<figure class=\"wp-block-image size-large\"><img fetchpriority=\"high\" class=\"wp-image-13298\" fetchpriority=\"high\" decoding=\"async\" width=\"1024\" height=\"749\" src=\"https:\/\/laconsultamedica.com.do\/wp-content\/uploads\/2024\/04\/img-20240416-wa0005108021492002533772-1024x749.jpg\" alt=\"\" srcset=\"https:\/\/laconsultamedica.com.do\/wp-content\/uploads\/2024\/04\/img-20240416-wa0005108021492002533772-1024x749.jpg 1024w, https:\/\/laconsultamedica.com.do\/wp-content\/uploads\/2024\/04\/img-20240416-wa0005108021492002533772-300x219.jpg 300w, https:\/\/laconsultamedica.com.do\/wp-content\/uploads\/2024\/04\/img-20240416-wa0005108021492002533772-768x561.jpg 768w, https:\/\/laconsultamedica.com.do\/wp-content\/uploads\/2024\/04\/img-20240416-wa0005108021492002533772-1536x1123.jpg 1536w, https:\/\/laconsultamedica.com.do\/wp-content\/uploads\/2024\/04\/img-20240416-wa0005108021492002533772-750x548.jpg 750w, https:\/\/laconsultamedica.com.do\/wp-content\/uploads\/2024\/04\/img-20240416-wa0005108021492002533772-1140x833.jpg 1140w, https:\/\/laconsultamedica.com.do\/wp-content\/uploads\/2024\/04\/img-20240416-wa0005108021492002533772.jpg 2000w\" sizes=\"(max-width: 1024px) 100vw, 1024px\"><\/figure>\n<p>*ITLA*<\/p>\n<p>Continuando con el Instituto Tecnol\u00f3gico de Las Am\u00e9ricas (ITLA), se detalla que el total de inscritos es de 54,472, de los cuales 48,523 son becados.<\/p>\n<p>Estad\u00edsticamente, el 90% de los egresados consigue trabajo con un promedio salarial de 70 mil pesos.<\/p>\n<p>Adem\u00e1s el gobierno contin\u00faa con el programa de expansi\u00f3n de este instituto, abriendo nuevas extensiones y recintos en Nagua, Moca, Pedernales y Monte Plata en los \u00faltimos cuatro meses y con planes de llevarlo a Azua, San Francisco de Macor\u00eds, San Crist\u00f3bal, Villa Altagracia y Pedro Brand.<\/p>\n<p>Asimismo, en el primer trimestre de 2024 hay 2,500 nuevos inscritos en programas de educaci\u00f3n continua y existe una proyecci\u00f3n de 4,500 para el segundo trimestre. <\/p>\n<p>*Infotep*<\/p>\n<p>El Infotep es otro de los institutos que ha crecido exponencialmente en la presente gesti\u00f3n de gobierno, alcanzando 2,414,336 egresados desde 2021 hasta diciembre de 2023, siendo 44% hombres y 56% mujeres.<\/p>\n<p>Un 70% de los participantes son menores de 35 a\u00f1os.<\/p>\n<p>_Programa de formaci\u00f3n dual_<\/p>\n<p>El mandatario tambi\u00e9n destac\u00f3 las oportunidades que ofrece el programa de formaci\u00f3n dual del Infotep, permitiendo que 164 empresas reciban a 911 aprendices con contratos de aprendizaje en 33 programas.<\/p>\n<p>Dijo que se logr\u00f3 emplear un 80% de los egresados del programa y que un 70% est\u00e1 empleado en sus \u00e1reas de formaci\u00f3n.<\/p>\n<p>_Programa de apoyo a la educaci\u00f3n y formaci\u00f3n t\u00e9cnico profesional (PROETP II)_<\/p>\n<p>En este programa, 1,481 j\u00f3venes entre 17 y 29, a\u00f1os de la regi\u00f3n metropolitana y la provincia de El Seibo, fueron beneficiados por el proyecto de becas dirigido a los sectores vulnerables.<\/p>\n<p>Los fondos provienen de la Uni\u00f3n Europea, a trav\u00e9s de la Agencia Espa\u00f1ola de Cooperaci\u00f3n Internacional para el Desarrollo (AECID) y con el apoyo del Ministerio de Econom\u00eda, Planificaci\u00f3n y Desarrollo.<\/p>\n<p>_Acuerdo en Infotep-Huawei_<\/p>\n<p>El jefe de Estado comunic\u00f3 que este programa ofrece capacitaciones y entrenamientos en el \u00e1rea de telecomunicaciones e inform\u00e1tica, de los cuales 324 participantes han sido admitidos en las competencias DATACOM, a trav\u00e9s de 18 acciones formativas o cursos ofertados.<\/p>\n<figure class=\"wp-block-image size-large\"><img class=\"wp-image-13297\" decoding=\"async\" width=\"1024\" height=\"711\" src=\"https:\/\/laconsultamedica.com.do\/wp-content\/uploads\/2024\/04\/img-20240416-wa00048176354737480924013-1024x711.jpg\" alt=\"\" srcset=\"https:\/\/laconsultamedica.com.do\/wp-content\/uploads\/2024\/04\/img-20240416-wa00048176354737480924013-1024x711.jpg 1024w, https:\/\/laconsultamedica.com.do\/wp-content\/uploads\/2024\/04\/img-20240416-wa00048176354737480924013-300x208.jpg 300w, https:\/\/laconsultamedica.com.do\/wp-content\/uploads\/2024\/04\/img-20240416-wa00048176354737480924013-768x533.jpg 768w, https:\/\/laconsultamedica.com.do\/wp-content\/uploads\/2024\/04\/img-20240416-wa00048176354737480924013-1536x1067.jpg 1536w, https:\/\/laconsultamedica.com.do\/wp-content\/uploads\/2024\/04\/img-20240416-wa00048176354737480924013-750x521.jpg 750w, https:\/\/laconsultamedica.com.do\/wp-content\/uploads\/2024\/04\/img-20240416-wa00048176354737480924013-1140x792.jpg 1140w, https:\/\/laconsultamedica.com.do\/wp-content\/uploads\/2024\/04\/img-20240416-wa00048176354737480924013.jpg 1999w\" sizes=\"(max-width: 1024px) 100vw, 1024px\"><\/figure>\n<p>Adem\u00e1s, tres docentes fueron certificados como entrenadores por Huawei.<\/p>\n<p>*Berklee College of Music*<\/p>\n<p>De igual forma, el presidente mencion\u00f3 el acuerdo entre el Ministerio de Cultura y Berklee College of Music, del cual el Conservatorio Nacional de M\u00fasica es socio global.<\/p>\n<p>Apunt\u00f3 que 209 j\u00f3venes participaron de la quinta edici\u00f3n de \u201cBerklee en Santo Domingo\u201d y 23 estudiantes fueron beneficiados con becas para realizar estudios superiores en esta universidad, con sede en Boston. Las becas cubren los gastos de matr\u00edcula, alojamiento y manutenci\u00f3n.<\/p>\n<p>Tambi\u00e9n se incluyen becas adicionales: cinco de matr\u00edcula completa, tres de pregrado por un monto de 25 mil d\u00f3lares, cuatro de 30 mil y tres de 35 mil d\u00f3lares.<\/p>\n<p>En cuanto al fondo para la formaci\u00f3n y difusi\u00f3n art\u00edstica y cultural, el presidente manifest\u00f3 que, desde su creaci\u00f3n en 2021, 4,090 estudiantes han egresado de los programas formativos, siendo capacitados en danza, teatro, m\u00fasica y artes visuales.<\/p>\n<p>*Ministerio de la Juventud*<\/p>\n<p>El gobernante inform\u00f3 que 146,143 j\u00f3venes en todo el territorio nacional han sido impactados con iniciativas en innovaci\u00f3n, emprendimiento, cultura, arte, deporte, salud mental y educaci\u00f3n. Adem\u00e1s, 34,054 j\u00f3venes han sido impactados por las iniciativas de Ecojuventudes, Juventudes Integrales, Capacitarte y Mi Barrio Tiene Talento.<\/p>\n<p>_Autobuses para educaci\u00f3n superior_<\/p>\n<p>Un total de 51 autobuses han sido entregados a las asociaciones de estudiantes universitarios de las diferentes provincias, municipios y distritos del pa\u00eds, impactando as\u00ed a 80,000 j\u00f3venes mensualmente.<\/p>\n<p>Otros 50 autobuses se entregar\u00e1n para alcanzar la cifra de 160,000 j\u00f3venes estudiantes de educaci\u00f3n superior transportados mensualmente.<\/p>\n<p>Habl\u00f3 tambi\u00e9n del laboratorio de emprendimiento a trav\u00e9s de la pol\u00edtica de formaci\u00f3n e inserci\u00f3n productiva juvenil, donde 14,146 j\u00f3venes en todo el territorio nacional han sido impactados a trav\u00e9s de 10 ferias de emprendimiento y juventud.<\/p>\n<p>Desde 2022, con la creaci\u00f3n del Sistema Nacional de Becas y Cr\u00e9ditos, 3,293 j\u00f3venes han sido beneficiados. Este sistema ofrece facilidades a j\u00f3venes de 15 a 35 a\u00f1os en situaciones de vulnerabilidad, j\u00f3venes deportistas y artistas, hasta madres j\u00f3venes solteras.<\/p>\n","protected":false},"excerpt":{"rendered":"<p>Santo Domingo. \u2013 Con el lema \u201cJuventud: dar opciones para un ma\u00f1ana\u201d, el presidente Luis Abinader dio inicio a La Semanal con la Prensa, evidenciando con cifras los avances alcanzados por las distintas iniciativas que cada d\u00eda crean nuevas oportunidades para que los j\u00f3venes puedan acceder a educaci\u00f3n de calidad y empleos formales. Entre los [&hellip;]<\/p>\n","protected":false},"author":1,"featured_media":5836,"comment_status":"closed","ping_status":"closed","sticky":false,"template":"","format":"standard","meta":{"_eb_attr":"","footnotes":""},"categories":[36],"tags":[],"_links":{"self":[{"href":"https:\/\/informedesalud.com.do\/index.php?rest_route=\/wp\/v2\/posts\/5780"}],"collection":[{"href":"https:\/\/informedesalud.com.do\/index.php?rest_route=\/wp\/v2\/posts"}],"about":[{"href":"https:\/\/informedesalud.com.do\/index.php?rest_route=\/wp\/v2\/types\/post"}],"author":[{"embeddable":true,"href":"https:\/\/informedesalud.com.do\/index.php?rest_route=\/wp\/v2\/users\/1"}],"replies":[{"embeddable":true,"href":"https:\/\/informedesalud.com.do\/index.php?rest_route=%2Fwp%2Fv2%2Fcomments&post=5780"}],"version-history":[{"count":1,"href":"https:\/\/informedesalud.com.do\/index.php?rest_route=\/wp\/v2\/posts\/5780\/revisions"}],"predecessor-version":[{"id":5837,"href":"https:\/\/informedesalud.com.do\/index.php?rest_route=\/wp\/v2\/posts\/5780\/revisions\/5837"}],"wp:featuredmedia":[{"embeddable":true,"href":"https:\/\/informedesalud.com.do\/index.php?rest_route=\/wp\/v2\/media\/5836"}],"wp:attachment":[{"href":"https:\/\/informedesalud.com.do\/index.php?rest_route=%2Fwp%2Fv2%2Fmedia&parent=5780"}],"wp:term":[{"taxonomy":"category","embeddable":true,"href":"https:\/\/informedesalud.com.do\/index.php?rest_route=%2Fwp%2Fv2%2Fcategories&post=5780"},{"taxonomy":"post_tag","embeddable":true,"href":"https:\/\/informedesalud.com.do\/index.php?rest_route=%2Fwp%2Fv2%2Ftags&post=5780"}],"curies":[{"name":"wp","href":"https:\/\/api.w.org\/{rel}","templated":true}]}}