{"id":5730,"date":"2024-04-15T18:04:09","date_gmt":"2024-04-15T16:04:09","guid":{"rendered":"https:\/\/laconsultamedica.com.do\/?p=13255"},"modified":"2024-04-15T18:04:44","modified_gmt":"2024-04-15T16:04:44","slug":"cientos-de-personas-acuden-interesadas-en-adquirir-una-vivienda-en-feria-de-vinculacion-de-familia-feliz-en-neiba","status":"publish","type":"post","link":"https:\/\/informedesalud.com.do\/?p=5730","title":{"rendered":"Cientos de personas acuden interesadas en adquirir una vivienda en feria de vinculaci\u00f3n de Familia Feliz en Neiba"},"content":{"rendered":"<p>NEIBA. Con una asistencia masiva culmin\u00f3 este s\u00e1bado el primer d\u00eda de la Feria de Vinculaci\u00f3n del Plan Nacional de Viviendas Familia Feliz del Residencial Vista del Lago, en Neiba, provincia Bahoruco.<\/p>\n<p>Cientos de personas se dieron cita, desde las 9:00 de la ma\u00f1ana, en el Polit\u00e9cnico San Bartolom\u00e9 Fe y Alegr\u00eda, del sector Los Cocos, para aplicar al proyecto de soluciones habitacionales.<\/p>\n<figure class=\"wp-block-image size-large\"><img loading=\"lazy\" class=\"wp-image-13251\" loading=\"lazy\" decoding=\"async\" width=\"1024\" height=\"682\" src=\"https:\/\/laconsultamedica.com.do\/wp-content\/uploads\/2024\/04\/img-20240415-wa00343649573730435048631-1024x682.jpg\" alt=\"\" srcset=\"https:\/\/laconsultamedica.com.do\/wp-content\/uploads\/2024\/04\/img-20240415-wa00343649573730435048631-1024x682.jpg 1024w, https:\/\/laconsultamedica.com.do\/wp-content\/uploads\/2024\/04\/img-20240415-wa00343649573730435048631-300x200.jpg 300w, https:\/\/laconsultamedica.com.do\/wp-content\/uploads\/2024\/04\/img-20240415-wa00343649573730435048631-768x512.jpg 768w, https:\/\/laconsultamedica.com.do\/wp-content\/uploads\/2024\/04\/img-20240415-wa00343649573730435048631-1536x1024.jpg 1536w, https:\/\/laconsultamedica.com.do\/wp-content\/uploads\/2024\/04\/img-20240415-wa00343649573730435048631-750x500.jpg 750w, https:\/\/laconsultamedica.com.do\/wp-content\/uploads\/2024\/04\/img-20240415-wa00343649573730435048631-1140x760.jpg 1140w, https:\/\/laconsultamedica.com.do\/wp-content\/uploads\/2024\/04\/img-20240415-wa00343649573730435048631.jpg 2000w\" sizes=\"(max-width: 1024px) 100vw, 1024px\"><\/figure>\n<p>Durante la jornada, los aspirantes fueron asistidos por los representantes del Plan, para revisar el estado de su solicitud y luego por los agentes bancarios, en el proceso de precalificaci\u00f3n para la adquisici\u00f3n de una vivienda.<\/p>\n<p>Tras la identificaci\u00f3n, verificaci\u00f3n y validaci\u00f3n de la banca, los calificados procedieron a la vinculaci\u00f3n al Plan por medio de la Constructora Martcon, a cargo de la ejecuci\u00f3n del proyecto, que contar\u00e1 con 256 unidades.<\/p>\n<figure class=\"wp-block-image size-large\"><img loading=\"lazy\" class=\"wp-image-13252\" loading=\"lazy\" decoding=\"async\" width=\"1024\" height=\"684\" src=\"https:\/\/laconsultamedica.com.do\/wp-content\/uploads\/2024\/04\/img-20240415-wa00339090618313347337340-1024x684.jpg\" alt=\"\" srcset=\"https:\/\/laconsultamedica.com.do\/wp-content\/uploads\/2024\/04\/img-20240415-wa00339090618313347337340-1024x684.jpg 1024w, https:\/\/laconsultamedica.com.do\/wp-content\/uploads\/2024\/04\/img-20240415-wa00339090618313347337340-300x200.jpg 300w, https:\/\/laconsultamedica.com.do\/wp-content\/uploads\/2024\/04\/img-20240415-wa00339090618313347337340-768x513.jpg 768w, https:\/\/laconsultamedica.com.do\/wp-content\/uploads\/2024\/04\/img-20240415-wa00339090618313347337340-1536x1025.jpg 1536w, https:\/\/laconsultamedica.com.do\/wp-content\/uploads\/2024\/04\/img-20240415-wa00339090618313347337340-750x501.jpg 750w, https:\/\/laconsultamedica.com.do\/wp-content\/uploads\/2024\/04\/img-20240415-wa00339090618313347337340-1140x761.jpg 1140w, https:\/\/laconsultamedica.com.do\/wp-content\/uploads\/2024\/04\/img-20240415-wa00339090618313347337340.jpg 2000w\" sizes=\"(max-width: 1024px) 100vw, 1024px\"><\/figure>\n<p>Adem\u00e1s, realizaron un recorrido por un apartamento modelo, en el que pudieron constatar c\u00f3mo ser\u00e1 su futuro hogar.<\/p>\n<figure class=\"wp-block-image size-large\"><img loading=\"lazy\" class=\"wp-image-13253\" loading=\"lazy\" decoding=\"async\" width=\"1024\" height=\"684\" src=\"https:\/\/laconsultamedica.com.do\/wp-content\/uploads\/2024\/04\/img-20240415-wa0030548458325829786655-1024x684.jpg\" alt=\"\" srcset=\"https:\/\/laconsultamedica.com.do\/wp-content\/uploads\/2024\/04\/img-20240415-wa0030548458325829786655-1024x684.jpg 1024w, https:\/\/laconsultamedica.com.do\/wp-content\/uploads\/2024\/04\/img-20240415-wa0030548458325829786655-300x200.jpg 300w, https:\/\/laconsultamedica.com.do\/wp-content\/uploads\/2024\/04\/img-20240415-wa0030548458325829786655-768x513.jpg 768w, https:\/\/laconsultamedica.com.do\/wp-content\/uploads\/2024\/04\/img-20240415-wa0030548458325829786655-1536x1025.jpg 1536w, https:\/\/laconsultamedica.com.do\/wp-content\/uploads\/2024\/04\/img-20240415-wa0030548458325829786655-750x501.jpg 750w, https:\/\/laconsultamedica.com.do\/wp-content\/uploads\/2024\/04\/img-20240415-wa0030548458325829786655-1140x761.jpg 1140w, https:\/\/laconsultamedica.com.do\/wp-content\/uploads\/2024\/04\/img-20240415-wa0030548458325829786655.jpg 2000w\" sizes=\"(max-width: 1024px) 100vw, 1024px\"><\/figure>\n<p>La feria contin\u00faa este domingo 14 de abril, desde las 8:00 de la ma\u00f1ana, hasta las 12:00 del mediod\u00eda. Para participar, los interesados deben haber completado previamente tu formulario de solicitud en nuestro sitio web (www.familiafeliz.gob.do) y traer su c\u00e9dula f\u00edsica.<\/p>\n","protected":false},"excerpt":{"rendered":"<p>NEIBA. Con una asistencia masiva culmin\u00f3 este s\u00e1bado el primer d\u00eda de la Feria de Vinculaci\u00f3n del Plan Nacional de Viviendas Familia Feliz del Residencial Vista del Lago, en Neiba, provincia Bahoruco. Cientos de personas se dieron cita, desde las 9:00 de la ma\u00f1ana, en el Polit\u00e9cnico San Bartolom\u00e9 Fe y Alegr\u00eda, del sector Los [&hellip;]<\/p>\n","protected":false},"author":1,"featured_media":5744,"comment_status":"closed","ping_status":"closed","sticky":false,"template":"","format":"standard","meta":{"_eb_attr":"","footnotes":""},"categories":[36],"tags":[],"_links":{"self":[{"href":"https:\/\/informedesalud.com.do\/index.php?rest_route=\/wp\/v2\/posts\/5730"}],"collection":[{"href":"https:\/\/informedesalud.com.do\/index.php?rest_route=\/wp\/v2\/posts"}],"about":[{"href":"https:\/\/informedesalud.com.do\/index.php?rest_route=\/wp\/v2\/types\/post"}],"author":[{"embeddable":true,"href":"https:\/\/informedesalud.com.do\/index.php?rest_route=\/wp\/v2\/users\/1"}],"replies":[{"embeddable":true,"href":"https:\/\/informedesalud.com.do\/index.php?rest_route=%2Fwp%2Fv2%2Fcomments&post=5730"}],"version-history":[{"count":1,"href":"https:\/\/informedesalud.com.do\/index.php?rest_route=\/wp\/v2\/posts\/5730\/revisions"}],"predecessor-version":[{"id":5745,"href":"https:\/\/informedesalud.com.do\/index.php?rest_route=\/wp\/v2\/posts\/5730\/revisions\/5745"}],"wp:featuredmedia":[{"embeddable":true,"href":"https:\/\/informedesalud.com.do\/index.php?rest_route=\/wp\/v2\/media\/5744"}],"wp:attachment":[{"href":"https:\/\/informedesalud.com.do\/index.php?rest_route=%2Fwp%2Fv2%2Fmedia&parent=5730"}],"wp:term":[{"taxonomy":"category","embeddable":true,"href":"https:\/\/informedesalud.com.do\/index.php?rest_route=%2Fwp%2Fv2%2Fcategories&post=5730"},{"taxonomy":"post_tag","embeddable":true,"href":"https:\/\/informedesalud.com.do\/index.php?rest_route=%2Fwp%2Fv2%2Ftags&post=5730"}],"curies":[{"name":"wp","href":"https:\/\/api.w.org\/{rel}","templated":true}]}}