{"id":5729,"date":"2024-04-15T18:03:25","date_gmt":"2024-04-15T16:03:25","guid":{"rendered":"https:\/\/laconsultamedica.com.do\/?p=13258"},"modified":"2024-04-15T18:03:57","modified_gmt":"2024-04-15T16:03:57","slug":"abinader-afirma-inversion-realizada-en-santiago-en-estos-4-anos-es-el-doble-que-la-realizada-en-los-16-anos-sumados-de-gobiernos-pasados","status":"publish","type":"post","link":"https:\/\/informedesalud.com.do\/?p=5729","title":{"rendered":"Abinader afirma inversi\u00f3n realizada en Santiago en estos 4 a\u00f1os es el doble que la realizada en los 16 a\u00f1os sumados de gobiernos pasados"},"content":{"rendered":"<p>Santiago. \u2013 El candidato presidencial por el Partido Revolucionario Moderno (PRM), Luis Abinader, present\u00f3 este viernes su plan de gobierno, visi\u00f3n, objetivos y sus compromisos a nivel nacional y la Regi\u00f3n Norte, donde destac\u00f3 que en estos 4 a\u00f1os ha terminado o est\u00e1n por terminar obras por un valor de m\u00e1s de RD$110 mil millones de pesos, inversi\u00f3n que es el doble del total realizado en Santiago en los \u00faltimos 16 a\u00f1os de los gobiernos pasados.<\/p>\n<p>\u201cLo repito: En solo estos 4 a\u00f1os el doble de lo realizado en los 16 a\u00f1os entre el 2004 y el 2020. Estas obras, y los santiagueros lo pueden comprobar saliendo de sus casas, abarcan todas las \u00e1reas para mejorar su calidad de vida\u201d, proclam\u00f3.<\/p>\n<p>Al participar en el conversatorio de la Pontificia Universidad Cat\u00f3lica Madre y Maestra (PUCMM) y Compromiso Santiago, Abinader indic\u00f3 que muy especialmente aqu\u00ed en Santiago, las inversiones p\u00fablicas, durante muchos a\u00f1os, siempre fueron para otras zonas y era una econom\u00eda centralizada en pocos sectores y en pocas regiones.<\/p>\n<p>\u201cNuestra visi\u00f3n del crecimiento es muy distinta, y creemos que el potencial se alcanza impulsando todos los polos del pa\u00eds al mismo tiempo y no solo desarrollando algunos y que tiren del resto. As\u00ed, hay olvidos imperdonables que estamos revirtiendo como el desarrollo del Sur, por ejemplo, pero tambi\u00e9n aqu\u00ed en Santiago y en toda la Regi\u00f3n Norte\u201d, resalt\u00f3.<\/p>\n<p>El candidato a la presidencia del PRM, asegur\u00f3 que por las medidas asumidas por su gesti\u00f3n de gobierno, el Santiago de hoy, su gente y sus dirigentes a todos los niveles de la sociedad, es muy diferente al de hace 4 a\u00f1os.<\/p>\n<p>\u201cNo es el Santiago que clamaba por justicia en el gasto p\u00fablico y las inversiones. Hoy Santiago sabe que se hace justicia y se invierte desde el gobierno, las obras que no se realizaron en d\u00e9cadas\u201d, insisti\u00f3.<\/p>\n<p>El l\u00edder del PRM dijo que desde su llegada al Gobierno, trabaja para lograr las transformaciones necesarias \u201cpara hacer de la Rep\u00fablica Dominicana el pa\u00eds que merecemos, en todos los frentes y en todos los lugares. Y Santiago y la Regi\u00f3n Norte son protagonistas de ese cambio\u201d.<\/p>\n<p>Manifest\u00f3 que hoy dice presente con la satisfacci\u00f3n del deber cumplido con esta querida provincia y ciudad de Santiago, en este foro, que dijo, es un importante aporte a la democracia y al fortalecimiento institucional de la Rep\u00fablica Dominicana.<\/p>\n<p>Expres\u00f3 que ha cumplido con casi todas las obras discutidas y que por tantos a\u00f1os hab\u00edan pedido los santiagueros. \u201cObras de trasporte masivo como el telef\u00e9rico o el monorriel, el transformador saneamiento del Arroyo Gurabo conjuntamente con los miles de apartamentos para reubicar a las familias que resid\u00edan en la zona\u201d.<\/p>\n<p>En t\u00e9rminos de hospitales, cit\u00f3 el moderno hospital en San Jos\u00e9 de Las Matas, as\u00ed como la reconstrucci\u00f3n de los hospitales de Villa Gonz\u00e1lez, Navarrete y Sabana Iglesia y en obras viales la entrada en Santiago y las seis v\u00edas hasta La Vega.<\/p>\n<p>De igual forma, fueron completados los 7 kil\u00f3metros faltantes de la autopista Joaqu\u00edn Balaguer hasta la autopista Cienfuegos, reconstrucci\u00f3n y asfaltado de todo el circuito de la sierra y se termin\u00f3 el 50% de la carretera tur\u00edstica hacia Puerto Plata, la carretera Hermanas Mirabal y una amplia parte de la red de carreteras de la cordillera septentrional y est\u00e1 en construcci\u00f3n la circunvalaci\u00f3n de Navarrete.<\/p>\n<p>En la Sierra y sus municipios, expuso, se est\u00e1 reconstruyendo la mayor cantidad de carreteras y caminos en su historia y en agua potable y alcantarillado est\u00e1n en construcci\u00f3n los acueductos de Baitoa, Sabana Iglesia y Navarrete, as\u00ed como el alcantarillado sanitario del Licey, obras requeridas por d\u00e9cadas. Mientras que, las obras realizadas por CORAASAN han mejorado en m\u00e1s de un 20% el abastecimiento de agua en el municipio de Santiago.<\/p>\n<p>Abinader explic\u00f3 que mediante el programa Mi Vivienda del Ministerio de Vivienda, se ha logrado que casi 2,000 familias tengan sus apartamentos a la fecha, as\u00ed como la mejora de 1,900 viviendas vulnerables.<\/p>\n<p>\u201cTambi\u00e9n la remodelaci\u00f3n del centro hist\u00f3rico con el pr\u00f3ximo museo de arte en el antiguo hotel Mercedes y muchas otras obras menores. Decidimos, ejecutamos y cumplimos, esa es la m\u00e1xima de este gobierno y la que siempre seguiremos\u201d, manifest\u00f3.<\/p>\n<p>Crecimiento econ\u00f3mico de RD<\/p>\n<p>El candidato presidencial por el PRM, tambi\u00e9n se refiri\u00f3 al crecimiento econ\u00f3mico que experimenta hoy la Rep\u00fablica Dominicana, que dijo, es uno de los m\u00e1s robustos de la regi\u00f3n donde alcanz\u00f3 un notable crecimiento promedio del 6.7% del 2021 al 2003, muy superior a la media de Am\u00e9rica Latina de los tres \u00faltimos a\u00f1os.<\/p>\n<p>Apunt\u00f3 que el gobierno ha generado un excelente clima de confianza que se evidencia solo mirando el componente de inversi\u00f3n del PIB, el cual ha pasado de un promedio de 24.9% para el periodo 2001 al 2020 a 32% desde el 2021 al 2023.<\/p>\n<p>Sostuvo que este crecimiento es solo posible por el aporte significativo de la Regi\u00f3n Norte, que se ha mantenido como un pilar fundamental de la econom\u00eda. \u201cCon el 35% de la actividad econ\u00f3mica del pa\u00eds y el 40% de los empleos formales, el Cibao es un motor clave para nuestro desarrollo nacional\u201d.<\/p>\n<p>Puso como ejemplo de esto que en enero de 2024, las Mipymes en esta regi\u00f3n contribuyeron con 310,331 empleos formales, representando el 35% del empleo total generado por las Mipymes a nivel nacional.<\/p>\n<p>Tambi\u00e9n, destac\u00f3 que las exportaciones de zonas francas en el a\u00f1o 2023 alcanzaron los US$ 8,060 millones de d\u00f3lares, y las exportaciones de la Regi\u00f3n Norte representaron el 25.1% de este total, datos que evidencian el papel significativo que desempe\u00f1a la Regi\u00f3n Norte, y en particular el Cibao, en el desarrollo econ\u00f3mico del pa\u00eds y en el impulso de las exportaciones a nivel nacional.<\/p>\n<p>De igual forma, hizo referencia a la industria del tabaco, uno de los sectores que mayores aportes realiza a la econom\u00eda y un producto l\u00edder en exportaci\u00f3n que pasea por el mundo el sello dominicano de calidad impregnado en cada hoja.<\/p>\n<p>\u201cRep\u00fablica Dominicana es el principal productor de tabaco del mundo. Cosecheros, tabacaleros, fabricantes de cigarros, cajas y anillos, y empresarios de todo tipo de accesorios ligados a la producci\u00f3n y elaboraci\u00f3n de puros en Rep\u00fablica Dominicana hacen de este sector un referente a nivel mundial. Y Santiago es el epicentro de este \u00e9xito\u201d, signific\u00f3.<\/p>\n<p>Abinader agreg\u00f3 que desde el gobierno, se ha propuesto el relanzamiento de la industria del tabaco, elevando la competitividad del sector y entrando en nuevos mercados internacionales, lo que se traducen en mayor calidad del producto, aumento de las exportaciones y la creaci\u00f3n de nuevas oportunidades de trabajo.<\/p>\n<p>La industria del tabaco, revel\u00f3, constituye el tercer rubro de mayor exportaci\u00f3n bajo el r\u00e9gimen de zonas francas, alcanzando al cierre de 2023 el 14.5% del total exportado bajo dicho r\u00e9gimen, lo que equivale a m\u00e1s de 1,168 millones de d\u00f3lares, liderando la Regi\u00f3n Norte del pa\u00eds la producci\u00f3n de este importante rubro a nivel nacional con cerca del 80% de ese total.<\/p>\n<p>Agreg\u00f3 que estas exportaciones de tabaco, en la Regi\u00f3n Norte del pa\u00eds, experimentaron un extraordinario crecimiento de poco m\u00e1s de 60%, durante los \u00faltimos tres a\u00f1os de 2020 a 2023.<\/p>\n<p>\u201cEste buen comportamiento se registra tambi\u00e9n en materia de empleos. Al cierre de 2023, las zonas francas registraron m\u00e1s de 198,000 empleos directos, representando el subsector de tabaco y sus derivados el 21.5% de este total y manteni\u00e9ndose la Regi\u00f3n Norte del pa\u00eds en primera posici\u00f3n, con unos 35,193 puestos de trabajo directos, lo que equivale al 17.8% del empleo total que se registr\u00f3 bajo el r\u00e9gimen de zonas francas en dicho a\u00f1o. As\u00ed, y como ejemplo del \u00e9xito de empleo en esta regi\u00f3n podemos destacar Tamboril con pleno empleo\u201d, resalt\u00f3.<\/p>\n<p>El l\u00edder del PRM enfatiz\u00f3 que para lograr m\u00e1s y mejores empleos el antiguo local Cecarac del IAD, lo est\u00e1n convirtiendo en un recinto del ITLA, que estar\u00e1 listo para final de este a\u00f1o, para 4 mil estudiantes, el cual contar\u00e1 con 5,000 metros cuadrados, 12 aulas, \u00e1reas de servicios de primer nivel, habitaciones para estudiantes y con carreras de hasta dos a\u00f1os de duraci\u00f3n en software, Inteligencia Artificial, Ciencia de los datos, Videojuegos y realidad aumentada.<\/p>\n<p>Transformaci\u00f3n de las ciudades<\/p>\n<p>Abinader se\u00f1al\u00f3 que a los cambios profundos que este gobierno est\u00e1 desarrollando en el plano institucional y en todo el pa\u00eds, hay que sumar tambi\u00e9n la transformaci\u00f3n del entorno. \u201cLa transformaci\u00f3n de nuestras ciudades\u201d.<\/p>\n<p>\u201cA ese objetivo nos sumamos desde el primer momento, y sus reivindicaciones las hicimos nuestras y fueron compromisos que cumplir. El primer consejo de ministros fue precisamente aqu\u00ed para mostrar nuestro compromiso y nuestra visi\u00f3n\u201d, record\u00f3.<\/p>\n<p>Abinader explic\u00f3 que para el problema del crecimiento extensivo y desorganizado de numerosas ciudades, tambi\u00e9n est\u00e1n construyendo soluciones como ya se ha hecho con el telef\u00e9rico de Santiago, una nueva infraestructura forma parte del Sistema Integrado de Transporte de Santiago, iniciativa que cre\u00f3 desde el poder ejecutivo con objetivo de conseguir la integraci\u00f3n f\u00edsica, tecnol\u00f3gica y tarifaria de diferentes medios de transportes p\u00fablico y mejorar la calidad de vida de los habitantes de la ciudad.<\/p>\n<p>\u201cAqu\u00ed, hemos invertido m\u00e1s de 6 mil 500 millones de pesos e impactaremos de manera directa alrededor de 73,968 habitantes de 9 de los sectores m\u00e1s populosos de la ciudad de Santiago. Este es un transporte moderno con capacidad de transportar 4,000 pasajeros por hora por sentido, para un total de 8,000 personas por hora, y una capacidad de transporte diaria de 64 mil personas\u201d, inform\u00f3.<\/p>\n<p>Abinader indic\u00f3 que a esto, se tienen que sumar otras inversiones que mejorar\u00e1n la vida como el Monorriel, con capacidad de 200 mil viajes diarios por sentido y cuya primera prueba ser\u00e1 en este mes, para empezar a operar en su primera fase a finales de este a\u00f1o y su segunda fase a finales de 2025.<\/p>\n<p>\u201cAl terminar el Sistema Integrado de transportes, Santiago ser\u00e1 una de las ciudades con m\u00e1s alta conectividad de todo el caribe\u201d, afirm\u00f3.<\/p>\n<p>Como una de las obras transformadoras que impulsa el gobierno, se refiri\u00f3 a Arroyo Gurabo, que se encontraba extremadamente contaminado, afectando directamente a m\u00e1s de 2,700 familias de Santiago y a decenas de miles indirectamente, donde est\u00e1n realizando el saneamiento de la ca\u00f1ada con una obra incluye un hermoso parque, cancha deportiva, ciclov\u00eda, murales educativos, \u00e1rea de juegos infantiles, gimnasio al aire libre, anfiteatro y \u00e1reas verdes para el disfrute de toda la familia.<\/p>\n<p>Adem\u00e1s, el Gobierno Dominicano construye un proyecto habitacional que consta de un total de 150 edificios de cuatro niveles que suman 1,200 apartamentos para reubicar a las familias que viv\u00edan en los alrededores del Arroyo Gurabo, de los cuales m\u00e1s del 60% ya est\u00e1n entregados y el resto se entregar\u00e1n en el curso de este mismo a\u00f1o.<\/p>\n<p>Se avanza en soluci\u00f3n definitiva a situaci\u00f3n heredada de agua potable<\/p>\n<p>Abinader explic\u00f3 adem\u00e1s, que desde el gobierno y coordinado por INAPA se est\u00e1n realizando una serie de infraestructuras y reformas por todo el pa\u00eds que den la vuelta a la situaci\u00f3n heredada y de una soluci\u00f3n definitiva a un problema que hace mucho debiera estar resuelto.<\/p>\n<p>Adem\u00e1s, destac\u00f3 las cuantiosas inversiones en agua potable y aguas aegras a trav\u00e9s de COORASAN e INAPA, tanto en el municipio de Santiago, como de Navarrete, Sabana Iglesia, Baitoa, Pu\u00f1al, Guayabal, Canabacoa, Licey, Tamboril, destac\u00e1ndose la rehabilitaci\u00f3n de las plantas Noriega I y II.<\/p>\n<p>El l\u00edder de PRM consider\u00f3 que esta sostenibilidad ambiental no ser\u00eda completa sin un potente plan de movilidad, por eso precis\u00f3, est\u00e1n destinando esfuerzos para desarrollar una mejor red de autobuses a trav\u00e9s de la implementaci\u00f3n de distintos corredores en toda la ciudad.<\/p>\n<p>\u201cExiste un consenso social para ir en esa direcci\u00f3n, la misma que tienen las sociedades m\u00e1s avanzadas y comprometidas con la de la eficiencia, la salud y la justicia clim\u00e1tica. Apostamos as\u00ed por impulsar un transporte p\u00fablico metropolitano que sea capaz de dar un servicio de calidad\u201d, afirm\u00f3.<\/p>\n<p>*Desarrollar\u00e1 en pr\u00f3ximos a\u00f1os plan con m\u00e1s de 9 proyectos de trasformaci\u00f3n y accesibilidad urbana*<\/p>\n<p>El candidato presidencial del PRM enfatiz\u00f3 que, este modelo de transporte sostenible que quiere impulsar va acompa\u00f1ado de una importante actuaci\u00f3n de trasformaci\u00f3n y accesibilidad urbana. \u201cVamos a desarrollar en los pr\u00f3ximos a\u00f1os, un plan con m\u00e1s de 9 proyectos que mejorar\u00e1n m\u00e1s de 37 kil\u00f3metros de viales\u201d.<\/p>\n<p>Abinader apunt\u00f3 que para promover la sostenibilidad social, el gobierno ha puesto en marcha importantes medidas como acceso a la vivienda, esto con dos objetivos fundamentales: frenar la emergencia habitacional y lograr un aumento importante del parque de vivienda disponibles.<\/p>\n<p>El programa de Familia Feliz, expuso, es la actuaci\u00f3n p\u00fablico-privada en este \u00e1mbito m\u00e1s ambiciosa que jam\u00e1s un gobierno ha desarrollado en la historia del pa\u00eds.<\/p>\n<p>Afirm\u00f3 que el Gobierno es expresi\u00f3n de una ciudadan\u00eda organizada, que ha dado el salto a la instituci\u00f3n, para ponerla al servicio de la gente.<\/p>\n<p>Del mismo modo, se refiri\u00f3 a su apuesta por la cultura con la remodelaci\u00f3n del Centro Hist\u00f3rico, el hotel Mercedes, el edificio del correo, bellas artes y el museo Horacio V\u00e1squez, en Tamboril.<\/p>\n<p>Defini\u00f3 a Santiago como una ciudad para vivir y para ver, y por eso manifest\u00f3 est\u00e1n apostando a que sus encantos sean conocidos por todos y todas, como Visit Santiago, iniciativa conjunta p\u00fablico-privado, con todo el apoyo del Ministerio de Turismo, que quiere impulsar el turismo y colocar esta ciudad donde le corresponde en el mercado tur\u00edstico.<\/p>\n<p>El candidato presidencial del PRM finaliz\u00f3 su intervenci\u00f3n afirmando que \u201ceste gobierno ha hecho mucho y sabe que debe seguir haciendo m\u00e1s. Podemos seguir cambiando la piel de Santiago y conectarla con su alma de vanguardia y justa. Sigamos cambiando\u201d.<\/p>\n<p>Estuvieron presentes la vicepresidenta y candidata vicepresidencial, Raquel Pe\u00f1a; el alcalde electo de Santiago, Ulises Rodr\u00edguez; el candidato a senador por Santiago, Daniel Rivera; as\u00ed como los dirigentes del PRM, Wellington Arnaud, V\u00edctor Bison\u00f3, Igor Rodr\u00edguez, Rosa Santos, Andr\u00e9s Cueto, Andr\u00e9s Burgos, entre otros.<\/p>\n","protected":false},"excerpt":{"rendered":"<p>Santiago. \u2013 El candidato presidencial por el Partido Revolucionario Moderno (PRM), Luis Abinader, present\u00f3 este viernes su plan de gobierno, visi\u00f3n, objetivos y sus compromisos a nivel nacional y la Regi\u00f3n Norte, donde destac\u00f3 que en estos 4 a\u00f1os ha terminado o est\u00e1n por terminar obras por un valor de m\u00e1s de RD$110 mil millones [&hellip;]<\/p>\n","protected":false},"author":1,"featured_media":5742,"comment_status":"closed","ping_status":"closed","sticky":false,"template":"","format":"standard","meta":{"_eb_attr":"","footnotes":""},"categories":[36],"tags":[],"_links":{"self":[{"href":"https:\/\/informedesalud.com.do\/index.php?rest_route=\/wp\/v2\/posts\/5729"}],"collection":[{"href":"https:\/\/informedesalud.com.do\/index.php?rest_route=\/wp\/v2\/posts"}],"about":[{"href":"https:\/\/informedesalud.com.do\/index.php?rest_route=\/wp\/v2\/types\/post"}],"author":[{"embeddable":true,"href":"https:\/\/informedesalud.com.do\/index.php?rest_route=\/wp\/v2\/users\/1"}],"replies":[{"embeddable":true,"href":"https:\/\/informedesalud.com.do\/index.php?rest_route=%2Fwp%2Fv2%2Fcomments&post=5729"}],"version-history":[{"count":1,"href":"https:\/\/informedesalud.com.do\/index.php?rest_route=\/wp\/v2\/posts\/5729\/revisions"}],"predecessor-version":[{"id":5743,"href":"https:\/\/informedesalud.com.do\/index.php?rest_route=\/wp\/v2\/posts\/5729\/revisions\/5743"}],"wp:featuredmedia":[{"embeddable":true,"href":"https:\/\/informedesalud.com.do\/index.php?rest_route=\/wp\/v2\/media\/5742"}],"wp:attachment":[{"href":"https:\/\/informedesalud.com.do\/index.php?rest_route=%2Fwp%2Fv2%2Fmedia&parent=5729"}],"wp:term":[{"taxonomy":"category","embeddable":true,"href":"https:\/\/informedesalud.com.do\/index.php?rest_route=%2Fwp%2Fv2%2Fcategories&post=5729"},{"taxonomy":"post_tag","embeddable":true,"href":"https:\/\/informedesalud.com.do\/index.php?rest_route=%2Fwp%2Fv2%2Ftags&post=5729"}],"curies":[{"name":"wp","href":"https:\/\/api.w.org\/{rel}","templated":true}]}}