{"id":5723,"date":"2024-04-15T18:15:46","date_gmt":"2024-04-15T16:15:46","guid":{"rendered":"https:\/\/laconsultamedica.com.do\/?p=13168"},"modified":"2024-04-15T18:16:13","modified_gmt":"2024-04-15T16:16:13","slug":"comision-reforma-educativa-policia-presenta-nueva-estructura-ipes","status":"publish","type":"post","link":"https:\/\/informedesalud.com.do\/?p=5723","title":{"rendered":"Comisi\u00f3n reforma educativa polic\u00eda presenta nueva estructura IPES"},"content":{"rendered":"<p>Santo Domingo. \u2013 La Comisi\u00f3n T\u00e9cnica para la Reforma y Reestructuraci\u00f3n del Sistema Educativo Policial, junto a las sub comisiones que le integran presentaron hoy \u00c9l Debe Ser del Instituto Policial de Educaci\u00f3n Superior (IPES), en una jornada donde se present\u00f3 dos a\u00f1os de trabajo.<\/p>\n<p>Denominado como el inicio de un hito, los expertos en educaci\u00f3n presentaron una propuesta que abarca: Modelo educativo, estructura, normativa e infraestructura f\u00edsica y tecnol\u00f3gica. Luego debe ser aprobada por las instancias correspondientes. <\/p>\n<p>La transformaci\u00f3n educativa policial es una realidad, ha expresado la presidenta de la Comisi\u00f3n T\u00e9cnica para la Reforma y Reestructuraci\u00f3n del Sistema Educativo Policial, Mukien Sang Ben, en sus palabras de apertura a la secci\u00f3n de trabajo. <\/p>\n<p>Avance seg\u00fan programa de trabajo<br \/>\n\u201cHoy es un hito en la historia de la Reforma Policial, porque hace dos a\u00f1os est\u00e1bamos hablando de un plan de trabajo, con dos componentes, uno de lo cotidiano y otro \u00c9l Debe Ser. Planteamos nuestros prop\u00f3sitos como Comisi\u00f3n, donde buscamos convertir al IPES en un verdadero Instituto Especializado de Educaci\u00f3n Superior hasta ahora solo es un Instituto, \u00bfqu\u00e9 significa ese cambio?, ah\u00ed esta El Debe Ser. Dijo Sang Ben.<\/p>\n<figure class=\"wp-block-image size-large\"><img loading=\"lazy\" class=\"wp-image-13167\" loading=\"lazy\" decoding=\"async\" width=\"1024\" height=\"768\" src=\"https:\/\/laconsultamedica.com.do\/wp-content\/uploads\/2024\/04\/img-20240412-wa00099222196382536888105-1024x768.jpg\" alt=\"\" srcset=\"https:\/\/laconsultamedica.com.do\/wp-content\/uploads\/2024\/04\/img-20240412-wa00099222196382536888105-1024x768.jpg 1024w, https:\/\/laconsultamedica.com.do\/wp-content\/uploads\/2024\/04\/img-20240412-wa00099222196382536888105-300x225.jpg 300w, https:\/\/laconsultamedica.com.do\/wp-content\/uploads\/2024\/04\/img-20240412-wa00099222196382536888105-768x576.jpg 768w, https:\/\/laconsultamedica.com.do\/wp-content\/uploads\/2024\/04\/img-20240412-wa00099222196382536888105-750x563.jpg 750w, https:\/\/laconsultamedica.com.do\/wp-content\/uploads\/2024\/04\/img-20240412-wa00099222196382536888105-1140x855.jpg 1140w, https:\/\/laconsultamedica.com.do\/wp-content\/uploads\/2024\/04\/img-20240412-wa00099222196382536888105.jpg 1448w\" sizes=\"(max-width: 1024px) 100vw, 1024px\"><\/figure>\n<p>Agrego que, \u201cCrear un modelo educativo basado en competencias que esta siendo operado en este momento, programas acad\u00e9micos actualizados, contratar profesores e instructores mejores preparados y as\u00ed lo hemos logrado con el apoyo de organizaciones internacionales como INL, reformular la estructura organizacional la cual ha sido iniciada por especialistas de personal, actualizar la normativa vigente que tambi\u00e9n ha sido realizada y hemos visto cambios importantes junto a la emisi\u00f3n de dos decretos, y adecuaci\u00f3n de la estructura f\u00edsica y tecnol\u00f3gica son de los planes de meses atr\u00e1s que hoy son una realidad para el sistema educativo de la Polic\u00eda Nacional\u201d. <\/p>\n<p>2 \/ 2<br \/>\nUna nueva educaci\u00f3n<br \/>\nLa presidenta de la Comisi\u00f3n T\u00e9cnica asegura que proponen un nuevo IPES, y que estos cambios inician con la autorizaci\u00f3n del presidente Luis Abinader, quien ha mostrado determinaci\u00f3n para llevar a cabo esta reforma.<\/p>\n<p>Mukien afirm\u00f3 que, \u201cEl plan de trabajo de esta Comisi\u00f3n integrada por educadores y miembros de la sociedad civil, fue trazado con hitos, y hemos cumplido al pie de la letra, gracias a los miembros, a los coordinadores por el trabajo y sobre todo a los polic\u00edas que se han involucrado\u201d.<\/p>\n<figure class=\"wp-block-image size-large\"><img loading=\"lazy\" class=\"wp-image-13166\" loading=\"lazy\" decoding=\"async\" width=\"1024\" height=\"768\" src=\"https:\/\/laconsultamedica.com.do\/wp-content\/uploads\/2024\/04\/img-20240412-wa00115962483193165419006-1024x768.jpg\" alt=\"\" srcset=\"https:\/\/laconsultamedica.com.do\/wp-content\/uploads\/2024\/04\/img-20240412-wa00115962483193165419006-1024x768.jpg 1024w, https:\/\/laconsultamedica.com.do\/wp-content\/uploads\/2024\/04\/img-20240412-wa00115962483193165419006-300x225.jpg 300w, https:\/\/laconsultamedica.com.do\/wp-content\/uploads\/2024\/04\/img-20240412-wa00115962483193165419006-768x576.jpg 768w, https:\/\/laconsultamedica.com.do\/wp-content\/uploads\/2024\/04\/img-20240412-wa00115962483193165419006-750x563.jpg 750w, https:\/\/laconsultamedica.com.do\/wp-content\/uploads\/2024\/04\/img-20240412-wa00115962483193165419006-1140x855.jpg 1140w, https:\/\/laconsultamedica.com.do\/wp-content\/uploads\/2024\/04\/img-20240412-wa00115962483193165419006.jpg 1448w\" sizes=\"(max-width: 1024px) 100vw, 1024px\"><\/figure>\n<p>\u00bfQu\u00e9 sigue?<br \/>\nAseguran que las acciones que componen el \u00faltimo hito inician a desarrollarse a partir de ahora, cuando sea aprobada la propuesta que contiene la nueva estructura, posteriormente se pondr\u00e1 en funcionamiento y ser\u00e1 evaluada seg\u00fan el plan operativo. <\/p>\n<p>En la secci\u00f3n de trabajo realizada en el IPES, participaron los miembros de la Junta Directiva y el Comit\u00e9 Acad\u00e9mico, el reci\u00e9n juramentado rector, el coronel Cecilio F. Delgado Agramonte, los vicerrectores; la coronela Aida Mar\u00eda Valdez Liranzo, el coronel Rafael Alfredo Isaac Feliz Mart\u00ednez y la asimilada Fanny Torres Rosario. Adem\u00e1s, asistieron los directores de escuelas y personal administrativo.<\/p>\n","protected":false},"excerpt":{"rendered":"<p>Santo Domingo. \u2013 La Comisi\u00f3n T\u00e9cnica para la Reforma y Reestructuraci\u00f3n del Sistema Educativo Policial, junto a las sub comisiones que le integran presentaron hoy \u00c9l Debe Ser del Instituto Policial de Educaci\u00f3n Superior (IPES), en una jornada donde se present\u00f3 dos a\u00f1os de trabajo. Denominado como el inicio de un hito, los expertos en [&hellip;]<\/p>\n","protected":false},"author":1,"featured_media":5769,"comment_status":"closed","ping_status":"closed","sticky":false,"template":"","format":"standard","meta":{"_eb_attr":"","footnotes":""},"categories":[36],"tags":[],"_links":{"self":[{"href":"https:\/\/informedesalud.com.do\/index.php?rest_route=\/wp\/v2\/posts\/5723"}],"collection":[{"href":"https:\/\/informedesalud.com.do\/index.php?rest_route=\/wp\/v2\/posts"}],"about":[{"href":"https:\/\/informedesalud.com.do\/index.php?rest_route=\/wp\/v2\/types\/post"}],"author":[{"embeddable":true,"href":"https:\/\/informedesalud.com.do\/index.php?rest_route=\/wp\/v2\/users\/1"}],"replies":[{"embeddable":true,"href":"https:\/\/informedesalud.com.do\/index.php?rest_route=%2Fwp%2Fv2%2Fcomments&post=5723"}],"version-history":[{"count":1,"href":"https:\/\/informedesalud.com.do\/index.php?rest_route=\/wp\/v2\/posts\/5723\/revisions"}],"predecessor-version":[{"id":5770,"href":"https:\/\/informedesalud.com.do\/index.php?rest_route=\/wp\/v2\/posts\/5723\/revisions\/5770"}],"wp:featuredmedia":[{"embeddable":true,"href":"https:\/\/informedesalud.com.do\/index.php?rest_route=\/wp\/v2\/media\/5769"}],"wp:attachment":[{"href":"https:\/\/informedesalud.com.do\/index.php?rest_route=%2Fwp%2Fv2%2Fmedia&parent=5723"}],"wp:term":[{"taxonomy":"category","embeddable":true,"href":"https:\/\/informedesalud.com.do\/index.php?rest_route=%2Fwp%2Fv2%2Fcategories&post=5723"},{"taxonomy":"post_tag","embeddable":true,"href":"https:\/\/informedesalud.com.do\/index.php?rest_route=%2Fwp%2Fv2%2Ftags&post=5723"}],"curies":[{"name":"wp","href":"https:\/\/api.w.org\/{rel}","templated":true}]}}