{"id":5717,"date":"2024-04-13T18:17:27","date_gmt":"2024-04-13T16:17:27","guid":{"rendered":"https:\/\/laconsultamedica.com.do\/?p=13153"},"modified":"2024-04-15T18:21:29","modified_gmt":"2024-04-15T16:21:29","slug":"rd-es-sede-de-la-xxi-reunion-red-de-presupuesto-por-resultados-de-america-latina-y-el-caribe","status":"publish","type":"post","link":"https:\/\/informedesalud.com.do\/?p=5717","title":{"rendered":"RD es sede de la XXI Reuni\u00f3n Red de Presupuesto por Resultados de Am\u00e9rica Latina y el Caribe"},"content":{"rendered":"<p>Punta Cana, La Altagracia.- Con la participaci\u00f3n de directores de Presupuesto de 17 pa\u00edses, la Rep\u00fablica Dominicana es la sede de la XXI Reuni\u00f3n de la Red de Presupuesto por Resultados de Am\u00e9rica Latina y el Caribe, un encuentro que tiene como objetivo, intercambiar y aprovechar las buenas pr\u00e1cticas, potenciar la colaboraci\u00f3n entre los pa\u00edses y elaborar un plan de trabajo de la Red, para el per\u00edodo 2024-2025.<\/p>\n<p>La actividad, que se lleva a cabo del 10 al 12 de abril en la provincia La Altagracia, re\u00fane a directores y representantes de Presupuesto de Argentina, Brasil, Chile, Costa Rica, Colombia, Ecuador, El Salvador, Guatemala, Honduras, Panam\u00e1, Per\u00fa, Paraguay, Uruguay, Barbados, Belize y Guyana.<\/p>\n<p>Las palabras de bienvenida a la primera sesi\u00f3n de trabajo estuvieron a cargo de Derby de los Santos, viceministro del Tesoro, en representaci\u00f3n del ministro de Hacienda, Jos\u00e9 Manuel Vicente; Luis Madera Sued, viceministro de Planificaci\u00f3n e Inversi\u00f3n P\u00fablica, en representaci\u00f3n del ministro de Econom\u00eda, Planificaci\u00f3n y Desarrollo, P\u00e1vel Isa Contreras; Teodora Recalde, presidenta de la Red de Presupuesto por Resultados de Am\u00e9rica Latina, y Ariel Zaltsman, especialista fiscal del Banco Interamericano de Desarrollo (BID), quienes de manera independiente hicieron \u00e9nfasis en el tema medioambiental y cambio clim\u00e1tico.<\/p>\n<p>Derby de los Santos, al abordar el tema resalt\u00f3 el compromiso del Gobierno dominicano para hacer frente a la problem\u00e1tica del cambio clim\u00e1tico, donde destac\u00f3 el arduo trabajo que desarrolla con iniciativas de resiliencia a trav\u00e9s del principal instrumento de las finanzas p\u00fablicas. \u201cEncuentros como \u00e9ste permiten exponer nuestras iniciativas y conocer las que emplean naciones hermanas en la adaptaci\u00f3n y lucha contra este fen\u00f3meno por el abordaje de buenas pr\u00e1cticas y experiencias\u201d, destac\u00f3.<\/p>\n<p>De su lado, Luis Madera Sued, viceministro del Mepyd, se\u00f1al\u00f3 la importancia de la presupuestaci\u00f3n por resultados como una de las grandes apuestas del Gobierno dominicano, alineado con la visi\u00f3n de vincular la planificaci\u00f3n al presupuesto. \u201cLa gesti\u00f3n por resultados es una de las grandes sombrillas de esta nueva forma de hacer las pol\u00edticas, no centrarnos en lo que hacemos sino en lo que logramos en nuestra gente y hay que decir que la instituci\u00f3n pionera en este paradigma ha sido la Direcci\u00f3n General de Presupuesto\u201d, apunt\u00f3 Madera.<\/p>\n<p>Del mismo modo, Teodora Recalde, presidenta de la Red, resalt\u00f3 los desaf\u00edos fundamentales que afectan directamente a las sociedades, marcados por la emergencia clim\u00e1tica global y estableciendo que los presupuestos, la responsabilidad fiscal y la eficacia, pueden ser una herramienta activa en el uso de recursos.<\/p>\n<p>Ariel Zaltsman, del BID, dijo sentirse complacido con la actividad y la Rep\u00fablica Dominicana como pa\u00eds sede, por las iniciativas que desarrolla, tanto en temas de presupuestaci\u00f3n por resultados y la adaptaci\u00f3n y mitigaci\u00f3n al cambio clim\u00e1tico, respaldados por el BID, tanto a nivel de recursos como de cooperaci\u00f3n t\u00e9cnica.<\/p>\n<p>En el encuentro de tres d\u00edas se socializan temas como retos y desaf\u00edos fiscales para Am\u00e9rica Latina y el Caribe ante la emergencia clim\u00e1tica global y el rol del presupuesto por resultado; transparencia de la pol\u00edtica p\u00fablica clim\u00e1tica; avances en la identificaci\u00f3n del gasto p\u00fablico clim\u00e1tico en Am\u00e9rica Latina y el Caribe; \u00bfC\u00f3mo aprovechar las pr\u00e1cticas implementadas en ALC para tener un impacto positivo hacia el medio ambiente?; monitoreo y evaluaci\u00f3n del gasto relacionado con el clima y su potencial para contribuir a mitigar el cambio clim\u00e1tico, y uso de la tecnolog\u00eda de la informaci\u00f3n avanzada en presupuesto.<\/p>\n<p>La actividad cont\u00f3 con la participaci\u00f3n de colaboradores de Direcci\u00f3n General de Presupuesto, como instituci\u00f3n anfitriona, con la colaboraci\u00f3n del Banco Interamericano de Desarrollo (BID); adem\u00e1s, del Ministerio de Econom\u00eda Planificaci\u00f3n y Desarrollo (Mepyd), Ministerio de Medio Ambiente y Recursos Naturales, Ministerio de Energ\u00eda y Minas, Oficina Nacional Evaluaci\u00f3n S\u00edsmica y Vulnerabilidad de Infraestructura y Edificaciones (Onesvie), Comisi\u00f3n de Fomento a la Tecnificaci\u00f3n del Sistema Nacional de Riego, Unidad T\u00e9cnica Ejecutora de Proyectos de Desarrollo Agroforestal  (UTEPDA), Jard\u00edn Bot\u00e1nico Nacional, t\u00e9cnicos y personal calificado de las instituciones participantes.<\/p>\n<p>Rijo Presbot: cambio clim\u00e1tico, como prioridad nacional<\/p>\n<p>Jos\u00e9 Rijo Presbot, director general de Presupuesto, estuvo a cargo del cierre del primer d\u00eda de la Reuni\u00f3n de la Red de Presupuesto por Resultados de Am\u00e9rica Latina y el Caribe. En su discurso, Rijo agradeci\u00f3 a los presentes y a la presidenta de la Red, por la escogencia del pa\u00eds como sede del evento.<\/p>\n<p>As\u00ed mismo, valor\u00f3 el intercambio de experiencias entre los pa\u00edses representados, como una muestra del firme compromiso de que los gastos vinculados a cambio clim\u00e1tico, protecci\u00f3n de la biodiversidad y gesti\u00f3n de riesgos de desastres se encuentren debidamente identificados y transparentados en los presupuestos generales de cada Estado.<\/p>\n<p>\u201cLos temas de prevenci\u00f3n del cambio clim\u00e1tico y mitigaci\u00f3n de sus riesgos es un tema especialmente importante para la Rep\u00fablica Dominicana. En el per\u00edodo 2000-2019, entre los pa\u00edses m\u00e1s afectados por eventos clim\u00e1ticos extremos est\u00e1n Puerto Rico y Hait\u00ed; es evidente que, el hecho de que la Rep\u00fablica Dominicana no aparezca en el top 10, es un asunto de pura suerte\u201d, explic\u00f3 Rijo Presbot.<\/p>\n<p>A nivel de finanzas p\u00fablicas y en el marco presupuestario en particular, Rijo se\u00f1al\u00f3 c\u00f3mo los pa\u00edses se han estado preparando y optimizando metodolog\u00edas y t\u00e9cnicas para la identificaci\u00f3n del conjunto de acciones gubernamentales, en este caso, de manera espec\u00edfica con enfoque en el clima.<\/p>\n<p>La Reuni\u00f3n de la Red de Presupuesto por Resultados de Am\u00e9rica Latina y El Caribe se realiza cada a\u00f1o desde el 2003, para analizar en forma comparativa la experiencia en los pa\u00edses de la OCDE en el \u00e1mbito de la gesti\u00f3n por resultados.<\/p>\n","protected":false},"excerpt":{"rendered":"<p>Punta Cana, La Altagracia.- Con la participaci\u00f3n de directores de Presupuesto de 17 pa\u00edses, la Rep\u00fablica Dominicana es la sede de la XXI Reuni\u00f3n de la Red de Presupuesto por Resultados de Am\u00e9rica Latina y el Caribe, un encuentro que tiene como objetivo, intercambiar y aprovechar las buenas pr\u00e1cticas, potenciar la colaboraci\u00f3n entre los pa\u00edses [&hellip;]<\/p>\n","protected":false},"author":1,"featured_media":5775,"comment_status":"closed","ping_status":"closed","sticky":false,"template":"","format":"standard","meta":{"_eb_attr":"","footnotes":""},"categories":[43],"tags":[],"_links":{"self":[{"href":"https:\/\/informedesalud.com.do\/index.php?rest_route=\/wp\/v2\/posts\/5717"}],"collection":[{"href":"https:\/\/informedesalud.com.do\/index.php?rest_route=\/wp\/v2\/posts"}],"about":[{"href":"https:\/\/informedesalud.com.do\/index.php?rest_route=\/wp\/v2\/types\/post"}],"author":[{"embeddable":true,"href":"https:\/\/informedesalud.com.do\/index.php?rest_route=\/wp\/v2\/users\/1"}],"replies":[{"embeddable":true,"href":"https:\/\/informedesalud.com.do\/index.php?rest_route=%2Fwp%2Fv2%2Fcomments&post=5717"}],"version-history":[{"count":1,"href":"https:\/\/informedesalud.com.do\/index.php?rest_route=\/wp\/v2\/posts\/5717\/revisions"}],"predecessor-version":[{"id":5776,"href":"https:\/\/informedesalud.com.do\/index.php?rest_route=\/wp\/v2\/posts\/5717\/revisions\/5776"}],"wp:featuredmedia":[{"embeddable":true,"href":"https:\/\/informedesalud.com.do\/index.php?rest_route=\/wp\/v2\/media\/5775"}],"wp:attachment":[{"href":"https:\/\/informedesalud.com.do\/index.php?rest_route=%2Fwp%2Fv2%2Fmedia&parent=5717"}],"wp:term":[{"taxonomy":"category","embeddable":true,"href":"https:\/\/informedesalud.com.do\/index.php?rest_route=%2Fwp%2Fv2%2Fcategories&post=5717"},{"taxonomy":"post_tag","embeddable":true,"href":"https:\/\/informedesalud.com.do\/index.php?rest_route=%2Fwp%2Fv2%2Ftags&post=5717"}],"curies":[{"name":"wp","href":"https:\/\/api.w.org\/{rel}","templated":true}]}}