{"id":5715,"date":"2024-04-13T18:16:29","date_gmt":"2024-04-13T16:16:29","guid":{"rendered":"https:\/\/laconsultamedica.com.do\/?p=13163"},"modified":"2024-04-15T18:17:30","modified_gmt":"2024-04-15T16:17:30","slug":"cdp-e-ippp-galardonan-a-empresario-pepin-corripio-a-persio-maldonado-y-a-14-dirigentes-del-gremio","status":"publish","type":"post","link":"https:\/\/informedesalud.com.do\/?p=5715","title":{"rendered":"CDP e IPPP galardonan a empresario Pep\u00edn Corripio, a Persio Maldonado y a 14 dirigentes del gremio"},"content":{"rendered":"<p>SANTO DOMINGO.- El Colegio Dominicano de Periodistas (CDP) y el Instituto de Previsi\u00f3n y Protecci\u00f3n del Periodista (IPPP) organizaron una ceremonia en la que galardonaron al empresario Jos\u00e9 Luis Corripio Estrada (Pep\u00edn), a Persio Maldonado, director del peri\u00f3dico El Nuevo Diario y presidente de la Sociedad Dominicana de Diarios (SDD), a 14 dirigentes y exdirigentes del gremio.<\/p>\n<p>Durante la actividad, celebrada el 11 de abril en la sede del CDP, como parte del programa del mes del periodista, se resaltaron los aportes de Pep\u00edn Corripio a la sociedad, al pueblo y a la democracia dominicana, sobre todo en el \u00e1rea de las comunicaciones y la prensa, en cuyo sector ha hecho cuantiosas inversiones, siendo propietario de los m\u00e1s importantes peri\u00f3dicos y de influyentes canales de televisi\u00f3n y emisoras de radio, contribuyendo significativamente al ejercicio del periodismo, al crecimiento y desarrollo de esta profesi\u00f3n y a la libertad de expresi\u00f3n y difusi\u00f3n del pensamiento.<\/p>\n<figure class=\"wp-block-image size-large\"><img fetchpriority=\"high\" class=\"wp-image-13159\" fetchpriority=\"high\" decoding=\"async\" width=\"1024\" height=\"681\" src=\"https:\/\/laconsultamedica.com.do\/wp-content\/uploads\/2024\/04\/polish_20240412_0437291122757299470048488322-1024x681.jpg\" alt=\"\" srcset=\"https:\/\/laconsultamedica.com.do\/wp-content\/uploads\/2024\/04\/polish_20240412_0437291122757299470048488322-1024x681.jpg 1024w, https:\/\/laconsultamedica.com.do\/wp-content\/uploads\/2024\/04\/polish_20240412_0437291122757299470048488322-300x199.jpg 300w, https:\/\/laconsultamedica.com.do\/wp-content\/uploads\/2024\/04\/polish_20240412_0437291122757299470048488322-768x511.jpg 768w, https:\/\/laconsultamedica.com.do\/wp-content\/uploads\/2024\/04\/polish_20240412_0437291122757299470048488322-750x499.jpg 750w, https:\/\/laconsultamedica.com.do\/wp-content\/uploads\/2024\/04\/polish_20240412_0437291122757299470048488322.jpg 1080w\" sizes=\"(max-width: 1024px) 100vw, 1024px\"><\/figure>\n<p>Tambi\u00e9n se hizo menci\u00f3n de sus contribuciones a la creaci\u00f3n de miles de empleos, con lo que hace un gran aporte al crecimiento y a la estabilidad econ\u00f3mica del pa\u00eds, y a la dignificaci\u00f3n de la vida de miles de personas.<\/p>\n<p>\u00abPep\u00edn es el empresario de la comunicaci\u00f3n que m\u00e1s ha contribuido con el fortalecimiento institucional de los intereses colectivos de los periodistas y trabajadores de la prensa, a trav\u00e9s de los gremios que representan este sector profesional, como el Colegio Dominicano de Periodistas (CDP), el Instituto de Previsi\u00f3n y Protecci\u00f3n del Periodista (IPPP) y el Sindicato Nacional de Trabajadores de la Prensa (SNTP)\u00bb, expres\u00f3 Olivo de Le\u00f3n, presidente del IPPP, quien organiz\u00f3 la actividad.<\/p>\n<figure class=\"wp-block-image size-large\"><img class=\"wp-image-13161\" decoding=\"async\" width=\"1024\" height=\"681\" src=\"https:\/\/laconsultamedica.com.do\/wp-content\/uploads\/2024\/04\/polish_20240412_0438293964209791701948116966-1024x681.jpg\" alt=\"\" srcset=\"https:\/\/laconsultamedica.com.do\/wp-content\/uploads\/2024\/04\/polish_20240412_0438293964209791701948116966-1024x681.jpg 1024w, https:\/\/laconsultamedica.com.do\/wp-content\/uploads\/2024\/04\/polish_20240412_0438293964209791701948116966-300x199.jpg 300w, https:\/\/laconsultamedica.com.do\/wp-content\/uploads\/2024\/04\/polish_20240412_0438293964209791701948116966-768x511.jpg 768w, https:\/\/laconsultamedica.com.do\/wp-content\/uploads\/2024\/04\/polish_20240412_0438293964209791701948116966-750x499.jpg 750w, https:\/\/laconsultamedica.com.do\/wp-content\/uploads\/2024\/04\/polish_20240412_0438293964209791701948116966.jpg 1080w\" sizes=\"(max-width: 1024px) 100vw, 1024px\"><\/figure>\n<p>En tanto, que de Persio Maldonado se hizo referencias a su esp\u00edritu emprendedor, a su actitud solidaria, de colaboraci\u00f3n, de respeto y cari\u00f1o hacia los periodistas y sus organizaciones.<\/p>\n<p>Se destacaron sus aportes a trav\u00e9s de sus editoriales en El Nuevo Diario, su disposici\u00f3n y actitud mediadora para llevar la armon\u00eda y buena convivencia donde quiera que va.<\/p>\n<p>\u00abPersio Maldonado ha sido, y es, un apoyo permanente a los gremios de la prensa, con los que ha contribuido a su fortalecimiento, a su crecimiento, a su trabajo, por lo que le estamos siempre muy agradecido\u00bb, precis\u00f3 De Le\u00f3n.<\/p>\n","protected":false},"excerpt":{"rendered":"<p>SANTO DOMINGO.- El Colegio Dominicano de Periodistas (CDP) y el Instituto de Previsi\u00f3n y Protecci\u00f3n del Periodista (IPPP) organizaron una ceremonia en la que galardonaron al empresario Jos\u00e9 Luis Corripio Estrada (Pep\u00edn), a Persio Maldonado, director del peri\u00f3dico El Nuevo Diario y presidente de la Sociedad Dominicana de Diarios (SDD), a 14 dirigentes y exdirigentes [&hellip;]<\/p>\n","protected":false},"author":1,"featured_media":5771,"comment_status":"closed","ping_status":"closed","sticky":false,"template":"","format":"standard","meta":{"_eb_attr":"","footnotes":""},"categories":[43],"tags":[],"_links":{"self":[{"href":"https:\/\/informedesalud.com.do\/index.php?rest_route=\/wp\/v2\/posts\/5715"}],"collection":[{"href":"https:\/\/informedesalud.com.do\/index.php?rest_route=\/wp\/v2\/posts"}],"about":[{"href":"https:\/\/informedesalud.com.do\/index.php?rest_route=\/wp\/v2\/types\/post"}],"author":[{"embeddable":true,"href":"https:\/\/informedesalud.com.do\/index.php?rest_route=\/wp\/v2\/users\/1"}],"replies":[{"embeddable":true,"href":"https:\/\/informedesalud.com.do\/index.php?rest_route=%2Fwp%2Fv2%2Fcomments&post=5715"}],"version-history":[{"count":1,"href":"https:\/\/informedesalud.com.do\/index.php?rest_route=\/wp\/v2\/posts\/5715\/revisions"}],"predecessor-version":[{"id":5772,"href":"https:\/\/informedesalud.com.do\/index.php?rest_route=\/wp\/v2\/posts\/5715\/revisions\/5772"}],"wp:featuredmedia":[{"embeddable":true,"href":"https:\/\/informedesalud.com.do\/index.php?rest_route=\/wp\/v2\/media\/5771"}],"wp:attachment":[{"href":"https:\/\/informedesalud.com.do\/index.php?rest_route=%2Fwp%2Fv2%2Fmedia&parent=5715"}],"wp:term":[{"taxonomy":"category","embeddable":true,"href":"https:\/\/informedesalud.com.do\/index.php?rest_route=%2Fwp%2Fv2%2Fcategories&post=5715"},{"taxonomy":"post_tag","embeddable":true,"href":"https:\/\/informedesalud.com.do\/index.php?rest_route=%2Fwp%2Fv2%2Ftags&post=5715"}],"curies":[{"name":"wp","href":"https:\/\/api.w.org\/{rel}","templated":true}]}}