{"id":5278,"date":"2024-03-28T12:08:38","date_gmt":"2024-03-28T11:08:38","guid":{"rendered":"https:\/\/laconsultamedica.com.do\/?p=12382"},"modified":"2024-03-28T12:09:06","modified_gmt":"2024-03-28T11:09:06","slug":"con-7-mil-agentes-a-nivel-nacional-lanzan-operativo-conciencia-por-la-vida-semana-santa-2024","status":"publish","type":"post","link":"https:\/\/informedesalud.com.do\/?p=5278","title":{"rendered":"Con 7 mil agentes a nivel nacional, lanzan Operativo Conciencia por la Vida Semana Santa 2024"},"content":{"rendered":"<p>SANTO DOMINGO. \u2013 La Polic\u00eda Nacional junto a otras autoridades lanzaron este martes de manera simult\u00e1nea el \u201cOperativo Conciencia por la Vida Semana Santa 2024\u201d, en el que distribuy\u00f3 7 mil agentes en todo el territorio nacional, con la finalidad de asegurar y proteger a los ciudadanos que se desplacen a los diferentes puntos durante el asueto de la Semana Santa.<\/p>\n<p>El director general de la Polic\u00eda, mayor general Ram\u00f3n Antonio Guzm\u00e1n Peralta, indic\u00f3 que para estos fines, la instituci\u00f3n incrementar\u00e1 la presencia \u201csignificativa\u201d en todas las v\u00edas troncales del pa\u00eds con camionetas y motocicletas de alto cilindraje, los cuales estar\u00e1n equipados con la log\u00edstica necesaria \u201cpara garantizar el desplazamiento seguro para aquellos que decidan transitar durante estos d\u00edas\u201d.<\/p>\n<p>Asimismo, asegur\u00f3 que estar\u00e1n garantizando la seguridad p\u00fablica en todos los destinos tur\u00edsticos, sin descuidar su responsabilidad de proteger las propiedades p\u00fablicas y privadas, la seguridad vial y la seguridad tur\u00edstica.<\/p>\n<figure class=\"wp-block-image size-large\"><img fetchpriority=\"high\" class=\"wp-image-12378\" fetchpriority=\"high\" decoding=\"async\" width=\"640\" height=\"426\" src=\"https:\/\/laconsultamedica.com.do\/wp-content\/uploads\/2024\/03\/whatsapp-image-2024-03-26-at-103882379628108459594.jpeg\" alt=\"\" srcset=\"https:\/\/laconsultamedica.com.do\/wp-content\/uploads\/2024\/03\/whatsapp-image-2024-03-26-at-103882379628108459594.jpeg 640w, https:\/\/laconsultamedica.com.do\/wp-content\/uploads\/2024\/03\/whatsapp-image-2024-03-26-at-103882379628108459594-300x200.jpeg 300w\" sizes=\"(max-width: 640px) 100vw, 640px\"><figcaption class=\"wp-element-caption\">Ram\u00f3n Antonio Guzm\u00e1n Peralta<\/figcaption><\/figure>\n<p>De su lado, el ministro de Interior y Polic\u00eda, Jes\u00fas V\u00e1zquez Mart\u00ednez, exhort\u00f3 a los agentes policiales y a los miembros de las Fuerzas Armadas a actuar correctamente con el protocolo de rigor, siendo respetuoso de los derechos humanos a la hora de abordar a los ciudadanos que se desplazan por las calles, autopistas y carreteras de todo el pa\u00eds.<\/p>\n<p>\u201cSu buen comportamiento debe servir de motivaci\u00f3n y ejemplo para aquellos ciudadanos que de una forma u otra se vean en situaciones de conflictos con la ley\u201d, indic\u00f3.<\/p>\n<figure class=\"wp-block-image size-large\"><img class=\"wp-image-12379\" decoding=\"async\" width=\"640\" height=\"426\" src=\"https:\/\/laconsultamedica.com.do\/wp-content\/uploads\/2024\/03\/whatsapp-image-2024-03-26-at-101752994214647007653.jpeg\" alt=\"\" srcset=\"https:\/\/laconsultamedica.com.do\/wp-content\/uploads\/2024\/03\/whatsapp-image-2024-03-26-at-101752994214647007653.jpeg 640w, https:\/\/laconsultamedica.com.do\/wp-content\/uploads\/2024\/03\/whatsapp-image-2024-03-26-at-101752994214647007653-300x200.jpeg 300w\" sizes=\"(max-width: 640px) 100vw, 640px\"><figcaption class=\"wp-element-caption\">Jes\u00fas V\u00e1zquez Mart\u00ednez durante el acto de lanzamiento. <\/figcaption><\/figure>\n<p>En ese sentido, pidi\u00f3 a la poblaci\u00f3n acatar las recomendaciones preventivas que a partir de hoy quedar\u00e1 en manos del COE, la PN y dem\u00e1s organismos que participan en esta jornada.<\/p>\n<figure class=\"wp-block-image size-large\"><img class=\"wp-image-12380\" decoding=\"async\" width=\"640\" height=\"409\" src=\"https:\/\/laconsultamedica.com.do\/wp-content\/uploads\/2024\/03\/whatsapp-image-2024-03-26-at-107378350794947680833.jpeg\" alt=\"\" srcset=\"https:\/\/laconsultamedica.com.do\/wp-content\/uploads\/2024\/03\/whatsapp-image-2024-03-26-at-107378350794947680833.jpeg 640w, https:\/\/laconsultamedica.com.do\/wp-content\/uploads\/2024\/03\/whatsapp-image-2024-03-26-at-107378350794947680833-300x192.jpeg 300w\" sizes=\"(max-width: 640px) 100vw, 640px\"><\/figure>\n<p>El ministro precis\u00f3 que, para realizar esta jornada, se hace necesario la colaboraci\u00f3n de la ciudadan\u00eda para que junto a las autoridades \u201ctengamos una Semana Mayor de recogimiento familiar, en paz y armon\u00eda\u201d, y as\u00ed evitar ser v\u00edctimas de las estad\u00edsticas dolorosas que se registran cada a\u00f1o.<\/p>\n<p>Durante el acto, tambi\u00e9n estuvieron presentes, Juan Manuel M\u00e9ndez, director del COE; Juan Manuel Salas, director de la Defensa Civil; Rafael V\u00e1zquez, director de la Comisi\u00f3n Militar y Policial de Obras P\u00fablicas (Comipol); el coronel Dalki Severino, en representaci\u00f3n del vicealmirante, director de la Direcci\u00f3n Nacional de Control de Drogas, Jos\u00e9 Cabrera Ulloa, entre otras autoridades.<\/p>\n","protected":false},"excerpt":{"rendered":"<p>SANTO DOMINGO. \u2013 La Polic\u00eda Nacional junto a otras autoridades lanzaron este martes de manera simult\u00e1nea el \u201cOperativo Conciencia por la Vida Semana Santa 2024\u201d, en el que distribuy\u00f3 7 mil agentes en todo el territorio nacional, con la finalidad de asegurar y proteger a los ciudadanos que se desplacen a los diferentes puntos durante [&hellip;]<\/p>\n","protected":false},"author":1,"featured_media":5324,"comment_status":"closed","ping_status":"closed","sticky":false,"template":"","format":"standard","meta":{"_eb_attr":"","footnotes":""},"categories":[36],"tags":[],"_links":{"self":[{"href":"https:\/\/informedesalud.com.do\/index.php?rest_route=\/wp\/v2\/posts\/5278"}],"collection":[{"href":"https:\/\/informedesalud.com.do\/index.php?rest_route=\/wp\/v2\/posts"}],"about":[{"href":"https:\/\/informedesalud.com.do\/index.php?rest_route=\/wp\/v2\/types\/post"}],"author":[{"embeddable":true,"href":"https:\/\/informedesalud.com.do\/index.php?rest_route=\/wp\/v2\/users\/1"}],"replies":[{"embeddable":true,"href":"https:\/\/informedesalud.com.do\/index.php?rest_route=%2Fwp%2Fv2%2Fcomments&post=5278"}],"version-history":[{"count":1,"href":"https:\/\/informedesalud.com.do\/index.php?rest_route=\/wp\/v2\/posts\/5278\/revisions"}],"predecessor-version":[{"id":5325,"href":"https:\/\/informedesalud.com.do\/index.php?rest_route=\/wp\/v2\/posts\/5278\/revisions\/5325"}],"wp:featuredmedia":[{"embeddable":true,"href":"https:\/\/informedesalud.com.do\/index.php?rest_route=\/wp\/v2\/media\/5324"}],"wp:attachment":[{"href":"https:\/\/informedesalud.com.do\/index.php?rest_route=%2Fwp%2Fv2%2Fmedia&parent=5278"}],"wp:term":[{"taxonomy":"category","embeddable":true,"href":"https:\/\/informedesalud.com.do\/index.php?rest_route=%2Fwp%2Fv2%2Fcategories&post=5278"},{"taxonomy":"post_tag","embeddable":true,"href":"https:\/\/informedesalud.com.do\/index.php?rest_route=%2Fwp%2Fv2%2Ftags&post=5278"}],"curies":[{"name":"wp","href":"https:\/\/api.w.org\/{rel}","templated":true}]}}