{"id":5174,"date":"2024-03-24T08:50:50","date_gmt":"2024-03-24T07:50:50","guid":{"rendered":"https:\/\/laconsultamedica.com.do\/?p=12209"},"modified":"2024-03-24T08:50:50","modified_gmt":"2024-03-24T07:50:50","slug":"gobierno-dominicano-desmiente-informacion-sobre-centro-de-acogida-para-migrantes","status":"publish","type":"post","link":"https:\/\/informedesalud.com.do\/?p=5174","title":{"rendered":"Gobierno dominicano desmiente informaci\u00f3n sobre centro de acogida para migrantes"},"content":{"rendered":"<p>SANTO DOMINGO.- El Ministerio de Relaciones Exteriores (Mirex) explic\u00f3 este viernes que el Gobierno dominicano no ha autorizado ning\u00fan centro de acogida de migrantes ni la Organizaci\u00f3n Internacional para las Migraciones (OIM) lo ha solicitado, sino que se ha tergiversado una invitaci\u00f3n que hiciera ese organismo a las autoridades locales en la provincia La Altagracia, para el relanzamiento de una oficina instalada desde diciembre en la zona.<\/p>\n<p>De acuerdo a un comunicado, la oficina de atenci\u00f3n, referencia y recursos (CARE) de la OIM tiene como objetivo proveer atenciones a personas vulnerables en la zona. Este tipo de apoyo de la OIM ayuda a alivianar la carga del Estado dominicano al lidiar con la inmigraci\u00f3n irregular y en nada impide la aplicaci\u00f3n de la Ley General de Migraci\u00f3n.<\/p>\n<p>En el caso de Rep\u00fablica Dominicana, la OIM ha sido, desde su instalaci\u00f3n en el pa\u00eds en 1968, un socio importante para el Estado dominicano, proveyendo cooperaci\u00f3n para fortalecer la institucionalidad en materia migratoria. Este organismo nunca ha impedido al Estado dominicano el ejercicio de sus facultades soberanas, se aclar\u00f3.<\/p>\n<p>En la coyuntura actual la Canciller\u00eda dominicana invita a la prensa nacional a hacer un ejercicio responsable del periodismo, confirmando las informaciones en la fuente a fin de evitar la difusi\u00f3n de noticias falsas o tergiversadas que puedan causar preocupaci\u00f3n o temores infundados en la ciudadan\u00eda dominicana.<\/p>\n<p>Rep\u00fablica Dominicana reafirm\u00f3 su compromiso con la defensa de la soberan\u00eda e integridad territorial de nuestro pa\u00eds. El presidente Luis Abinader ha sido categ\u00f3rico respecto a su compromiso de poner el inter\u00e9s nacional en primer plano, dejando claro en el Consejo de Seguridad de la ONU que \u201cO luchamos juntos para salvar a Hait\u00ed, o lucharemos solos para defender a la Rep\u00fablica Dominicana\u201d.<\/p>\n","protected":false},"excerpt":{"rendered":"<p>SANTO DOMINGO.- El Ministerio de Relaciones Exteriores (Mirex) explic\u00f3 este viernes que el Gobierno dominicano no ha autorizado ning\u00fan centro de acogida de migrantes ni la Organizaci\u00f3n Internacional para las Migraciones (OIM) lo ha solicitado, sino que se ha tergiversado una invitaci\u00f3n que hiciera ese organismo a las autoridades locales en la provincia La Altagracia, [&hellip;]<\/p>\n","protected":false},"author":1,"featured_media":5212,"comment_status":"closed","ping_status":"closed","sticky":false,"template":"","format":"standard","meta":{"_eb_attr":"","footnotes":""},"categories":[36],"tags":[],"_links":{"self":[{"href":"https:\/\/informedesalud.com.do\/index.php?rest_route=\/wp\/v2\/posts\/5174"}],"collection":[{"href":"https:\/\/informedesalud.com.do\/index.php?rest_route=\/wp\/v2\/posts"}],"about":[{"href":"https:\/\/informedesalud.com.do\/index.php?rest_route=\/wp\/v2\/types\/post"}],"author":[{"embeddable":true,"href":"https:\/\/informedesalud.com.do\/index.php?rest_route=\/wp\/v2\/users\/1"}],"replies":[{"embeddable":true,"href":"https:\/\/informedesalud.com.do\/index.php?rest_route=%2Fwp%2Fv2%2Fcomments&post=5174"}],"version-history":[{"count":1,"href":"https:\/\/informedesalud.com.do\/index.php?rest_route=\/wp\/v2\/posts\/5174\/revisions"}],"predecessor-version":[{"id":5213,"href":"https:\/\/informedesalud.com.do\/index.php?rest_route=\/wp\/v2\/posts\/5174\/revisions\/5213"}],"wp:featuredmedia":[{"embeddable":true,"href":"https:\/\/informedesalud.com.do\/index.php?rest_route=\/wp\/v2\/media\/5212"}],"wp:attachment":[{"href":"https:\/\/informedesalud.com.do\/index.php?rest_route=%2Fwp%2Fv2%2Fmedia&parent=5174"}],"wp:term":[{"taxonomy":"category","embeddable":true,"href":"https:\/\/informedesalud.com.do\/index.php?rest_route=%2Fwp%2Fv2%2Fcategories&post=5174"},{"taxonomy":"post_tag","embeddable":true,"href":"https:\/\/informedesalud.com.do\/index.php?rest_route=%2Fwp%2Fv2%2Ftags&post=5174"}],"curies":[{"name":"wp","href":"https:\/\/api.w.org\/{rel}","templated":true}]}}