{"id":4910,"date":"2024-03-15T03:47:02","date_gmt":"2024-03-15T02:47:02","guid":{"rendered":"https:\/\/laconsultamedica.com.do\/?p=11806"},"modified":"2024-03-15T03:47:32","modified_gmt":"2024-03-15T02:47:32","slug":"el-gobierno-transfirio-el-caid-desde-salud-publica-al-ministerio-de-educacion","status":"publish","type":"post","link":"https:\/\/informedesalud.com.do\/?p=4910","title":{"rendered":"El Gobierno transfiri\u00f3 el CAID desde Salud P\u00fablica al Ministerio de Educaci\u00f3n"},"content":{"rendered":"<p>El presidente de la Rep\u00fablica, Luis Abinader, transfiri\u00f3 al Ministerio de Educaci\u00f3n (Minerd) el Centro de Atenci\u00f3n Integral para la Discapacidad (CAID), con el prop\u00f3sito de satisfacer la demanda de las familias de eliminar las barreras que impiden la inserci\u00f3n social y escolar de sus hijos con discapacidad.<\/p>\n<p>Mediante el decreto n\u00famero 456-23, el mandatario dispuso en el a\u00f1o 2023 la transferencia al Ministerio de Educaci\u00f3n del Centro de Atenci\u00f3n Integral para la Discapacidad.<\/p>\n<p>Sin embargo, el jefe de Estado, en el a\u00f1o 2020 y, posteriormente, a trav\u00e9s del decreto n\u00famero 170-21, del 16 de marzo de 2021, hab\u00eda creado el CAID como un \u00f3rgano desconcentrado, tanto funcional como territorialmente, adscrito al Ministerio de Salud P\u00fablica y Asistencia Social (Mispas), con el objetivo de \u201cbrindar un servicio integral de calidad en la evaluaci\u00f3n, diagn\u00f3stico y proceso terap\u00e9utico de los ni\u00f1os de 0 a 12 a\u00f1os de edad con trastorno del espectro autista, s\u00edndrome de Down y par\u00e1lisis cerebral\u201d.<\/p>\n<p>Abinader, mediante decreto, modific\u00f3 la parte capital del art\u00edculo 1 del decreto n\u00famero 170-21, as\u00ed como la parte capital del art\u00edculo 5 del mismo decreto.<\/p>\n<p>Con estas modificaciones el mandatario cre\u00f3 el CAID como un centro adscrito al Minerd. Adem\u00e1s, estableci\u00f3 que el Estado dominicano, a trav\u00e9s del Minerd, garantizar\u00e1 la continuidad de las labores que realiza el CAID mediante la asignaci\u00f3n presupuestaria necesaria para el cumplimiento de sus objetivos, metas y programas, asumiendo sus pasivos laborales, las obligaciones de pago de la n\u00f3mina de empleados, as\u00ed como cualquier otra obligaci\u00f3n que surja como producto de las disposiciones contenidas en el decreto m\u00e1s reciente.<\/p>\n<p>Sin embargo, sin perjuicio de su dependencia al Minerd, a trav\u00e9s del decreto se dispuso que el CAID mantenga con Salud P\u00fablica las coordinaciones t\u00e9cnicas y administrativas de lugar, \u201ca los fines de desarrollar las disposiciones de la Ley n\u00famero 34-23 de Atenci\u00f3n, Inclusi\u00f3n y Protecci\u00f3n para las Personas con Trastorno del Espectro Autista (TEA)\u201d.<\/p>\n","protected":false},"excerpt":{"rendered":"<p>El presidente de la Rep\u00fablica, Luis Abinader, transfiri\u00f3 al Ministerio de Educaci\u00f3n (Minerd) el Centro de Atenci\u00f3n Integral para la Discapacidad (CAID), con el prop\u00f3sito de satisfacer la demanda de las familias de eliminar las barreras que impiden la inserci\u00f3n social y escolar de sus hijos con discapacidad. Mediante el decreto n\u00famero 456-23, el mandatario [&hellip;]<\/p>\n","protected":false},"author":1,"featured_media":4957,"comment_status":"closed","ping_status":"closed","sticky":false,"template":"","format":"standard","meta":{"_eb_attr":"","footnotes":""},"categories":[36],"tags":[],"_links":{"self":[{"href":"https:\/\/informedesalud.com.do\/index.php?rest_route=\/wp\/v2\/posts\/4910"}],"collection":[{"href":"https:\/\/informedesalud.com.do\/index.php?rest_route=\/wp\/v2\/posts"}],"about":[{"href":"https:\/\/informedesalud.com.do\/index.php?rest_route=\/wp\/v2\/types\/post"}],"author":[{"embeddable":true,"href":"https:\/\/informedesalud.com.do\/index.php?rest_route=\/wp\/v2\/users\/1"}],"replies":[{"embeddable":true,"href":"https:\/\/informedesalud.com.do\/index.php?rest_route=%2Fwp%2Fv2%2Fcomments&post=4910"}],"version-history":[{"count":1,"href":"https:\/\/informedesalud.com.do\/index.php?rest_route=\/wp\/v2\/posts\/4910\/revisions"}],"predecessor-version":[{"id":4958,"href":"https:\/\/informedesalud.com.do\/index.php?rest_route=\/wp\/v2\/posts\/4910\/revisions\/4958"}],"wp:featuredmedia":[{"embeddable":true,"href":"https:\/\/informedesalud.com.do\/index.php?rest_route=\/wp\/v2\/media\/4957"}],"wp:attachment":[{"href":"https:\/\/informedesalud.com.do\/index.php?rest_route=%2Fwp%2Fv2%2Fmedia&parent=4910"}],"wp:term":[{"taxonomy":"category","embeddable":true,"href":"https:\/\/informedesalud.com.do\/index.php?rest_route=%2Fwp%2Fv2%2Fcategories&post=4910"},{"taxonomy":"post_tag","embeddable":true,"href":"https:\/\/informedesalud.com.do\/index.php?rest_route=%2Fwp%2Fv2%2Ftags&post=4910"}],"curies":[{"name":"wp","href":"https:\/\/api.w.org\/{rel}","templated":true}]}}