{"id":4909,"date":"2024-03-15T03:46:29","date_gmt":"2024-03-15T02:46:29","guid":{"rendered":"https:\/\/laconsultamedica.com.do\/?p=11811"},"modified":"2024-03-15T03:46:51","modified_gmt":"2024-03-15T02:46:51","slug":"presidente-del-senado-ante-el-parlamericas-llama-a-comunidad-internacional-atender-crisis-de-haiti","status":"publish","type":"post","link":"https:\/\/informedesalud.com.do\/?p=4909","title":{"rendered":"Presidente del Senado ante el ParlAm\u00e9ricas llama a comunidad internacional atender crisis de Hait\u00ed"},"content":{"rendered":"<p>Washington, DC. El presidente del Senado de la Rep\u00fablica, Ricardo de los Santos, hizo un en\u00e9rgico llamado de atenci\u00f3n este martes a la comunidad internacional para que enfoque su atenci\u00f3n hacia la crisis haitiana, debido a la urgencia que vive en estos momentos el vecino pa\u00eds, con un serio deterioro institucional y un creciente clima de violencia.<\/p>\n<p>\u201cHoy en d\u00eda la inseguridad est\u00e1 en medio de las calles del pueblo haitiano, se requiere su pacificaci\u00f3n conforme a la resoluci\u00f3n del Consejo de Seguridad la Organizaci\u00f3n de las Naciones Unidas (ONU)\u201d, sostuvo De los Santos.<\/p>\n<p>El senador De los Santos, quien encabeza una delegaci\u00f3n de senadores que participa en di\u00e1logos de Parlamentarios de las Am\u00e9ricas (ParlAm\u00e9ricas) con la Organizaci\u00f3n de Estados Americanos (OEA), propuso que ese tema \u201cpueda ser tomado en cuenta por los presentes en este encuentro\u201d.<\/p>\n<figure class=\"wp-block-image size-large\"><img loading=\"lazy\" class=\"wp-image-11808\" loading=\"lazy\" decoding=\"async\" width=\"684\" height=\"1024\" src=\"https:\/\/laconsultamedica.com.do\/wp-content\/uploads\/2024\/03\/whatsapp-image-2024-03-12-at-127772149854174390296-684x1024.webp\" alt=\"\" srcset=\"https:\/\/laconsultamedica.com.do\/wp-content\/uploads\/2024\/03\/whatsapp-image-2024-03-12-at-127772149854174390296-684x1024.webp 684w, https:\/\/laconsultamedica.com.do\/wp-content\/uploads\/2024\/03\/whatsapp-image-2024-03-12-at-127772149854174390296-200x300.webp 200w, https:\/\/laconsultamedica.com.do\/wp-content\/uploads\/2024\/03\/whatsapp-image-2024-03-12-at-127772149854174390296-768x1150.webp 768w, https:\/\/laconsultamedica.com.do\/wp-content\/uploads\/2024\/03\/whatsapp-image-2024-03-12-at-127772149854174390296-750x1123.webp 750w, https:\/\/laconsultamedica.com.do\/wp-content\/uploads\/2024\/03\/whatsapp-image-2024-03-12-at-127772149854174390296.webp 1026w\" sizes=\"(max-width: 684px) 100vw, 684px\"><\/figure>\n<p>La delegaci\u00f3n dominicana que conforma el viaje est\u00e1 integrada, adem\u00e1s, por los senadores Carlos G\u00f3mez, Jos\u00e9 del Castillo, la diputada Soraya Suarez y el Embajador de Carrera Alexander De La Rosa.<\/p>\n<p>Este di\u00e1logo coordinado por el grupo ParlAm\u00e9ricas cuenta con la presencia de presidentes parlamentarios y legisladores del hemisferio para tratar los temas de la regi\u00f3n, as\u00ed como los asuntos relacionados a los preparativos de la Reuni\u00f3n Parlamentaria de la X Cumbre de las Am\u00e9ricas 2025, que se celebrar\u00e1 en la Rep\u00fablica Dominicana.<\/p>\n<p>Durante su discurso, el presidente del Senado de la Rep\u00fablica Dominicana, Ricardo de los Santos, resalt\u00f3 la reciente experiencia del Congreso Nacional, que ha sido sede de importantes foros parlamentarios como el XI Foro Parlamentario Iberoam\u00e9ricano en el a\u00f1o 2022.<\/p>\n<p>De igual manera, la Asamblea Parlamentaria Euro-Latinoamericana (EUROLAT), la Asamblea Parlamentaria Multilateral Mixta, compuesta por 150 miembros; de los cuales, 75 son del Parlamento Europeo y 75 del componente latinoamericano, el Parlamento Andino (PARLANDINO), y el Parlamento Latinoamericano (PARLATINO), entre otras.<\/p>\n<figure class=\"wp-block-image size-large\"><img loading=\"lazy\" class=\"wp-image-11809\" loading=\"lazy\" decoding=\"async\" width=\"1024\" height=\"755\" src=\"https:\/\/laconsultamedica.com.do\/wp-content\/uploads\/2024\/03\/whatsapp-image-2024-03-12-at-126984244093700250506.jpeg\" alt=\"\" srcset=\"https:\/\/laconsultamedica.com.do\/wp-content\/uploads\/2024\/03\/whatsapp-image-2024-03-12-at-126984244093700250506.jpeg 1024w, https:\/\/laconsultamedica.com.do\/wp-content\/uploads\/2024\/03\/whatsapp-image-2024-03-12-at-126984244093700250506-300x221.jpeg 300w, https:\/\/laconsultamedica.com.do\/wp-content\/uploads\/2024\/03\/whatsapp-image-2024-03-12-at-126984244093700250506-768x566.jpeg 768w, https:\/\/laconsultamedica.com.do\/wp-content\/uploads\/2024\/03\/whatsapp-image-2024-03-12-at-126984244093700250506-750x553.jpeg 750w\" sizes=\"(max-width: 1024px) 100vw, 1024px\"><\/figure>\n<p>\u201cHemos sido y seguiremos siendo una casa abierta para el di\u00e1logo parlamentario, creemos en los consensos y en la b\u00fasqueda de soluciones integrales y globales, confiamos en el fortalecimiento de nuestra democracia y en el sistema representativo parlamentario.<\/p>\n<p>En tanto, la embajadora representante permanente de la Rep\u00fablica Dominicana ante la OEA, Mayerlyn Cordero, destac\u00f3 la importancia para el pa\u00eds de participar en el montaje de ese c\u00f3nclave para aportar a la consolidaci\u00f3n de la integraci\u00f3n de los pa\u00edses de la regi\u00f3n.<\/p>\n","protected":false},"excerpt":{"rendered":"<p>Washington, DC. El presidente del Senado de la Rep\u00fablica, Ricardo de los Santos, hizo un en\u00e9rgico llamado de atenci\u00f3n este martes a la comunidad internacional para que enfoque su atenci\u00f3n hacia la crisis haitiana, debido a la urgencia que vive en estos momentos el vecino pa\u00eds, con un serio deterioro institucional y un creciente clima [&hellip;]<\/p>\n","protected":false},"author":1,"featured_media":4955,"comment_status":"closed","ping_status":"closed","sticky":false,"template":"","format":"standard","meta":{"_eb_attr":"","footnotes":""},"categories":[36],"tags":[],"_links":{"self":[{"href":"https:\/\/informedesalud.com.do\/index.php?rest_route=\/wp\/v2\/posts\/4909"}],"collection":[{"href":"https:\/\/informedesalud.com.do\/index.php?rest_route=\/wp\/v2\/posts"}],"about":[{"href":"https:\/\/informedesalud.com.do\/index.php?rest_route=\/wp\/v2\/types\/post"}],"author":[{"embeddable":true,"href":"https:\/\/informedesalud.com.do\/index.php?rest_route=\/wp\/v2\/users\/1"}],"replies":[{"embeddable":true,"href":"https:\/\/informedesalud.com.do\/index.php?rest_route=%2Fwp%2Fv2%2Fcomments&post=4909"}],"version-history":[{"count":1,"href":"https:\/\/informedesalud.com.do\/index.php?rest_route=\/wp\/v2\/posts\/4909\/revisions"}],"predecessor-version":[{"id":4956,"href":"https:\/\/informedesalud.com.do\/index.php?rest_route=\/wp\/v2\/posts\/4909\/revisions\/4956"}],"wp:featuredmedia":[{"embeddable":true,"href":"https:\/\/informedesalud.com.do\/index.php?rest_route=\/wp\/v2\/media\/4955"}],"wp:attachment":[{"href":"https:\/\/informedesalud.com.do\/index.php?rest_route=%2Fwp%2Fv2%2Fmedia&parent=4909"}],"wp:term":[{"taxonomy":"category","embeddable":true,"href":"https:\/\/informedesalud.com.do\/index.php?rest_route=%2Fwp%2Fv2%2Fcategories&post=4909"},{"taxonomy":"post_tag","embeddable":true,"href":"https:\/\/informedesalud.com.do\/index.php?rest_route=%2Fwp%2Fv2%2Ftags&post=4909"}],"curies":[{"name":"wp","href":"https:\/\/api.w.org\/{rel}","templated":true}]}}