{"id":4907,"date":"2024-03-15T03:44:07","date_gmt":"2024-03-15T02:44:07","guid":{"rendered":"https:\/\/laconsultamedica.com.do\/?p=11759"},"modified":"2024-03-15T03:45:36","modified_gmt":"2024-03-15T02:45:36","slug":"vicepresidenta-deja-en-funcionamiento-dos-centro-de-primer-nivel-en-san-pedro-de-macoris","status":"publish","type":"post","link":"https:\/\/informedesalud.com.do\/?p=4907","title":{"rendered":"Vicepresidenta deja en funcionamiento dos Centro de Primer Nivel en San Pedro de Macor\u00eds"},"content":{"rendered":"<p>San Pedro de Macor\u00eds. \u2013 La vicepresidenta de la Rep\u00fablica y presidenta del Gabinete de Salud, Raquel Pe\u00f1a, en compa\u00f1\u00eda del director del Servicio Nacional de Salud (SNS), Mario Lama, dej\u00f3 en funcionamiento este martes los Centros de Primer Nivel (CPN) Santa Fe y Guayacanes, en beneficio de m\u00e1s diez mil personas.<\/p>\n<p>La vicemandataria manifest\u00f3 que estos remozamientos son parte de un esfuerzo m\u00e1s amplio del Gobierno por brindar a los dominicanos instalaciones sanitarias dignas y accesibles, en las cuales reciban atenci\u00f3n m\u00e9dica de calidad, sin tener que desplazarse a otra localidad en b\u00fasqueda de un diagn\u00f3stico o un medicamento.<\/p>\n<figure class=\"wp-block-image size-large\"><img fetchpriority=\"high\" class=\"wp-image-11757\" fetchpriority=\"high\" decoding=\"async\" width=\"1024\" height=\"768\" src=\"https:\/\/laconsultamedica.com.do\/wp-content\/uploads\/2024\/03\/img-20240312-wa00283795271372200328284-1024x768.jpg\" alt=\"\" srcset=\"https:\/\/laconsultamedica.com.do\/wp-content\/uploads\/2024\/03\/img-20240312-wa00283795271372200328284-1024x768.jpg 1024w, https:\/\/laconsultamedica.com.do\/wp-content\/uploads\/2024\/03\/img-20240312-wa00283795271372200328284-300x225.jpg 300w, https:\/\/laconsultamedica.com.do\/wp-content\/uploads\/2024\/03\/img-20240312-wa00283795271372200328284-768x576.jpg 768w, https:\/\/laconsultamedica.com.do\/wp-content\/uploads\/2024\/03\/img-20240312-wa00283795271372200328284-750x563.jpg 750w, https:\/\/laconsultamedica.com.do\/wp-content\/uploads\/2024\/03\/img-20240312-wa00283795271372200328284-1140x855.jpg 1140w, https:\/\/laconsultamedica.com.do\/wp-content\/uploads\/2024\/03\/img-20240312-wa00283795271372200328284.jpg 1280w\" sizes=\"(max-width: 1024px) 100vw, 1024px\"><\/figure>\n<p>Raquel Pe\u00f1a precis\u00f3 que para cumplir con ese objetivo, se han entregado 45 hospitales reconstruidos, ampliados y equipados, y m\u00e1s de 583 centros de atenci\u00f3n primaria.<\/p>\n<p>La vicepresidenta afirm\u00f3 que la visi\u00f3n de la administraci\u00f3n del presidente Luis Abinader est\u00e1 enfocada en dedicar tiempo, recursos y voluntad para transformar el sistema de salud.<\/p>\n<figure class=\"wp-block-image size-large\"><img class=\"wp-image-11758\" decoding=\"async\" width=\"1024\" height=\"768\" src=\"https:\/\/laconsultamedica.com.do\/wp-content\/uploads\/2024\/03\/img-20240312-wa00314085316630378718963-1024x768.jpg\" alt=\"\" srcset=\"https:\/\/laconsultamedica.com.do\/wp-content\/uploads\/2024\/03\/img-20240312-wa00314085316630378718963-1024x768.jpg 1024w, https:\/\/laconsultamedica.com.do\/wp-content\/uploads\/2024\/03\/img-20240312-wa00314085316630378718963-300x225.jpg 300w, https:\/\/laconsultamedica.com.do\/wp-content\/uploads\/2024\/03\/img-20240312-wa00314085316630378718963-768x576.jpg 768w, https:\/\/laconsultamedica.com.do\/wp-content\/uploads\/2024\/03\/img-20240312-wa00314085316630378718963-750x563.jpg 750w, https:\/\/laconsultamedica.com.do\/wp-content\/uploads\/2024\/03\/img-20240312-wa00314085316630378718963-1140x855.jpg 1140w, https:\/\/laconsultamedica.com.do\/wp-content\/uploads\/2024\/03\/img-20240312-wa00314085316630378718963.jpg 1280w\" sizes=\"(max-width: 1024px) 100vw, 1024px\"><\/figure>\n<p>El titular del SNS, Mario Lama, de su lado, destac\u00f3 que los CPN, completamente remozados y equipados por un monto total de RD$19,259,432.14, representan un salto en la Atenci\u00f3n Primaria de la regi\u00f3n Este.<\/p>\n<p>\u00abM\u00e1s all\u00e1 de todo, lo que est\u00e1 pasando es un hecho hist\u00f3rico, marca un antes y un despu\u00e9s en la salud del pa\u00eds, podemos decir que no hay una provincia que no haya tenido una intervenci\u00f3n en salud en este Gobierno y San Pedro de Macor\u00eds hoy est\u00e1 siendo testigo de ello\u00bb, ponder\u00f3 Lama.<\/p>\n<p>El director del SNS indic\u00f3 que se encuentra en etapa avanzada la construcci\u00f3n de la primera Unidad de Pie Diab\u00e9tico en esta provincia y tambi\u00e9n se edifica la primera Unidad de Oncolog\u00eda, para que los habitantes de San Pedro de Macor\u00eds no tengan que acudir fuera de sus comunidades en busca de estos servicios. <\/p>\n<p>Finalmente, Lama destac\u00f3 que los dos CPN hoy entregados remozados y equipados, permitir\u00e1n resolver m\u00e1s del 80 % de los problemas de esas comunidades, ofreciendo atenciones 24 horas.<\/p>\n<p>*Centros remozados*<\/p>\n<p>El Centro de Primer Nivel Santa Fe se remoz\u00f3 con un monto de RD$ 12,059,063.49 y ahora cuenta con nuevos pisos, puertas, ventanas, casetas de basura, tanque de gas, verja frontal; cambio de aparatos, instalaciones el\u00e9ctricas y sanitarias.<\/p>\n<p>Trabajos que dignificaron las \u00e1reas de Vacunaci\u00f3n, dos consultorios, Urgencias, Farmacia, dos unidades de odontolog\u00eda y residencia m\u00e9dica, para brindar servicios de salud oportunos en esta comunidad.<\/p>\n<p>En tanto, el Centro de Primer Nivel Guayacanes, con una inversi\u00f3n de 7.2 millones de pesos en infraestructura y equipos, ahora abre sus puertas con una transformaci\u00f3n integral de nuevos pisos, puertas, ventanas, instalaciones el\u00e9ctricas y construcci\u00f3n de la verja, dejando en estado \u00f3ptimo el centro con las \u00e1reas de Vacuna, Odontolog\u00eda, Urgencias, Farmacia, Tuberculosis, dos consultorios y la residencia m\u00e9dica.<\/p>\n","protected":false},"excerpt":{"rendered":"<p>San Pedro de Macor\u00eds. \u2013 La vicepresidenta de la Rep\u00fablica y presidenta del Gabinete de Salud, Raquel Pe\u00f1a, en compa\u00f1\u00eda del director del Servicio Nacional de Salud (SNS), Mario Lama, dej\u00f3 en funcionamiento este martes los Centros de Primer Nivel (CPN) Santa Fe y Guayacanes, en beneficio de m\u00e1s diez mil personas. La vicemandataria manifest\u00f3 [&hellip;]<\/p>\n","protected":false},"author":1,"featured_media":4951,"comment_status":"closed","ping_status":"closed","sticky":false,"template":"","format":"standard","meta":{"_eb_attr":"","footnotes":""},"categories":[41],"tags":[],"_links":{"self":[{"href":"https:\/\/informedesalud.com.do\/index.php?rest_route=\/wp\/v2\/posts\/4907"}],"collection":[{"href":"https:\/\/informedesalud.com.do\/index.php?rest_route=\/wp\/v2\/posts"}],"about":[{"href":"https:\/\/informedesalud.com.do\/index.php?rest_route=\/wp\/v2\/types\/post"}],"author":[{"embeddable":true,"href":"https:\/\/informedesalud.com.do\/index.php?rest_route=\/wp\/v2\/users\/1"}],"replies":[{"embeddable":true,"href":"https:\/\/informedesalud.com.do\/index.php?rest_route=%2Fwp%2Fv2%2Fcomments&post=4907"}],"version-history":[{"count":1,"href":"https:\/\/informedesalud.com.do\/index.php?rest_route=\/wp\/v2\/posts\/4907\/revisions"}],"predecessor-version":[{"id":4952,"href":"https:\/\/informedesalud.com.do\/index.php?rest_route=\/wp\/v2\/posts\/4907\/revisions\/4952"}],"wp:featuredmedia":[{"embeddable":true,"href":"https:\/\/informedesalud.com.do\/index.php?rest_route=\/wp\/v2\/media\/4951"}],"wp:attachment":[{"href":"https:\/\/informedesalud.com.do\/index.php?rest_route=%2Fwp%2Fv2%2Fmedia&parent=4907"}],"wp:term":[{"taxonomy":"category","embeddable":true,"href":"https:\/\/informedesalud.com.do\/index.php?rest_route=%2Fwp%2Fv2%2Fcategories&post=4907"},{"taxonomy":"post_tag","embeddable":true,"href":"https:\/\/informedesalud.com.do\/index.php?rest_route=%2Fwp%2Fv2%2Ftags&post=4907"}],"curies":[{"name":"wp","href":"https:\/\/api.w.org\/{rel}","templated":true}]}}