{"id":1926,"date":"2023-09-21T10:38:15","date_gmt":"2023-09-21T08:38:15","guid":{"rendered":"https:\/\/sarmiento24h.com\/comerciantes-de-elias-pina-reportan-perdidas-economicas-por-cierre-de-la-frontera"},"modified":"2023-09-22T22:18:11","modified_gmt":"2023-09-22T20:18:11","slug":"comerciantes-de-elias-pina-reportan-perdidas-economicas-por-cierre-de-la-frontera","status":"publish","type":"post","link":"https:\/\/informedesalud.com.do\/?p=1926","title":{"rendered":"Comerciantes de El\u00edas Pi\u00f1a reportan p\u00e9rdidas econ\u00f3micas por cierre de la frontera"},"content":{"rendered":"<p><strong>El\u00edas Pi\u00f1a.- <\/strong>Los comerciantes de esta parte de la frontera que se dedican al intercambio de mercanc\u00edas con la vecina naci\u00f3n, aseguran que la p\u00e9rdida econ\u00f3mica por el cierre de frontera es incalculable.<\/p>\n<p>Bol\u00edvar Contreras uno de los comerciantes mayoritario, indic\u00f3 que el mercado que se desarrolla en la frontera El Carrizal tiene m\u00e1s de dos meses sin funcionar al 100%, debido a los conflictos entre bandas haitianas y otros por menores que le han dado duro golpe al comercio en esa zona.<\/p>\n<p>\u00abEl cierre de la frontera en los \u00faltimos d\u00edas es como estocada mortal, que los llevar\u00e1 derecho a la quiebra\u00bb, se\u00f1al\u00f3 el comerciate Micky Peralta.<\/p>\n<p>Ante esta situaci\u00f3n, los comerciantes dominicanos hicieron un llamando a los organismos competentes para que vayan en su auxilio; ya que no han recibido ninguna propuesta ante su p\u00e9rdida seg\u00fan se\u00f1al\u00f3 Ra\u00fal Corpor\u00e1n, uno de los vendedores en la frontera.<\/p>\n<p>En tanto que los haitianos que conviven en la frontera, imploran el di\u00e1logo entre ambos pa\u00edses ya no aguantan la situaci\u00f3n seg\u00fan expresan.<\/p>\n<p>Por otro lado, una gran cantidad de ellos (Nacionales Haitianos), continuaron este mi\u00e9rcoles regresando a su pa\u00eds de manera voluntaria.<\/p>\n<p><strong>FRONTERA CERRADA<\/strong><\/p>\n<p>La frontera de El\u00edas Pi\u00f1a, al igual que los dem\u00e1s puntos fronterizos permanecen cerrados desde el pasado viernes 15 por disposici\u00f3n del presidente de la Rep\u00fablica Dominicana Luis Abinader, tras los conflictos entre ambas naciones; justo en la zona entre la provincia Dajab\u00f3n y Hait\u00ed en donde se intenta desviar las aguas del R\u00edo Masacre, con la construcci\u00f3n de un canal de riego.<\/p>\n","protected":false},"excerpt":{"rendered":"<p>El\u00edas Pi\u00f1a.- Los comerciantes de esta parte de la frontera que se dedican al intercambio de mercanc\u00edas con la vecina naci\u00f3n, aseguran que la p\u00e9rdida econ\u00f3mica por el cierre de frontera es incalculable. Bol\u00edvar Contreras uno de los comerciantes mayoritario, indic\u00f3 que el mercado que se desarrolla en la frontera El Carrizal tiene m\u00e1s de [&hellip;]<\/p>\n","protected":false},"author":1,"featured_media":1928,"comment_status":"closed","ping_status":"closed","sticky":false,"template":"","format":"standard","meta":{"_eb_attr":"","footnotes":""},"categories":[38],"tags":[],"_links":{"self":[{"href":"https:\/\/informedesalud.com.do\/index.php?rest_route=\/wp\/v2\/posts\/1926"}],"collection":[{"href":"https:\/\/informedesalud.com.do\/index.php?rest_route=\/wp\/v2\/posts"}],"about":[{"href":"https:\/\/informedesalud.com.do\/index.php?rest_route=\/wp\/v2\/types\/post"}],"author":[{"embeddable":true,"href":"https:\/\/informedesalud.com.do\/index.php?rest_route=\/wp\/v2\/users\/1"}],"replies":[{"embeddable":true,"href":"https:\/\/informedesalud.com.do\/index.php?rest_route=%2Fwp%2Fv2%2Fcomments&post=1926"}],"version-history":[{"count":2,"href":"https:\/\/informedesalud.com.do\/index.php?rest_route=\/wp\/v2\/posts\/1926\/revisions"}],"predecessor-version":[{"id":2073,"href":"https:\/\/informedesalud.com.do\/index.php?rest_route=\/wp\/v2\/posts\/1926\/revisions\/2073"}],"wp:featuredmedia":[{"embeddable":true,"href":"https:\/\/informedesalud.com.do\/index.php?rest_route=\/wp\/v2\/media\/1928"}],"wp:attachment":[{"href":"https:\/\/informedesalud.com.do\/index.php?rest_route=%2Fwp%2Fv2%2Fmedia&parent=1926"}],"wp:term":[{"taxonomy":"category","embeddable":true,"href":"https:\/\/informedesalud.com.do\/index.php?rest_route=%2Fwp%2Fv2%2Fcategories&post=1926"},{"taxonomy":"post_tag","embeddable":true,"href":"https:\/\/informedesalud.com.do\/index.php?rest_route=%2Fwp%2Fv2%2Ftags&post=1926"}],"curies":[{"name":"wp","href":"https:\/\/api.w.org\/{rel}","templated":true}]}}