{"id":1913,"date":"2023-09-19T21:15:00","date_gmt":"2023-09-19T19:15:00","guid":{"rendered":"https:\/\/informedesalud.com.do\/?p=1913"},"modified":"2023-09-19T21:15:18","modified_gmt":"2023-09-19T19:15:18","slug":"abinader-apoya-pedido-de-biden-de-enviar-fuerza-multinacional-a-haiti","status":"publish","type":"post","link":"https:\/\/informedesalud.com.do\/?p=1913","title":{"rendered":"Abinader apoya pedido de Biden de enviar fuerza multinacional a Hait\u00ed"},"content":{"rendered":"\n<p>El presidente dominicano, Luis Abinader, manifest\u00f3 su apoyo al pedido de su hom\u00f3logo estadounidense, Joe Biden, ante la ONU, de enviar una fuerza multinacional a Hait\u00ed, haciendo \u00e9nfasis en que ese pa\u00eds \u201cno puede esperar m\u00e1s\u201d.<\/p>\n\n\n\n<p>Biden hizo un llamamiento al Consejo de Seguridad a autorizar una misi\u00f3n, y pidi\u00f3 adem\u00e1s al organismo que autorice cuanto antes la intervenci\u00f3n de la fuerza multinacional liderada por Kenia, para aplacar la crisis de violencia en Hait\u00ed, una iniciativa que ha reclamado el propio Gobierno haitiano durante meses.<\/p>\n\n\n\n<figure class=\"wp-block-embed\"><div class=\"wp-block-embed__wrapper\">\n<blockquote class=\"twitter-tweet\" data-width=\"550\" data-dnt=\"true\"><p lang=\"es\" dir=\"ltr\">Apoyamos la en\u00e9rgica declaraci\u00f3n sobre Hait\u00ed del presidente Joe Biden (<a href=\"https:\/\/twitter.com\/POTUS?ref_src=twsrc%5Etfw\">@POTUS<\/a>) ante la Asamblea General de la <a href=\"https:\/\/twitter.com\/ONU_es?ref_src=twsrc%5Etfw\">@ONU_es<\/a>, solicitando al Consejo de Seguridad la aprobaci\u00f3n, ahora, de una fuerza multinacional, enfatizando que \u201cHait\u00ed no puede esperar m\u00e1s\u201d. <a href=\"https:\/\/t.co\/78Fk84XRCA\">pic.twitter.com\/78Fk84XRCA<\/a><\/p>&mdash; Luis Abinader (@luisabinader) <a href=\"https:\/\/twitter.com\/luisabinader\/status\/1704188376847405175?ref_src=twsrc%5Etfw\">September 19, 2023<\/a><\/blockquote><script async src=\"https:\/\/platform.twitter.com\/widgets.js\" charset=\"utf-8\"><\/script>\n<\/div><\/figure>\n\n\n\n<p>Las autoridades dominicanas, haitianas y el secretario general de la ONU, Antonio Guterres, llevan meses pidiendo un despliegue en el pa\u00eds caribe\u00f1o, sumido en una crisis humanitaria, pol\u00edtica y de seguridad.<\/p>\n\n\n\n<p>Pero a finales de julio&nbsp;Kenia&nbsp;anunci\u00f3 que est\u00e1 dispuesta a encabezar una intervenci\u00f3n policial multinacional para formar y ayudar a las fuerzas de seguridad haitianas, y Nairobi se comprometi\u00f3 a enviar 1.000 efectivos.<\/p>\n\n\n\n<p>La misi\u00f3n necesita la luz verde del Consejo de Seguridad&nbsp;pese a que no se desplegar\u00eda bajo la bandera de la ONU.<\/p>\n\n\n\n<p>El Consejo de Seguridad entabl\u00f3 negociaciones sobre el tema a principios de este mes.<\/p>\n\n\n\n<p>M\u00e1s de 2.400 personas han muerto en Hait\u00ed en lo que va del a\u00f1o, en medio de la violencia desenfrenada de las pandillas, inform\u00f3 la ONU a principios de este mes.<\/p>\n\n\n\n<p>Las&nbsp;bandas criminales&nbsp;controlan aproximadamente el 80% de la capital y los delitos violentos se han disparado, sobre todo los secuestros para pedir el pago de rescates, los robos y las violaciones.<\/p>\n","protected":false},"excerpt":{"rendered":"<p>El presidente dominicano, Luis Abinader, manifest\u00f3 su apoyo al pedido de su hom\u00f3logo estadounidense, Joe Biden, ante la ONU, de enviar una fuerza multinacional a Hait\u00ed, haciendo \u00e9nfasis en que ese pa\u00eds \u201cno puede esperar m\u00e1s\u201d. Biden hizo un llamamiento al Consejo de Seguridad a autorizar una misi\u00f3n, y pidi\u00f3 adem\u00e1s al organismo que autorice [&hellip;]<\/p>\n","protected":false},"author":1,"featured_media":1912,"comment_status":"open","ping_status":"open","sticky":false,"template":"","format":"standard","meta":{"_eb_attr":"","footnotes":""},"categories":[37],"tags":[],"_links":{"self":[{"href":"https:\/\/informedesalud.com.do\/index.php?rest_route=\/wp\/v2\/posts\/1913"}],"collection":[{"href":"https:\/\/informedesalud.com.do\/index.php?rest_route=\/wp\/v2\/posts"}],"about":[{"href":"https:\/\/informedesalud.com.do\/index.php?rest_route=\/wp\/v2\/types\/post"}],"author":[{"embeddable":true,"href":"https:\/\/informedesalud.com.do\/index.php?rest_route=\/wp\/v2\/users\/1"}],"replies":[{"embeddable":true,"href":"https:\/\/informedesalud.com.do\/index.php?rest_route=%2Fwp%2Fv2%2Fcomments&post=1913"}],"version-history":[{"count":1,"href":"https:\/\/informedesalud.com.do\/index.php?rest_route=\/wp\/v2\/posts\/1913\/revisions"}],"predecessor-version":[{"id":1914,"href":"https:\/\/informedesalud.com.do\/index.php?rest_route=\/wp\/v2\/posts\/1913\/revisions\/1914"}],"wp:featuredmedia":[{"embeddable":true,"href":"https:\/\/informedesalud.com.do\/index.php?rest_route=\/wp\/v2\/media\/1912"}],"wp:attachment":[{"href":"https:\/\/informedesalud.com.do\/index.php?rest_route=%2Fwp%2Fv2%2Fmedia&parent=1913"}],"wp:term":[{"taxonomy":"category","embeddable":true,"href":"https:\/\/informedesalud.com.do\/index.php?rest_route=%2Fwp%2Fv2%2Fcategories&post=1913"},{"taxonomy":"post_tag","embeddable":true,"href":"https:\/\/informedesalud.com.do\/index.php?rest_route=%2Fwp%2Fv2%2Ftags&post=1913"}],"curies":[{"name":"wp","href":"https:\/\/api.w.org\/{rel}","templated":true}]}}