{"id":1910,"date":"2023-09-19T21:13:20","date_gmt":"2023-09-19T19:13:20","guid":{"rendered":"https:\/\/informedesalud.com.do\/?p=1910"},"modified":"2023-09-19T21:13:53","modified_gmt":"2023-09-19T19:13:53","slug":"biden-ante-la-onu-haiti-no-puede-esperar-mas-insta-a-enviar-mision-internacional-cuanto-antes","status":"publish","type":"post","link":"https:\/\/informedesalud.com.do\/?p=1910","title":{"rendered":"Biden ante la ONU: \u201cHait\u00ed no puede esperar m\u00e1s\u201d, insta a enviar misi\u00f3n internacional \u201ccuanto antes\u201d"},"content":{"rendered":"\n<p>\u201cHago un llamamiento al Consejo de Seguridad a autorizar esa misi\u00f3n ahora. El pueblo de&nbsp;Hait\u00ed no puede esperar m\u00e1s\u201d, dijo hoy el presidente de los Estados Unidos, Joe Biden durante su intervenci\u00f3n ante la&nbsp;Asamblea General de la ONU.<\/p>\n\n\n\n<p>El mandatario estadounidense le pidi\u00f3 adem\u00e1s al organismo,&nbsp;&nbsp;que autorice cuanto antes la intervenci\u00f3n de una fuerza multinacional liderada por Kenia para aplacar la crisis de violencia en Hait\u00ed,&nbsp;una iniciativa que ha reclamado el propio Gobierno haitiano durante meses.<\/p>\n\n\n\n<p>En su repaso de la situaci\u00f3n internacional, Biden tambi\u00e9n conden\u00f3 los lanzamientos de misiles de Corea del Norte, se comprometi\u00f3 a evitar que Ir\u00e1n obtenga un arma nuclear y defendi\u00f3 la soluci\u00f3n de dos Estados para el conflicto palestino-israel\u00ed.<\/p>\n\n\n\n<p>El presidente de Estados Unidos, Joe Biden, avis\u00f3 este martes ante la&nbsp;Asamblea General de la ONU&nbsp;que ning\u00fan pa\u00eds tendr\u00e1 asegurada su independencia si Ucrania pierde la guerra por la invasi\u00f3n rusa.<\/p>\n\n\n\n<p>El mandatario reivindic\u00f3 la necesidad de seguir apoyando militarmente al Gobierno de Kiev para defender la integridad territorial de Ucrania y \u201cdisuadir\u201d a Rusia de que invada a otros pa\u00edses en el futuro.<\/p>\n\n\n\n<p>\u201cSi abandonamos los principios b\u00e1sicos de la Carta de Naciones Unidas,&nbsp;\u00bfpodr\u00e1 alg\u00fan Estado miembro sentirse seguro? Si permitimos que Ucrania sea dividida, \u00bfestar\u00e1 asegurada la independencia de alguna naci\u00f3n? La respuesta es no\u201d, advirti\u00f3.<\/p>\n\n\n\n<p>Por ello, Biden prometi\u00f3 que Estados Unidos y sus aliados \u201cseguir\u00e1n al lado del valiente pueblo ucraniano en defensa de su soberan\u00eda, su integridad territorial y su libertad\u201d, tras lo cual fue aplaudido por parte del auditorio.<\/p>\n\n\n\n<p>El mandatario, que en esta ocasi\u00f3n no se refiri\u00f3 directamente a su hom\u00f3logo ruso, Vlad\u00edmir Putin, se\u00f1al\u00f3 adem\u00e1s que Rusia es el \u201cresponsable de esta guerra\u201d y que est\u00e1 en sus manos que el conflicto termine \u201cinmediatamente\u00bb.<\/p>\n\n\n\n<p>En la Semana de Alto Nivel de la Asamblea General de la ONU participar\u00e1n tambi\u00e9n el presidente ucraniano,&nbsp;Volod\u00edmir Zelenski, y el ministro ruso de Exteriores, Sergu\u00e9i Lavrov,&nbsp;en ausencia de Putin, aunque Lavrov no ha llegado a Nueva York y es dif\u00edcil que pueda coincidir con el ucraniano.<\/p>\n","protected":false},"excerpt":{"rendered":"<p>\u201cHago un llamamiento al Consejo de Seguridad a autorizar esa misi\u00f3n ahora. El pueblo de&nbsp;Hait\u00ed no puede esperar m\u00e1s\u201d, dijo hoy el presidente de los Estados Unidos, Joe Biden durante su intervenci\u00f3n ante la&nbsp;Asamblea General de la ONU. El mandatario estadounidense le pidi\u00f3 adem\u00e1s al organismo,&nbsp;&nbsp;que autorice cuanto antes la intervenci\u00f3n de una fuerza multinacional [&hellip;]<\/p>\n","protected":false},"author":1,"featured_media":1909,"comment_status":"open","ping_status":"open","sticky":false,"template":"","format":"standard","meta":{"_eb_attr":"","footnotes":""},"categories":[37],"tags":[],"_links":{"self":[{"href":"https:\/\/informedesalud.com.do\/index.php?rest_route=\/wp\/v2\/posts\/1910"}],"collection":[{"href":"https:\/\/informedesalud.com.do\/index.php?rest_route=\/wp\/v2\/posts"}],"about":[{"href":"https:\/\/informedesalud.com.do\/index.php?rest_route=\/wp\/v2\/types\/post"}],"author":[{"embeddable":true,"href":"https:\/\/informedesalud.com.do\/index.php?rest_route=\/wp\/v2\/users\/1"}],"replies":[{"embeddable":true,"href":"https:\/\/informedesalud.com.do\/index.php?rest_route=%2Fwp%2Fv2%2Fcomments&post=1910"}],"version-history":[{"count":1,"href":"https:\/\/informedesalud.com.do\/index.php?rest_route=\/wp\/v2\/posts\/1910\/revisions"}],"predecessor-version":[{"id":1911,"href":"https:\/\/informedesalud.com.do\/index.php?rest_route=\/wp\/v2\/posts\/1910\/revisions\/1911"}],"wp:featuredmedia":[{"embeddable":true,"href":"https:\/\/informedesalud.com.do\/index.php?rest_route=\/wp\/v2\/media\/1909"}],"wp:attachment":[{"href":"https:\/\/informedesalud.com.do\/index.php?rest_route=%2Fwp%2Fv2%2Fmedia&parent=1910"}],"wp:term":[{"taxonomy":"category","embeddable":true,"href":"https:\/\/informedesalud.com.do\/index.php?rest_route=%2Fwp%2Fv2%2Fcategories&post=1910"},{"taxonomy":"post_tag","embeddable":true,"href":"https:\/\/informedesalud.com.do\/index.php?rest_route=%2Fwp%2Fv2%2Ftags&post=1910"}],"curies":[{"name":"wp","href":"https:\/\/api.w.org\/{rel}","templated":true}]}}