{"id":14700,"date":"2026-05-02T15:36:10","date_gmt":"2026-05-02T13:36:10","guid":{"rendered":"https:\/\/laconsultamedica.com.do\/?p=37264"},"modified":"2026-05-02T15:36:10","modified_gmt":"2026-05-02T13:36:10","slug":"felix-garcia-es-reconocido-con-el-merito-laboral","status":"publish","type":"post","link":"https:\/\/informedesalud.com.do\/?p=14700","title":{"rendered":"F\u00e9lix Garc\u00eda es reconocido con el M\u00e9rito Laboral"},"content":{"rendered":"<div><img decoding=\"async\" src=\"https:\/\/i0.wp.com\/laconsultamedica.com.do\/wp-content\/uploads\/2026\/05\/image_editor_output_image1444822033-1777729094070.webp?fit=1032%2C549&amp;ssl=1\" class=\"ff-og-image-inserted\"><\/div>\n<p class=\"wp-block-paragraph\">El empresario F\u00e9lix M. Garc\u00eda C., fundador del Grupo Linda y declarado hijo distinguido de Santiago, fue reconocido ayer en la categor\u00eda de Trayectoria en la Generaci\u00f3n de Oportunidades Laborales dentro de la primera edici\u00f3n del Premio Anual al M\u00e9rito Laboral, encabezado por el presidente Luis Abinader con motivo del D\u00eda Internacional del Trabajo.<\/p>\n<p>F\u00e9lix M. Garc\u00eda C. es un empresario dominicano con m\u00e1s de seis d\u00e9cadas de trayectoria en el sector industrial y fundador del Grupo Linda, uno de los conglomerados m\u00e1s importantes del pa\u00eds.<\/p>\n<p>Se gradu\u00f3 como ingeniero industrial en el Instituto Tecnol\u00f3gico y de Estudios Superiores de Monterrey, M\u00e9xico, en 1968, y al regresar a la Rep\u00fablica Dominicana inici\u00f3 un camino empresarial que lo llev\u00f3 a adquirir y desarrollar industrias clave como la producci\u00f3n de tomate, la fabricaci\u00f3n de envases y la diversificaci\u00f3n hacia sectores como energ\u00eda, salud, seguros y construcci\u00f3n.<\/p>\n<p>Su liderazgo ha generado miles de empleos y ha consolidado un modelo de crecimiento basado en la innovaci\u00f3n y la fe en el pa\u00eds. Adem\u00e1s de su labor empresarial, Garc\u00eda ha sido un activo promotor de iniciativas sociales, culturales y ambientales a trav\u00e9s de la Fundaci\u00f3n Garc\u00eda Almansa, y ha recibido m\u00faltiples reconocimientos, entre ellos la medalla Paul Harris del Club Rotario, el t\u00edtulo de Doctor Honoris Causa en Ciencia y Humanidades por la PUCMM, y el nombramiento de Hijo distinguido de Santiago por el Ayuntamiento de esa ciudad.<\/p>\n<p>En la primera edici\u00f3n del Premio Anual al M\u00e9rito Laboral, encabezada por el presidente Luis Abinader, Garc\u00eda fue homenajeado en la categor\u00eda de Trayectoria en la Generaci\u00f3n de Oportunidades Laborales.<\/p>\n<p>Al recibir el galard\u00f3n, expres\u00f3 que el reconocimiento era \u201cmuy merecido para la clase trabajadora y empresarial\u201d y dej\u00f3 como consejo la palabra \u201cahorro\u201d, dirigida especialmente a los emprendedores como clave para la sostenibilidad y el \u00e9xito. La ceremonia, que reuni\u00f3 a autoridades, empresarios y l\u00edderes sindicales, resalt\u00f3 el fortalecimiento del di\u00e1logo tripartito y la institucionalizaci\u00f3n de un galard\u00f3n destinado a reconocer la constancia, disciplina y compromiso de quienes contribuyen al crecimiento econ\u00f3mico y social de la Rep\u00fablica Dominicana.<\/p>\n<p>En el mismo escenario fueron tambi\u00e9n homenajeados otros \u00edconos del empresariado nacional, como Frank Rainieri, pionero del turismo con el Grupo Punta Cana, y Jos\u00e9 Luis \u201cPep\u00edn\u201d Corripio, l\u00edder de uno de los conglomerados m\u00e1s importantes del Caribe, quienes junto a Garc\u00eda simbolizan el compromiso del sector privado con la innovaci\u00f3n, la generaci\u00f3n de empleos y el bienestar colectivo.<\/p>\n<p class=\"wp-block-paragraph\">Reconocimientos<\/p>\n<p>La primera edici\u00f3n del Premio Anual al M\u00e9rito Laboral tambi\u00e9n rindi\u00f3 homenaje a destacados dirigentes sindicales, cuyas trayectorias reflejan compromiso y defensa de los derechos de los trabajadores.<br \/>El Gran Galard\u00f3n al Trabajador Meritorio fue otorgado a William Radham\u00e9s Tejada Alc\u00e1ntara, de Nestl\u00e9 Dominicana y dirigente de la Confederaci\u00f3n Nacional de la Unidad Sindical (CNUS), por su disciplina y \u00e9tica en m\u00e1s de cuatro d\u00e9cadas de servicio.<\/p>\n<p>La medalla por Excelencia en el Trabajo reconoci\u00f3 a Dom\u00ednica Cabral de Rijo, de la Confederaci\u00f3n Nacional de Trabajadores Dominicanos (CNTD), mientras que la distinci\u00f3n en Innovaci\u00f3n fue entregada a Victoria Garc\u00eda Ravelo, de la CNUS.<\/p>\n<p>Olivares: empleo digno y paz laboral<\/p>\n<p class=\"wp-block-paragraph\">El ministro de Trabajo, Eddy Olivares, resalt\u00f3 en su intervenci\u00f3n que la alianza y el trabajo conjunto entre Gobierno, empleadores y trabajadores constituye la base para la construcci\u00f3n de un futuro com\u00fan pr\u00f3spero. Subray\u00f3 que desde el Ministerio de Trabajo se continuar\u00e1 impulsando pol\u00edticas p\u00fablicas que fortalezcan el empleo, garanticen condiciones laborales justas y promuevan el di\u00e1logo social como herramienta fundamental para la paz laboral. Olivares enfatiz\u00f3: \u201cEl progreso sostenible se construye sobre la base del respeto a los derechos laborales y la promoci\u00f3n de empleos dignos\u201d, y destac\u00f3 que este premio simboliza el compromiso del Estado con la institucionalizaci\u00f3n del trabajo y con el fortalecimiento del di\u00e1logo tripartito.<\/p>\n<p>Sus palabras marcaron el tono de la ceremonia, reafirm\u00f3 que la justicia social y la concertaci\u00f3n son pilares esenciales para el bienestar colectivo y el crecimiento econ\u00f3mico de la Rep\u00fablica Dominicana.<\/p>\n","protected":false},"excerpt":{"rendered":"<p>El empresario F\u00e9lix M. Garc\u00eda C., fundador del Grupo Linda y declarado hijo distinguido de Santiago, fue reconocido ayer en la categor\u00eda de Trayectoria en la Generaci\u00f3n de Oportunidades Laborales dentro de la primera edici\u00f3n del Premio Anual al M\u00e9rito Laboral, encabezado por el presidente Luis Abinader con motivo del D\u00eda Internacional del Trabajo. F\u00e9lix [&hellip;]<\/p>\n","protected":false},"author":1,"featured_media":14701,"comment_status":"closed","ping_status":"closed","sticky":false,"template":"","format":"standard","meta":{"_eb_attr":"","footnotes":""},"categories":[43],"tags":[],"_links":{"self":[{"href":"https:\/\/informedesalud.com.do\/index.php?rest_route=\/wp\/v2\/posts\/14700"}],"collection":[{"href":"https:\/\/informedesalud.com.do\/index.php?rest_route=\/wp\/v2\/posts"}],"about":[{"href":"https:\/\/informedesalud.com.do\/index.php?rest_route=\/wp\/v2\/types\/post"}],"author":[{"embeddable":true,"href":"https:\/\/informedesalud.com.do\/index.php?rest_route=\/wp\/v2\/users\/1"}],"replies":[{"embeddable":true,"href":"https:\/\/informedesalud.com.do\/index.php?rest_route=%2Fwp%2Fv2%2Fcomments&post=14700"}],"version-history":[{"count":0,"href":"https:\/\/informedesalud.com.do\/index.php?rest_route=\/wp\/v2\/posts\/14700\/revisions"}],"wp:featuredmedia":[{"embeddable":true,"href":"https:\/\/informedesalud.com.do\/index.php?rest_route=\/wp\/v2\/media\/14701"}],"wp:attachment":[{"href":"https:\/\/informedesalud.com.do\/index.php?rest_route=%2Fwp%2Fv2%2Fmedia&parent=14700"}],"wp:term":[{"taxonomy":"category","embeddable":true,"href":"https:\/\/informedesalud.com.do\/index.php?rest_route=%2Fwp%2Fv2%2Fcategories&post=14700"},{"taxonomy":"post_tag","embeddable":true,"href":"https:\/\/informedesalud.com.do\/index.php?rest_route=%2Fwp%2Fv2%2Ftags&post=14700"}],"curies":[{"name":"wp","href":"https:\/\/api.w.org\/{rel}","templated":true}]}}