{"id":14698,"date":"2026-05-02T15:00:47","date_gmt":"2026-05-02T13:00:47","guid":{"rendered":"https:\/\/laconsultamedica.com.do\/?p=37248"},"modified":"2026-05-02T15:00:47","modified_gmt":"2026-05-02T13:00:47","slug":"republica-dominicana-reunio-a-lideres-de-la-ue-y-celac-en-cumbre-sobre-drogas","status":"publish","type":"post","link":"https:\/\/informedesalud.com.do\/?p=14698","title":{"rendered":"Rep\u00fablica Dominicana reuni\u00f3 a l\u00edderes de la UE y Celac en cumbre sobre drogas"},"content":{"rendered":"<div><img decoding=\"async\" src=\"https:\/\/i0.wp.com\/laconsultamedica.com.do\/wp-content\/uploads\/2026\/05\/image_editor_output_image-1468180109-1777727958689.jpg?fit=797%2C525&amp;ssl=1\" class=\"ff-og-image-inserted\"><\/div>\n<p class=\"wp-block-paragraph\">Punta Cana.\u2013 La Rep\u00fablica Dominicana acogi\u00f3 en Punta Cana, la XXVI Reuni\u00f3n de Alto Nivel del Mecanismo de Coordinaci\u00f3n y Cooperaci\u00f3n entre la Uni\u00f3n Europea (UE) y la Comunidad de Estados Latinoamericanos y Caribe\u00f1os(Celac) en materia de drogas, consolid\u00e1ndose como un espacio clave para el di\u00e1logo pol\u00edtico birregional frente a este desaf\u00edo global. <\/p>\n<p>Este encuentro, conocido como Reuni\u00f3n de Alto Nivel UE\u2013Celac sobre drogas (RAN), constituy\u00f3 el principal foro pol\u00edtico de articulaci\u00f3n entre ambas regiones, donde se definieron prioridades estrat\u00e9gicas y se promovieron respuestas conjuntas, equilibradas e integrales ante los retos emergentes en esta materia. <\/p>\n<p>En el marco de este mecanismo, el pa\u00eds tambi\u00e9n fue sede de la reuni\u00f3n anual de Copolad III, el programa regional de cooperaci\u00f3n birregional entre Am\u00e9rica Latina, el Caribe y la Uni\u00f3n Europea en pol\u00edticas de drogas. <\/p>\n<p>El encuentro reuni\u00f3 a autoridades de alto nivel de ambos bloques, incluidos ministros, viceministros, jefes de agencias especializadas y representantes de organismos internacionales, con el prop\u00f3sito de impulsar respuestas coordinadas basadas en la evidencia, con enfoque de salud p\u00fablica, derechos humanos y seguridad ciudadana. <\/p>\n<p>La sesi\u00f3n inaugural de la RAN estuvo encabezada por la ministra de Interior y Polic\u00eda, Faride Raful, en su calidad de copresidenta por Celac, junto con su hom\u00f3logo europeo, Christos Mina, y la directora general adjunta de la Direcci\u00f3n General de Alianzas Internacionales de la Comisi\u00f3n Europea, Myriam Ferr\u00e1n,&nbsp; <\/p>\n<p>En la actividad tambi\u00e9n estuvieron el vicealmirante Jos\u00e9 Manuel Cabrera Ulloa, presidente de la Direcci\u00f3n Nacional de Control de Drogas (DNCD); la procuradora general de la Rep\u00fablica, Yeni Berenice Reynoso G\u00f3mez, y el mayor general Andr\u00e9s Modesto Cruz Cruz, director general de la Polic\u00eda Nacional. <\/p>\n<p>\u201cEsta reuni\u00f3n nos permitir\u00e1 intercambiar experiencias de \u00e9xito concretas en la implementaci\u00f3n de la Declaraci\u00f3n de La Paz, as\u00ed como reflexionar sobre el fortalecimiento de nuestro mecanismo, con miras a hacerlo m\u00e1s eficaz, din\u00e1mico y orientado a resultados\u201d, expres\u00f3 la ministra. <\/p>\n<p>Adem\u00e1s, afirm\u00f3 que el valor de este mecanismo radica precisamente en su capacidad de articular visiones diversasen torno a objetivos comunes. <\/p>\n<p>La agenda incluy\u00f3 dos debates tem\u00e1ticos centrales. El primero abord\u00f3 el impacto de las nuevas tecnolog\u00edas en las din\u00e1micas del narcotr\u00e1fico y el consumo, analizando tanto el uso de herramientas digitales por organizaciones criminales como su potencial para la prevenci\u00f3n y la reducci\u00f3n de la demanda. El segundo se centr\u00f3 en el seguimiento de los flujos financieros il\u00edcitos y el fortalecimiento del ciclo de recuperaci\u00f3n de activos, incluida su reutilizaci\u00f3n con fines sociales para promover la resiliencia comunitaria y reducir el poder del narcotr\u00e1fico. <\/p>\n<p>Asimismo, se presentaron los avances en la implementaci\u00f3n de las prioridades de la Declaraci\u00f3n de La Paz. Estos espacios buscaron fortalecer el Mecanismo UE\u2013CELAC como plataforma estrat\u00e9gica de coordinaci\u00f3n y su articulaci\u00f3n con iniciativas de cooperaci\u00f3n como CopoladIII. <\/p>\n<p>La reuni\u00f3n concluy\u00f3 con la aprobaci\u00f3n del Documento de Resultados y del Informe Anual del Mecanismo, as\u00ed como con el traspaso de la copresidencia por parte de Celac a Per\u00fa, marcando el inicio de un nuevo ciclo de trabajo conjunto entre ambas regiones. <\/p>\n<p>Con la celebraci\u00f3n de este evento, la Rep\u00fablica Dominicana reafirm\u00f3 su compromiso con el abordaje integral del problema mundial de las drogas y fortaleci\u00f3 su posicionamiento como actor relevante en la agenda internacional, consolid\u00e1ndose como puente de di\u00e1logo entre la Uni\u00f3n Europea, Am\u00e9rica Latina y el Caribe. <\/p>\n","protected":false},"excerpt":{"rendered":"<p>Punta Cana.\u2013 La Rep\u00fablica Dominicana acogi\u00f3 en Punta Cana, la XXVI Reuni\u00f3n de Alto Nivel del Mecanismo de Coordinaci\u00f3n y Cooperaci\u00f3n entre la Uni\u00f3n Europea (UE) y la Comunidad de Estados Latinoamericanos y Caribe\u00f1os(Celac) en materia de drogas, consolid\u00e1ndose como un espacio clave para el di\u00e1logo pol\u00edtico birregional frente a este desaf\u00edo global. Este encuentro, [&hellip;]<\/p>\n","protected":false},"author":1,"featured_media":14699,"comment_status":"closed","ping_status":"closed","sticky":false,"template":"","format":"standard","meta":{"_eb_attr":"","footnotes":""},"categories":[36],"tags":[],"_links":{"self":[{"href":"https:\/\/informedesalud.com.do\/index.php?rest_route=\/wp\/v2\/posts\/14698"}],"collection":[{"href":"https:\/\/informedesalud.com.do\/index.php?rest_route=\/wp\/v2\/posts"}],"about":[{"href":"https:\/\/informedesalud.com.do\/index.php?rest_route=\/wp\/v2\/types\/post"}],"author":[{"embeddable":true,"href":"https:\/\/informedesalud.com.do\/index.php?rest_route=\/wp\/v2\/users\/1"}],"replies":[{"embeddable":true,"href":"https:\/\/informedesalud.com.do\/index.php?rest_route=%2Fwp%2Fv2%2Fcomments&post=14698"}],"version-history":[{"count":0,"href":"https:\/\/informedesalud.com.do\/index.php?rest_route=\/wp\/v2\/posts\/14698\/revisions"}],"wp:featuredmedia":[{"embeddable":true,"href":"https:\/\/informedesalud.com.do\/index.php?rest_route=\/wp\/v2\/media\/14699"}],"wp:attachment":[{"href":"https:\/\/informedesalud.com.do\/index.php?rest_route=%2Fwp%2Fv2%2Fmedia&parent=14698"}],"wp:term":[{"taxonomy":"category","embeddable":true,"href":"https:\/\/informedesalud.com.do\/index.php?rest_route=%2Fwp%2Fv2%2Fcategories&post=14698"},{"taxonomy":"post_tag","embeddable":true,"href":"https:\/\/informedesalud.com.do\/index.php?rest_route=%2Fwp%2Fv2%2Ftags&post=14698"}],"curies":[{"name":"wp","href":"https:\/\/api.w.org\/{rel}","templated":true}]}}