{"id":14696,"date":"2026-05-02T15:15:23","date_gmt":"2026-05-02T13:15:23","guid":{"rendered":"https:\/\/laconsultamedica.com.do\/?p=37240"},"modified":"2026-05-02T15:15:23","modified_gmt":"2026-05-02T13:15:23","slug":"empresarios-y-sindicalistas-se-comprometen-a-seguir-trabajando-junto-al-gobierno-en-favor-del-crecimiento-economico-y-bienestar-de-trabajadores","status":"publish","type":"post","link":"https:\/\/informedesalud.com.do\/?p=14696","title":{"rendered":"Empresarios y sindicalistas se comprometen a seguir trabajando junto al Gobierno en favor del crecimiento econ\u00f3mico y bienestar de trabajadores"},"content":{"rendered":"<p class=\"wp-block-paragraph\"><em><strong>Presidente Abinader encabeza entrega de galardones a destacados trabajadores y empresarios dominicanos que contribuyen al desarrollo econ\u00f3mico y social del pa\u00eds<\/strong><\/em><\/p>\n<p><em><strong>Es la primera edici\u00f3n del Premio Anual al M\u00e9rito Laboral instituido por el presidente Abinader en 2025<\/strong><\/em><\/p>\n<p>Santo Domingo. \u2013 Al celebrarse este viernes 1 de mayo el D\u00eda Internacional del Trabajo, el presidente Luis Abinader, junto a la vicepresidenta Raquel Pe\u00f1a, encabez\u00f3 la primera edici\u00f3n del Premio Anual al M\u00e9rito Laboral para reconocer a trabajadores y empresarios que han contribuido de manera significativa al desarrollo econ\u00f3mico, social y humano del pa\u00eds, promoviendo el empleo digno y la excelencia en el trabajo.<\/p>\n<p>En un escenario en el que prim\u00f3 la justicia, el reconocimiento y la gratitud, fueron entregadas ocho medallas al m\u00e9rito laboral frente a m\u00e1s de un centenar de representantes del sector sindical, empresarial y gubernamental.<\/p>\n<p>Este premio fue instituido por el presidente Luis Abinader mediante el Decreto n\u00fam. 389-25, estableci\u00e9ndose adem\u00e1s como un compromiso con el fortalecimiento del di\u00e1logo tripartito.<\/p>\n<p>Al respecto, el ministro de Trabajo, Eddy Olivares, indic\u00f3 que la alianza y trabajo conjunto entre el Gobierno, empleadores y trabajadores, permite la construcci\u00f3n de un futuro com\u00fan pr\u00f3spero y se comprometi\u00f3, desde el Ministerio de Trabajo, a seguir impulsando pol\u00edticas p\u00fablicas que fortalezcan el empleo, garanticen condiciones laborales justas y promuevan el di\u00e1logo social como herramienta fundamental para la paz laboral.<\/p>\n<p>\u201cEl progreso sostenible se construye sobre la base del respeto a los derechos laborales y la promoci\u00f3n de empleos dignos\u201d, concluy\u00f3 Olivares. <\/p>\n<p>Por el sector empleador, Celso Juan Marranzini, presidente del CONEP, reconoci\u00f3 el esfuerzo de m\u00e1s de 5 millones de trabajadores que sostienen cada d\u00eda la actividad productiva del pa\u00eds, impulsando el crecimiento y promoviendo oportunidades para millones de familias.<\/p>\n<p>Tambi\u00e9n valor\u00f3 la iniciativa del Gobierno del presidente Luis Abinader de institucionalizar el trabajo y manifest\u00f3 su disposici\u00f3n de seguir trabajando de manera tripartita por el crecimiento de nuestra econom\u00eda.<\/p>\n<p>Del mismo modo, el representante sindicalista Rafael \u201cPepe\u201d Abreu, expres\u00f3 con gran convicci\u00f3n, que este es un Gobierno que se preocupa por el justo equilibrio y por el bienestar de todos los sectores.<\/p>\n<figure class=\"wp-block-image size-large\"><img loading=\"lazy\" data-recalc-dims=\"1\" loading=\"lazy\" decoding=\"async\" width=\"1024\" height=\"683\" data-attachment-id=\"37237\" data-permalink=\"https:\/\/laconsultamedica.com.do\/img-20260502-wa00003889873597573199003-jpg\/\" data-orig-file=\"https:\/\/i0.wp.com\/laconsultamedica.com.do\/wp-content\/uploads\/2026\/05\/img-20260502-wa00003889873597573199003.jpg?fit=2000%2C1334&amp;ssl=1\" data-orig-size=\"2000,1334\" data-comments-opened=\"1\" data-image-meta=\"{&quot;aperture&quot;:&quot;0&quot;,&quot;credit&quot;:&quot;&quot;,&quot;camera&quot;:&quot;&quot;,&quot;caption&quot;:&quot;&quot;,&quot;created_timestamp&quot;:&quot;0&quot;,&quot;copyright&quot;:&quot;&quot;,&quot;focal_length&quot;:&quot;0&quot;,&quot;iso&quot;:&quot;0&quot;,&quot;shutter_speed&quot;:&quot;0&quot;,&quot;title&quot;:&quot;&quot;,&quot;orientation&quot;:&quot;1&quot;}\" data-image-title=\"img-20260502-wa00003889873597573199003.jpg\" data-image-description data-image-caption data-large-file=\"https:\/\/i0.wp.com\/laconsultamedica.com.do\/wp-content\/uploads\/2026\/05\/img-20260502-wa00003889873597573199003.jpg?fit=1024%2C683&amp;ssl=1\" src=\"https:\/\/i0.wp.com\/laconsultamedica.com.do\/wp-content\/uploads\/2026\/05\/img-20260502-wa00003889873597573199003.jpg?resize=1024%2C683&amp;ssl=1\" alt class=\"wp-image-37237\" srcset=\"https:\/\/i0.wp.com\/laconsultamedica.com.do\/wp-content\/uploads\/2026\/05\/img-20260502-wa00003889873597573199003.jpg?resize=1024%2C683&amp;ssl=1 1024w, https:\/\/i0.wp.com\/laconsultamedica.com.do\/wp-content\/uploads\/2026\/05\/img-20260502-wa00003889873597573199003.jpg?resize=300%2C200&amp;ssl=1 300w, https:\/\/i0.wp.com\/laconsultamedica.com.do\/wp-content\/uploads\/2026\/05\/img-20260502-wa00003889873597573199003.jpg?resize=768%2C512&amp;ssl=1 768w, https:\/\/i0.wp.com\/laconsultamedica.com.do\/wp-content\/uploads\/2026\/05\/img-20260502-wa00003889873597573199003.jpg?resize=1536%2C1025&amp;ssl=1 1536w, https:\/\/i0.wp.com\/laconsultamedica.com.do\/wp-content\/uploads\/2026\/05\/img-20260502-wa00003889873597573199003.jpg?resize=750%2C500&amp;ssl=1 750w, https:\/\/i0.wp.com\/laconsultamedica.com.do\/wp-content\/uploads\/2026\/05\/img-20260502-wa00003889873597573199003.jpg?resize=1140%2C760&amp;ssl=1 1140w, https:\/\/i0.wp.com\/laconsultamedica.com.do\/wp-content\/uploads\/2026\/05\/img-20260502-wa00003889873597573199003.jpg?w=2000&amp;ssl=1 2000w\" sizes=\"auto, (max-width: 1000px) 100vw, 1000px\"><\/figure>\n<p class=\"wp-block-paragraph\">Galardonados<\/p>\n<p>En esta primera edici\u00f3n, el *Gran Galard\u00f3n al Trabajador Meritorio* fue otorgado, por su dedicaci\u00f3n y \u00e9tica, a William Radham\u00e9s Tejada Alc\u00e1ntara, de Nestl\u00e9 Dominicana y dirigente de la Confederaci\u00f3n Nacional de la Unidad Sindical (CNUS). La medalla por *Excelencia en el Trabajo* se entreg\u00f3 a Dom\u00ednica Cabral de Rijo, de la&nbsp; Confederaci\u00f3n Nacional de Trabajadores Dominicanos (CNTD); la de *Innovaci\u00f3n*, a Victoria Garc\u00eda Ravelo, de CNUS; y la de *Liderazgo y Armon\u00eda Laboral*, a Manolo (Pupilo) Ram\u00edrez, de la CASC.<\/p>\n<p>El reconocimiento al *Compromiso con los Derechos de los Trabajadores* recay\u00f3 sobre Gabriel Antonio Del R\u00edo Do\u00f1\u00e9, presidente de la Confederaci\u00f3n Aut\u00f3noma Sindical Clasista (CASC), por su legado, integridad y permanente compromiso en defensa no del bienestar de los trabajadores y trabajadoras.<\/p>\n<p>En la categor\u00eda de *Trayectoria en la Generaci\u00f3n de Oportunidades Laborales*, fueron reconocidos los empresarios Jos\u00e9 Luis Corripio, F\u00e9lix Mar\u00eda Garc\u00eda Castellanos y Frank Rainieri, por sus aportes al desarrollo empresarial y la creaci\u00f3n de empleos en la Rep\u00fablica Dominicana.<\/p>\n<figure class=\"wp-block-image size-large\"><img loading=\"lazy\" data-recalc-dims=\"1\" loading=\"lazy\" decoding=\"async\" width=\"1024\" height=\"683\" data-attachment-id=\"37239\" data-permalink=\"https:\/\/laconsultamedica.com.do\/img-20260502-wa00026598772924599786099-jpg\/\" data-orig-file=\"https:\/\/i0.wp.com\/laconsultamedica.com.do\/wp-content\/uploads\/2026\/05\/img-20260502-wa00026598772924599786099.jpg?fit=2000%2C1334&amp;ssl=1\" data-orig-size=\"2000,1334\" data-comments-opened=\"1\" data-image-meta=\"{&quot;aperture&quot;:&quot;0&quot;,&quot;credit&quot;:&quot;&quot;,&quot;camera&quot;:&quot;&quot;,&quot;caption&quot;:&quot;&quot;,&quot;created_timestamp&quot;:&quot;0&quot;,&quot;copyright&quot;:&quot;&quot;,&quot;focal_length&quot;:&quot;0&quot;,&quot;iso&quot;:&quot;0&quot;,&quot;shutter_speed&quot;:&quot;0&quot;,&quot;title&quot;:&quot;&quot;,&quot;orientation&quot;:&quot;1&quot;}\" data-image-title=\"img-20260502-wa00026598772924599786099.jpg\" data-image-description data-image-caption data-large-file=\"https:\/\/i0.wp.com\/laconsultamedica.com.do\/wp-content\/uploads\/2026\/05\/img-20260502-wa00026598772924599786099.jpg?fit=1024%2C683&amp;ssl=1\" src=\"https:\/\/i0.wp.com\/laconsultamedica.com.do\/wp-content\/uploads\/2026\/05\/img-20260502-wa00026598772924599786099.jpg?resize=1024%2C683&amp;ssl=1\" alt class=\"wp-image-37239\" srcset=\"https:\/\/i0.wp.com\/laconsultamedica.com.do\/wp-content\/uploads\/2026\/05\/img-20260502-wa00026598772924599786099.jpg?resize=1024%2C683&amp;ssl=1 1024w, https:\/\/i0.wp.com\/laconsultamedica.com.do\/wp-content\/uploads\/2026\/05\/img-20260502-wa00026598772924599786099.jpg?resize=300%2C200&amp;ssl=1 300w, https:\/\/i0.wp.com\/laconsultamedica.com.do\/wp-content\/uploads\/2026\/05\/img-20260502-wa00026598772924599786099.jpg?resize=768%2C512&amp;ssl=1 768w, https:\/\/i0.wp.com\/laconsultamedica.com.do\/wp-content\/uploads\/2026\/05\/img-20260502-wa00026598772924599786099.jpg?resize=1536%2C1025&amp;ssl=1 1536w, https:\/\/i0.wp.com\/laconsultamedica.com.do\/wp-content\/uploads\/2026\/05\/img-20260502-wa00026598772924599786099.jpg?resize=750%2C500&amp;ssl=1 750w, https:\/\/i0.wp.com\/laconsultamedica.com.do\/wp-content\/uploads\/2026\/05\/img-20260502-wa00026598772924599786099.jpg?resize=1140%2C760&amp;ssl=1 1140w, https:\/\/i0.wp.com\/laconsultamedica.com.do\/wp-content\/uploads\/2026\/05\/img-20260502-wa00026598772924599786099.jpg?w=2000&amp;ssl=1 2000w\" sizes=\"auto, (max-width: 1000px) 100vw, 1000px\"><\/figure>\n<p class=\"wp-block-paragraph\">Podr\u00e1n ser candidatos los trabajadores de cualquier sector productivo, instituciones y empresas nacionales e internacionales con un historial comprobado de buenas pr\u00e1cticas laborales; asimismo, personas que hayan prestado servicios por un per\u00edodo prolongado y con impacto positivo en la sociedad.<\/p>\n<p>Entre los asistentes, tambi\u00e9n destacan los presidentes, del Senado, Ricardo de los Santos; del Tribunal Superior Electoral, Ygnacio Pascual Camacho; el ministro de Industria, Comercio y Mipymes, Eduardo Sanz Lovat\u00f3n; la directora de \u00c9tica e Integridad Gubernamental, Milagros Ortiz Bosch; los presidentes, de COPARDOM, Laura Pe\u00f1a Izquierdo; de la Confederaci\u00f3n Nacional de Trabajadores Dominicanos (CNTD), Jacobo Ramos; y el alcalde por SDE, Dio Astacio.<\/p>\n","protected":false},"excerpt":{"rendered":"<p>Presidente Abinader encabeza entrega de galardones a destacados trabajadores y empresarios dominicanos que contribuyen al desarrollo econ\u00f3mico y social del pa\u00eds Es la primera edici\u00f3n del Premio Anual al M\u00e9rito Laboral instituido por el presidente Abinader en 2025 Santo Domingo. \u2013 Al celebrarse este viernes 1 de mayo el D\u00eda Internacional del Trabajo, el presidente [&hellip;]<\/p>\n","protected":false},"author":1,"featured_media":14697,"comment_status":"closed","ping_status":"closed","sticky":false,"template":"","format":"standard","meta":{"_eb_attr":"","footnotes":""},"categories":[36],"tags":[],"_links":{"self":[{"href":"https:\/\/informedesalud.com.do\/index.php?rest_route=\/wp\/v2\/posts\/14696"}],"collection":[{"href":"https:\/\/informedesalud.com.do\/index.php?rest_route=\/wp\/v2\/posts"}],"about":[{"href":"https:\/\/informedesalud.com.do\/index.php?rest_route=\/wp\/v2\/types\/post"}],"author":[{"embeddable":true,"href":"https:\/\/informedesalud.com.do\/index.php?rest_route=\/wp\/v2\/users\/1"}],"replies":[{"embeddable":true,"href":"https:\/\/informedesalud.com.do\/index.php?rest_route=%2Fwp%2Fv2%2Fcomments&post=14696"}],"version-history":[{"count":0,"href":"https:\/\/informedesalud.com.do\/index.php?rest_route=\/wp\/v2\/posts\/14696\/revisions"}],"wp:featuredmedia":[{"embeddable":true,"href":"https:\/\/informedesalud.com.do\/index.php?rest_route=\/wp\/v2\/media\/14697"}],"wp:attachment":[{"href":"https:\/\/informedesalud.com.do\/index.php?rest_route=%2Fwp%2Fv2%2Fmedia&parent=14696"}],"wp:term":[{"taxonomy":"category","embeddable":true,"href":"https:\/\/informedesalud.com.do\/index.php?rest_route=%2Fwp%2Fv2%2Fcategories&post=14696"},{"taxonomy":"post_tag","embeddable":true,"href":"https:\/\/informedesalud.com.do\/index.php?rest_route=%2Fwp%2Fv2%2Ftags&post=14696"}],"curies":[{"name":"wp","href":"https:\/\/api.w.org\/{rel}","templated":true}]}}