{"id":14692,"date":"2026-05-02T15:24:19","date_gmt":"2026-05-02T13:24:19","guid":{"rendered":"https:\/\/laconsultamedica.com.do\/?p=37254"},"modified":"2026-05-02T15:24:19","modified_gmt":"2026-05-02T13:24:19","slug":"trabajadores-advierten-sobre-cesantia-seguridad-social-y-derechos-laborales-en-multitudinario-acto-del-1-de-mayo","status":"publish","type":"post","link":"https:\/\/informedesalud.com.do\/?p=14692","title":{"rendered":"Trabajadores advierten sobre cesant\u00eda, seguridad social y derechos laborales en multitudinario acto del 1 de mayo"},"content":{"rendered":"<p class=\"wp-block-paragraph\"><strong><em>Dirigentes de la CNTD, CASC y CNUS denuncian deudas estructurales en seguridad social, defienden la cesant\u00eda laboral y reclaman respeto a la libertad sindical, en un acto que reuni\u00f3 a miles de trabajadores en el pa\u00eds._<\/em><\/strong><\/p>\n<p>Santo Domingo. \u2013 En una masiva concentraci\u00f3n con motivo del D\u00eda Internacional de los Trabajadores, las principales centrales sindicales del pa\u00eds elevaron un manifiesto conjunto en el que advirtieron sobre los desaf\u00edos pendientes en materia de seguridad social, cesant\u00eda laboral y derechos fundamentales, al tiempo que reiteraron su disposici\u00f3n al di\u00e1logo social tripartito.<\/p>\n<p>Durante el acto, que congreg\u00f3 a dirigentes de federaciones y sindicatos de base afiliados a la Confederaci\u00f3n Nacional de Trabajadores Dominicanos (CNTD), la Confederaci\u00f3n Aut\u00f3noma Sindical Clasista (CASC) y la Confederaci\u00f3n Nacional de Unidad Sindical (CNUS), sus principales l\u00edderes expusieron las principales preocupaciones del movimiento sindical dominicano.<\/p>\n<p>*La cesant\u00eda laboral, eje de estabilidad y defensa frente a la precarizaci\u00f3n*<\/p>\n<p>Rafael \u201cPepe\u201d Abreu de la CNUS, intervino con una firme defensa de la cesant\u00eda laboral, calific\u00e1ndola como un derecho esencial para la estabilidad de los trabajadores.<\/p>\n<p>\u201cNo nos pueden tratar como mercanc\u00edas. Los derechos que se pierden no se recuperan f\u00e1cilmente. La cesant\u00eda laboral es la \u00fanica garant\u00eda real que tiene un trabajador frente al despido\u201d, expres\u00f3.<\/p>\n<p>Abreu denunci\u00f3 intentos de modificar este derecho en el marco de la reforma laboral en discusi\u00f3n, advirtiendo sobre sus posibles consecuencias sociales.<\/p>\n<p>\u201cSi se afecta la cesant\u00eda, se estar\u00eda dando un golpe mortal a la estabilidad laboral y a la paz social, especialmente en perjuicio de j\u00f3venes y mujeres\u201d, sostuvo.<\/p>\n<p>El dirigente sindical subray\u00f3 adem\u00e1s que, en un contexto donde una gran proporci\u00f3n de los hogares depende del endeudamiento, la cesant\u00eda representa un respaldo econ\u00f3mico clave ante la p\u00e9rdida de empleo.<\/p>\n<p>*Seguridad social en crisis: urgencia de una reforma centrada en la gente*<\/p>\n<p>A seguidas, Jacobo Ramos de la CNTD, centr\u00f3 su discurso en la urgencia de transformar el sistema de seguridad social, se\u00f1alando que persisten fallas estructurales tras m\u00e1s de dos d\u00e9cadas de su creaci\u00f3n.<\/p>\n<p>\u201cEl eje de la seguridad social debe ser la persona humana, no el lucro\u201d, enfatiz\u00f3, al tiempo que record\u00f3 que el movimiento sindical ha depositado una propuesta integral ante el Congreso Nacional.<\/p>\n<p>Advirti\u00f3 que el gasto de bolsillo en salud supera el 40% del total, lo que obliga a miles de trabajadores a cubrir con sus propios ingresos servicios que deber\u00edan estar garantizados por el sistema, al tiempo que alert\u00f3 sobre la baja cobertura del sistema de pensiones, advirtiendo sobre una posible crisis futura si no se adoptan reformas.<\/p>\n<p>\u201cEste es un momento crucial para dotar al pa\u00eds de una nueva ley de seguridad social. No es solo una demanda sindical, es un reclamo de toda la sociedad\u201d, afirm\u00f3.<\/p>\n<p>*Deudas sociales y libertad sindical: claves para avanzar hacia la justicia laboral*<\/p>\n<p>Finalmente, Gabriel del R\u00edo de la CASC, abord\u00f3 las deudas sociales pendientes y la necesidad de fortalecer el di\u00e1logo social como v\u00eda para alcanzar mayores conquistas laborales.<\/p>\n<p>\u201cHoy conmemoramos los 140 a\u00f1os de los acontecimientos que dieron origen al 1 de mayo, momento propicio para reiterar nuestras demandas como clase trabajadora, muchas de las cuales siguen siendo una deuda social acumulada\u201d, manifest\u00f3.<\/p>\n<p>Del R\u00edo reconoci\u00f3 avances como los aumentos salariales sectorizados y esfuerzos por mejorar el poder adquisitivo, pero insisti\u00f3 en que persisten obst\u00e1culos que limitan el ejercicio pleno de derechos.<\/p>\n<p>\u201cLa libertad sindical y la negociaci\u00f3n colectiva son derechos humanos esenciales. Sin ellos, se debilita el di\u00e1logo social y se aleja la posibilidad de construir justicia social\u201d, subray\u00f3.<\/p>\n<p>Tambi\u00e9n llam\u00f3 la atenci\u00f3n sobre las condiciones de trabajadores del Estado, mujeres, j\u00f3venes y campesinos, as\u00ed como la necesidad de cumplir acuerdos con el personal de enfermer\u00eda.<\/p>\n<p>Las centrales sindicales coincidieron en que, adem\u00e1s de la seguridad social y la cesant\u00eda, persisten desaf\u00edos en materia de salarios, poder adquisitivo, conciliaci\u00f3n trabajo-familia y acceso a empleo digno, especialmente para sectores vulnerables.<\/p>\n<p>El acto cont\u00f3 con la presencia de los ministros de Trabajo, Eddy Olivares, y de Educaci\u00f3n Superior, Ciencia y Tecnolog\u00eda, Rafael Santos Bad\u00eda, as\u00ed como de la directora general del INFOTEP, Maira Morla Pineda, entre otras personalidades de la vida p\u00fablica, empresarial y social.<\/p>\n<figure class=\"wp-block-image size-large\"><img loading=\"lazy\" data-recalc-dims=\"1\" loading=\"lazy\" decoding=\"async\" width=\"1024\" height=\"683\" data-attachment-id=\"37253\" data-permalink=\"https:\/\/laconsultamedica.com.do\/img-20260502-wa000475460884001429732-jpg\/\" data-orig-file=\"https:\/\/i0.wp.com\/laconsultamedica.com.do\/wp-content\/uploads\/2026\/05\/img-20260502-wa000475460884001429732.jpg?fit=1280%2C854&amp;ssl=1\" data-orig-size=\"1280,854\" data-comments-opened=\"1\" data-image-meta=\"{&quot;aperture&quot;:&quot;0&quot;,&quot;credit&quot;:&quot;&quot;,&quot;camera&quot;:&quot;&quot;,&quot;caption&quot;:&quot;&quot;,&quot;created_timestamp&quot;:&quot;0&quot;,&quot;copyright&quot;:&quot;&quot;,&quot;focal_length&quot;:&quot;0&quot;,&quot;iso&quot;:&quot;0&quot;,&quot;shutter_speed&quot;:&quot;0&quot;,&quot;title&quot;:&quot;&quot;,&quot;orientation&quot;:&quot;1&quot;}\" data-image-title=\"img-20260502-wa000475460884001429732.jpg\" data-image-description data-image-caption data-large-file=\"https:\/\/i0.wp.com\/laconsultamedica.com.do\/wp-content\/uploads\/2026\/05\/img-20260502-wa000475460884001429732.jpg?fit=1024%2C683&amp;ssl=1\" src=\"https:\/\/i0.wp.com\/laconsultamedica.com.do\/wp-content\/uploads\/2026\/05\/img-20260502-wa000475460884001429732.jpg?resize=1024%2C683&amp;ssl=1\" alt class=\"wp-image-37253\" srcset=\"https:\/\/i0.wp.com\/laconsultamedica.com.do\/wp-content\/uploads\/2026\/05\/img-20260502-wa000475460884001429732.jpg?resize=1024%2C683&amp;ssl=1 1024w, https:\/\/i0.wp.com\/laconsultamedica.com.do\/wp-content\/uploads\/2026\/05\/img-20260502-wa000475460884001429732.jpg?resize=300%2C200&amp;ssl=1 300w, https:\/\/i0.wp.com\/laconsultamedica.com.do\/wp-content\/uploads\/2026\/05\/img-20260502-wa000475460884001429732.jpg?resize=768%2C512&amp;ssl=1 768w, https:\/\/i0.wp.com\/laconsultamedica.com.do\/wp-content\/uploads\/2026\/05\/img-20260502-wa000475460884001429732.jpg?resize=750%2C500&amp;ssl=1 750w, https:\/\/i0.wp.com\/laconsultamedica.com.do\/wp-content\/uploads\/2026\/05\/img-20260502-wa000475460884001429732.jpg?resize=1140%2C761&amp;ssl=1 1140w, https:\/\/i0.wp.com\/laconsultamedica.com.do\/wp-content\/uploads\/2026\/05\/img-20260502-wa000475460884001429732.jpg?w=1280&amp;ssl=1 1280w\" sizes=\"auto, (max-width: 1000px) 100vw, 1000px\"><\/figure>\n","protected":false},"excerpt":{"rendered":"<p>Dirigentes de la CNTD, CASC y CNUS denuncian deudas estructurales en seguridad social, defienden la cesant\u00eda laboral y reclaman respeto a la libertad sindical, en un acto que reuni\u00f3 a miles de trabajadores en el pa\u00eds._ Santo Domingo. \u2013 En una masiva concentraci\u00f3n con motivo del D\u00eda Internacional de los Trabajadores, las principales centrales sindicales [&hellip;]<\/p>\n","protected":false},"author":1,"featured_media":14693,"comment_status":"closed","ping_status":"closed","sticky":false,"template":"","format":"standard","meta":{"_eb_attr":"","footnotes":""},"categories":[36],"tags":[],"_links":{"self":[{"href":"https:\/\/informedesalud.com.do\/index.php?rest_route=\/wp\/v2\/posts\/14692"}],"collection":[{"href":"https:\/\/informedesalud.com.do\/index.php?rest_route=\/wp\/v2\/posts"}],"about":[{"href":"https:\/\/informedesalud.com.do\/index.php?rest_route=\/wp\/v2\/types\/post"}],"author":[{"embeddable":true,"href":"https:\/\/informedesalud.com.do\/index.php?rest_route=\/wp\/v2\/users\/1"}],"replies":[{"embeddable":true,"href":"https:\/\/informedesalud.com.do\/index.php?rest_route=%2Fwp%2Fv2%2Fcomments&post=14692"}],"version-history":[{"count":0,"href":"https:\/\/informedesalud.com.do\/index.php?rest_route=\/wp\/v2\/posts\/14692\/revisions"}],"wp:featuredmedia":[{"embeddable":true,"href":"https:\/\/informedesalud.com.do\/index.php?rest_route=\/wp\/v2\/media\/14693"}],"wp:attachment":[{"href":"https:\/\/informedesalud.com.do\/index.php?rest_route=%2Fwp%2Fv2%2Fmedia&parent=14692"}],"wp:term":[{"taxonomy":"category","embeddable":true,"href":"https:\/\/informedesalud.com.do\/index.php?rest_route=%2Fwp%2Fv2%2Fcategories&post=14692"},{"taxonomy":"post_tag","embeddable":true,"href":"https:\/\/informedesalud.com.do\/index.php?rest_route=%2Fwp%2Fv2%2Ftags&post=14692"}],"curies":[{"name":"wp","href":"https:\/\/api.w.org\/{rel}","templated":true}]}}