{"id":14686,"date":"2026-05-01T13:53:56","date_gmt":"2026-05-01T11:53:56","guid":{"rendered":"https:\/\/laconsultamedica.com.do\/?p=37221"},"modified":"2026-05-01T13:53:56","modified_gmt":"2026-05-01T11:53:56","slug":"gabinete-de-mujeres-adolescentes-y-ninas-aprueba-plan-para-combatir-la-violencia-de-genero-en-el-pais","status":"publish","type":"post","link":"https:\/\/informedesalud.com.do\/?p=14686","title":{"rendered":"Gabinete de Mujeres, Adolescentes y Ni\u00f1as aprueba plan para combatir la violencia de g\u00e9nero en el pa\u00eds"},"content":{"rendered":"<div><img decoding=\"async\" src=\"https:\/\/i0.wp.com\/laconsultamedica.com.do\/wp-content\/uploads\/2026\/05\/image_editor_output_image-1455410576-1777636463491.jpg?fit=1300%2C731&amp;ssl=1\" class=\"ff-og-image-inserted\"><\/div>\n<p class=\"wp-block-paragraph\">Santo Domingo.- El Gabinete de Mujeres, Adolescentes y Ni\u00f1as aprob\u00f3 el Plan Estrat\u00e9gico por una Vida Libre de Violencia, instrumento que articula la acci\u00f3n del Estado para prevenir y atender la violencia contra las mujeres, adolescentes y ni\u00f1as, y que marca el inicio de una fase de seguimiento coordinado para su implementaci\u00f3n a nivel nacional.<\/p>\n<p>Durante la sesi\u00f3n extraordinaria, encabezada por la ministra de la Mujer, Gloria Reyes, y el ministro de Salud P\u00fablica y Asistencia Social, Dr. V\u00edctor Atallah, se dejaron validados los aspectos necesarios para la puesta en marcha del plan, incluyendo la priorizaci\u00f3n de acciones, la conformaci\u00f3n de comisiones t\u00e9cnicas (mesas tem\u00e1ticas) y la definici\u00f3n de la din\u00e1mica de trabajo como mecanismo de articulaci\u00f3n interinstitucional.<\/p>\n<p>La ministra Gloria Reyes destac\u00f3 que la aprobaci\u00f3n representa un paso decisivo para consolidar la coordinaci\u00f3n del Estado: \u201cHoy cerramos la aprobaci\u00f3n del plan y damos inicio a la din\u00e1mica de trabajo de las mesas t\u00e9cnicas, sobre la base de los aportes y ajustes presentados por las instituciones que integran este Gabinete\u201d, se\u00f1al\u00f3.<\/p>\n<p>\u201cEl esp\u00edritu que gu\u00eda al Gabinete de Mujeres, Adolescentes y Ni\u00f1as es profundizar la articulaci\u00f3n interinstitucional y fortalecer la coordinaci\u00f3n efectiva entre los sectores clave del Estado, para garantizar una respuesta integral que proteja a las mujeres, adolescentes y ni\u00f1as en todo el territorio nacional\u201d, destac\u00f3 la ministra.<\/p>\n<p>En su intervenci\u00f3n, el ministro de Salud P\u00fablica y Asistencia Social, Dr. V\u00edctor Atallah, subray\u00f3 que desde el sector de salud se est\u00e1n fortaleciendo las acciones de prevenci\u00f3n, con especial \u00e9nfasis en la salud mental y la atenci\u00f3n primaria.&nbsp; Indic\u00f3 que se trabaja en protocolos de tamizaje para detectar se\u00f1ales tempranas de violencia para una intervenci\u00f3n oportuna y anunci\u00f3 el impulso de una campa\u00f1a nacional de salud mental que incluir\u00e1 un componente espec\u00edfico sobre violencia contra mujeres, ni\u00f1as y adolescentes.<\/p>\n<p>Las comisiones t\u00e9cnicas quedaron estructuradas en mesas tem\u00e1ticas con liderazgos claramente definidos: Marco Legal y Normativo, coordinada por el Poder Judicial; Prevenci\u00f3n y Sensibilizaci\u00f3n, bajo la responsabilidad del Ministerio de la Mujer; Reparaci\u00f3n y Autonom\u00eda, tambi\u00e9n liderada por el Ministerio de la Mujer; Atenci\u00f3n y Respuesta Institucional, a cargo de la Procuradur\u00eda General de la Rep\u00fablica; Datos, Monitoreo y Evaluaci\u00f3n, coordinada conjuntamente por la Oficina Nacional de Estad\u00edstica (ONE) y el Ministerio de la Mujer; y Seguridad, Denuncia y Protecci\u00f3n, liderada por la Polic\u00eda Nacional.<\/p>\n<p>Como parte de los pr\u00f3ximos pasos, las mesas t\u00e9cnicas se reunir\u00e1n cada tres semanas, mediante convocatoria coordinada por la Secretar\u00eda T\u00e9cnica, Direcci\u00f3n de Planificaci\u00f3n, para dar seguimiento a acuerdos, avances, productos t\u00e9cnicos y tareas vinculadas a la implementaci\u00f3n del plan, con el objetivo de garantizar una respuesta integral y oportuna en todo el pa\u00eds.<\/p>\n<p class=\"wp-block-paragraph\">En la sesi\u00f3n participaron, el Ministerio de Educaci\u00f3n, la Procuradur\u00eda General de la Rep\u00fablica, el Ministerio de la Presidencia, el Ministerio de Salud P\u00fablica y Asistencia Social, la Polic\u00eda Nacional, la Oficina Nacional de Estad\u00edstica (ONE), el Servicio Nacional de Salud (SNS), el Ministerio de Interior y Polic\u00eda, el Ministerio de la Juventud, el Ministerio de Hacienda y Econom\u00eda, el Ministerio de Trabajo, el Consejo Nacional para la Ni\u00f1ez y la Adolescencia (Conani), la Universidad Aut\u00f3noma de Santo Domingo (UASD) y el Ministerio de Defensa.<\/p>\n<p>Adem\u00e1s, estuvieron presentes el Poder Judicial, la Direcci\u00f3n Especializada de Atenci\u00f3n a la Mujer y Violencia Intrafamiliar (Deamvi), el Instituto Nacional de Formaci\u00f3n T\u00e9cnico Profesional (Infotep), el Sistema Nacional de Atenci\u00f3n a Emergencia y Seguridad 9-1-1, el Sistema \u00danico de Beneficiarios (Siuben), el Programa de Medicamentos Esenciales y Central de Apoyo Log\u00edstico (Promese\/CAL), el Ministerio de Deportes y Recreaci\u00f3n (Miderec), el Ministerio de la Vivienda y Edificaciones (Mived), Profamilia y el Fondo de Poblaci\u00f3n de las Naciones Unidas (UNFPA), entre otras instancias del Estado.<\/p>\n<p>Se recuerda que el Gobierno dominicano estableci\u00f3, mediante el Decreto N\u00fam. 1-21, la necesidad de fortalecer la articulaci\u00f3n interinstitucional para el abordaje integral de la violencia contra las mujeres, adolescentes y ni\u00f1as, reconociendo el Plan Estrat\u00e9gico por una Vida Libre de Violencia como el principal instrumento para coordinar las acciones de prevenci\u00f3n, atenci\u00f3n y respuesta del Estado.<\/p>\n<p>En ese sentido, se dispuso la creaci\u00f3n del Gabinete de Mujeres, Adolescentes y Ni\u00f1as como el espacio principal adscrito al Ministerio de la Mujer, encargado de coordinar e impulsar la implementaci\u00f3n de este instrumento estrat\u00e9gico, con el objetivo de fortalecer la respuesta institucional frente a esta problem\u00e1tica.<\/p>\n<p>La sesi\u00f3n concluy\u00f3 con la firme disposici\u00f3n del Ministerio de la Mujer de continuar fomentando acciones coordinadas para la prevenci\u00f3n y atenci\u00f3n de la violencia, y de dar seguimiento a los acuerdos del Gabinete a trav\u00e9s de las mesas t\u00e9cnicas y los mecanismos de monitoreo establecidos en el plan.<\/p>\n","protected":false},"excerpt":{"rendered":"<p>Santo Domingo.- El Gabinete de Mujeres, Adolescentes y Ni\u00f1as aprob\u00f3 el Plan Estrat\u00e9gico por una Vida Libre de Violencia, instrumento que articula la acci\u00f3n del Estado para prevenir y atender la violencia contra las mujeres, adolescentes y ni\u00f1as, y que marca el inicio de una fase de seguimiento coordinado para su implementaci\u00f3n a nivel nacional. [&hellip;]<\/p>\n","protected":false},"author":1,"featured_media":14687,"comment_status":"closed","ping_status":"closed","sticky":false,"template":"","format":"standard","meta":{"_eb_attr":"","footnotes":""},"categories":[36],"tags":[],"_links":{"self":[{"href":"https:\/\/informedesalud.com.do\/index.php?rest_route=\/wp\/v2\/posts\/14686"}],"collection":[{"href":"https:\/\/informedesalud.com.do\/index.php?rest_route=\/wp\/v2\/posts"}],"about":[{"href":"https:\/\/informedesalud.com.do\/index.php?rest_route=\/wp\/v2\/types\/post"}],"author":[{"embeddable":true,"href":"https:\/\/informedesalud.com.do\/index.php?rest_route=\/wp\/v2\/users\/1"}],"replies":[{"embeddable":true,"href":"https:\/\/informedesalud.com.do\/index.php?rest_route=%2Fwp%2Fv2%2Fcomments&post=14686"}],"version-history":[{"count":0,"href":"https:\/\/informedesalud.com.do\/index.php?rest_route=\/wp\/v2\/posts\/14686\/revisions"}],"wp:featuredmedia":[{"embeddable":true,"href":"https:\/\/informedesalud.com.do\/index.php?rest_route=\/wp\/v2\/media\/14687"}],"wp:attachment":[{"href":"https:\/\/informedesalud.com.do\/index.php?rest_route=%2Fwp%2Fv2%2Fmedia&parent=14686"}],"wp:term":[{"taxonomy":"category","embeddable":true,"href":"https:\/\/informedesalud.com.do\/index.php?rest_route=%2Fwp%2Fv2%2Fcategories&post=14686"},{"taxonomy":"post_tag","embeddable":true,"href":"https:\/\/informedesalud.com.do\/index.php?rest_route=%2Fwp%2Fv2%2Ftags&post=14686"}],"curies":[{"name":"wp","href":"https:\/\/api.w.org\/{rel}","templated":true}]}}