{"id":14684,"date":"2026-05-01T13:56:10","date_gmt":"2026-05-01T11:56:10","guid":{"rendered":"https:\/\/laconsultamedica.com.do\/?p=37225"},"modified":"2026-05-01T13:56:10","modified_gmt":"2026-05-01T11:56:10","slug":"ministerio-de-interior-y-policia-impulsa-cooperacion-internacional-en-politicas-de-drogas","status":"publish","type":"post","link":"https:\/\/informedesalud.com.do\/?p=14684","title":{"rendered":"Ministerio de Interior y Polic\u00eda impulsa cooperaci\u00f3n internacional en pol\u00edticas de drogas"},"content":{"rendered":"<div><img decoding=\"async\" src=\"https:\/\/i0.wp.com\/laconsultamedica.com.do\/wp-content\/uploads\/2026\/05\/Ministra-de-Interior-en-su-inte.jpg?fit=1300%2C731&amp;ssl=1\" class=\"ff-og-image-inserted\"><\/div>\n<p class=\"wp-block-paragraph\">Punta Cana.\u2013 El Ministerio de Interior y Polic\u00eda destac\u00f3 los avances alcanzados en materia de cooperaci\u00f3n internacional durante la IV Reuni\u00f3n Anual del Programa de Cooperaci\u00f3n entre Am\u00e9rica Latina, el Caribe y la Uni\u00f3n Europea en Pol\u00edticas de Drogas (COPOLAD III), celebrada en Punta Cana con la participaci\u00f3n de delegaciones de m\u00e1s de 40 pa\u00edses.<\/p>\n<p>El encuentro, que reuni\u00f3 a autoridades y especialistas de los \u00e1mbitos de seguridad, salud y justicia, permiti\u00f3 fortalecer la coordinaci\u00f3n frente a desaf\u00edos comunes como la expansi\u00f3n de sustancias sint\u00e9ticas, el aumento del consumo problem\u00e1tico y el impacto del narcotr\u00e1fico en la seguridad ciudadana.<\/p>\n<p>La ministra de Interior y Polic\u00eda, Faride Raful, resalt\u00f3 que este di\u00e1logo confirma que la respuesta al fen\u00f3meno de las drogas requiere una alianza real, estrat\u00e9gica y sostenida entre el sector p\u00fablico y el sector privado. <\/p>\n<p>Por este motivo, destac\u00f3 la importancia de enfrentar los desaf\u00edos del crimen organizado promoviendo un enfoque integral que combina prevenci\u00f3n, control y cooperaci\u00f3n internacional. Asimismo, enfatiz\u00f3 la importancia de la corresponsabilidad entre el sector p\u00fablico y privado para limitar el accionar de las econom\u00edas il\u00edcitas.<\/p>\n<p>Durante la reuni\u00f3n se abordaron temas clave como el fortalecimiento de los sistemas de informaci\u00f3n y alerta temprana, la prevenci\u00f3n basada en evidencia y la lucha contra el crimen organizado, con el objetivo de consolidar pol\u00edticas p\u00fablicas m\u00e1s efectivas, humanas y sostenibles.<\/p>\n<p>La ministra subray\u00f3 que los resultados de este encuentro servir\u00e1n de base para la pr\u00f3xima Reuni\u00f3n de Alto Nivel del Mecanismo de Coordinaci\u00f3n y Cooperaci\u00f3n en Materia de Drogas entre la Uni\u00f3n Europea y CELAC, reafirmando el liderazgo de la Rep\u00fablica Dominicana en la promoci\u00f3n de la seguridad regional.<\/p>\n<p>Con la celebraci\u00f3n de este importante foro internacional, el pa\u00eds consolida su rol como socio estrat\u00e9gico en la articulaci\u00f3n de respuestas conjuntas frente al problema mundial de las drogas, apostando por el fortalecimiento institucional y la cooperaci\u00f3n como pilares fundamentales.<\/p>\n","protected":false},"excerpt":{"rendered":"<p>Punta Cana.\u2013 El Ministerio de Interior y Polic\u00eda destac\u00f3 los avances alcanzados en materia de cooperaci\u00f3n internacional durante la IV Reuni\u00f3n Anual del Programa de Cooperaci\u00f3n entre Am\u00e9rica Latina, el Caribe y la Uni\u00f3n Europea en Pol\u00edticas de Drogas (COPOLAD III), celebrada en Punta Cana con la participaci\u00f3n de delegaciones de m\u00e1s de 40 pa\u00edses. [&hellip;]<\/p>\n","protected":false},"author":1,"featured_media":14685,"comment_status":"closed","ping_status":"closed","sticky":false,"template":"","format":"standard","meta":{"_eb_attr":"","footnotes":""},"categories":[36],"tags":[],"_links":{"self":[{"href":"https:\/\/informedesalud.com.do\/index.php?rest_route=\/wp\/v2\/posts\/14684"}],"collection":[{"href":"https:\/\/informedesalud.com.do\/index.php?rest_route=\/wp\/v2\/posts"}],"about":[{"href":"https:\/\/informedesalud.com.do\/index.php?rest_route=\/wp\/v2\/types\/post"}],"author":[{"embeddable":true,"href":"https:\/\/informedesalud.com.do\/index.php?rest_route=\/wp\/v2\/users\/1"}],"replies":[{"embeddable":true,"href":"https:\/\/informedesalud.com.do\/index.php?rest_route=%2Fwp%2Fv2%2Fcomments&post=14684"}],"version-history":[{"count":0,"href":"https:\/\/informedesalud.com.do\/index.php?rest_route=\/wp\/v2\/posts\/14684\/revisions"}],"wp:featuredmedia":[{"embeddable":true,"href":"https:\/\/informedesalud.com.do\/index.php?rest_route=\/wp\/v2\/media\/14685"}],"wp:attachment":[{"href":"https:\/\/informedesalud.com.do\/index.php?rest_route=%2Fwp%2Fv2%2Fmedia&parent=14684"}],"wp:term":[{"taxonomy":"category","embeddable":true,"href":"https:\/\/informedesalud.com.do\/index.php?rest_route=%2Fwp%2Fv2%2Fcategories&post=14684"},{"taxonomy":"post_tag","embeddable":true,"href":"https:\/\/informedesalud.com.do\/index.php?rest_route=%2Fwp%2Fv2%2Ftags&post=14684"}],"curies":[{"name":"wp","href":"https:\/\/api.w.org\/{rel}","templated":true}]}}