{"id":14682,"date":"2026-05-01T13:57:38","date_gmt":"2026-05-01T11:57:38","guid":{"rendered":"https:\/\/laconsultamedica.com.do\/?p=37229"},"modified":"2026-05-01T13:57:38","modified_gmt":"2026-05-01T11:57:38","slug":"luis-miguel-de-camps-destaca-apuesta-del-gobierno-por-educacion-digital-que-cierre-brechas","status":"publish","type":"post","link":"https:\/\/informedesalud.com.do\/?p=14682","title":{"rendered":"Luis Miguel De Camps destaca apuesta del Gobierno por educaci\u00f3n digital que cierre brechas"},"content":{"rendered":"<div><img decoding=\"async\" src=\"https:\/\/i0.wp.com\/laconsultamedica.com.do\/wp-content\/uploads\/2026\/05\/image_editor_output_image1126345879-1777636684924.jpg?fit=768%2C397&amp;ssl=1\" class=\"ff-og-image-inserted\"><\/div>\n<p class=\"wp-block-paragraph\">El ministro de Educaci\u00f3n, Luis Miguel De Camps, afirm\u00f3 que la pol\u00edtica educativa que impulsa su gesti\u00f3n avanza hacia una transformaci\u00f3n estructural orientada a cerrar brechas y formar estudiantes con capacidad de crear tecnolog\u00eda, durante un acto nacional por la Semana de las Ni\u00f1as en las TIC 2026.<\/p>\n<p>\u201cEsta es una visi\u00f3n de pa\u00eds, una apuesta clara del gobierno del presidente Luis Abinader por cerrar brechas y construir un futuro m\u00e1s equitativo desde la educaci\u00f3n\u201d, expres\u00f3 el ministro, al resaltar el enfoque estrat\u00e9gico que sustenta las acciones del Ministerio de Educaci\u00f3n establecidas en su Hoja de Ruta.<\/p>\n<p>De Camps explic\u00f3 que la estrategia de educaci\u00f3n digital que impulsa la instituci\u00f3n, a trav\u00e9s del Viceministerio de Asuntos T\u00e9cnicos Pedag\u00f3gicos y la Direcci\u00f3n de Inform\u00e1tica Educativa, trasciende el aprendizaje instrumental de herramientas tecnol\u00f3gicas.<\/p>\n<p>Indic\u00f3 que el objetivo es que las estudiantes desarrollen una comprensi\u00f3n cr\u00edtica de la tecnolog\u00eda, con capacidad para cuestionarla y construir soluciones desde ella. \u201cQue no est\u00e9n en la periferia del cambio, sino en el centro\u201d, se\u00f1al\u00f3.<\/p>\n<p>En ese sentido, advirti\u00f3 que el futuro no depender\u00e1 \u00fanicamente del acceso a dispositivos, sino de la capacidad de innovaci\u00f3n. \u201cEl futuro no se va a definir solo por qui\u00e9n tiene acceso a la tecnolog\u00eda, sino por qui\u00e9n tiene la capacidad de crearla. Y ese espacio necesita lo que ustedes ya est\u00e1n demostrando: preparaci\u00f3n, criterio y visi\u00f3n\u201d, sostuvo.<\/p>\n<p>La actividad, desarrollada en el marco de la Semana de las Ni\u00f1as en las TIC, benefici\u00f3 a 242 estudiantes de las 18 Regionales educativas, quienes recibieron equipos electr\u00f3nicos y fueron reconocidas por su desempe\u00f1o en \u00e1reas STEAM (ciencia, tecnolog\u00eda, ingenier\u00eda, arte y matem\u00e1ticas).<\/p>\n<p>Durante su intervenci\u00f3n, el ministro subray\u00f3 que las participantes representan un cambio en la manera en que el pa\u00eds proyecta su futuro. \u201cNo estamos solo ante ni\u00f1as en TIC, sino ante ni\u00f1as l\u00edderes en las TIC\u201d, afirm\u00f3, tras destacar su disciplina, perseverancia y liderazgo.<\/p>\n<p>En representaci\u00f3n de todas las ni\u00f1as reconocidas, habl\u00f3 Lismeiry Paniagua, quien comparti\u00f3 su experiencia al formar parte del \u00e1mbito de las TIC.<\/p>\n<p>Expres\u00f3 que la tecnolog\u00eda se ha convertido en una herramienta que permite aprender, crecer, crear, resolver problemas y, sobre todo, descubrir nuevas oportunidades.<\/p>\n<p class=\"wp-block-paragraph\">\u201cQuiero decirles a las chicas presentes que no se limiten, que todo es posible, que nosotras tambi\u00e9n podemos liderar un equipo. Yo soy el claro ejemplo de ello\u201d, manifest\u00f3 la estudiante.<\/p>\n<p>En tanto, la viceministra de Asuntos T\u00e9cnicos y Pedag\u00f3gicos, Ancell Scheker, sostuvo que en la actualidad es imprescindible fortalecer las competencias digitales, especialmente en \u00e1reas relacionadas con la tecnolog\u00eda, la ingenier\u00eda, las matem\u00e1ticas y la ciencia, consideradas como las carreras del futuro.<\/p>\n<p>La Semana de las Ni\u00f1as en las TIC forma parte de una iniciativa global impulsada por la Uni\u00f3n Internacional de Telecomunicaciones (UIT), orientada a fomentar vocaciones tecnol\u00f3gicas desde edades tempranas.<\/p>\n<p>En el contexto nacional, el MINERD ha integrado esta agenda a su pol\u00edtica educativa mediante programas que combinan acceso a dispositivos, formaci\u00f3n especializada y generaci\u00f3n de referentes femeninos en el \u00e1mbito digital.<\/p>\n","protected":false},"excerpt":{"rendered":"<p>El ministro de Educaci\u00f3n, Luis Miguel De Camps, afirm\u00f3 que la pol\u00edtica educativa que impulsa su gesti\u00f3n avanza hacia una transformaci\u00f3n estructural orientada a cerrar brechas y formar estudiantes con capacidad de crear tecnolog\u00eda, durante un acto nacional por la Semana de las Ni\u00f1as en las TIC 2026. \u201cEsta es una visi\u00f3n de pa\u00eds, una [&hellip;]<\/p>\n","protected":false},"author":1,"featured_media":14683,"comment_status":"closed","ping_status":"closed","sticky":false,"template":"","format":"standard","meta":{"_eb_attr":"","footnotes":""},"categories":[36],"tags":[],"_links":{"self":[{"href":"https:\/\/informedesalud.com.do\/index.php?rest_route=\/wp\/v2\/posts\/14682"}],"collection":[{"href":"https:\/\/informedesalud.com.do\/index.php?rest_route=\/wp\/v2\/posts"}],"about":[{"href":"https:\/\/informedesalud.com.do\/index.php?rest_route=\/wp\/v2\/types\/post"}],"author":[{"embeddable":true,"href":"https:\/\/informedesalud.com.do\/index.php?rest_route=\/wp\/v2\/users\/1"}],"replies":[{"embeddable":true,"href":"https:\/\/informedesalud.com.do\/index.php?rest_route=%2Fwp%2Fv2%2Fcomments&post=14682"}],"version-history":[{"count":0,"href":"https:\/\/informedesalud.com.do\/index.php?rest_route=\/wp\/v2\/posts\/14682\/revisions"}],"wp:featuredmedia":[{"embeddable":true,"href":"https:\/\/informedesalud.com.do\/index.php?rest_route=\/wp\/v2\/media\/14683"}],"wp:attachment":[{"href":"https:\/\/informedesalud.com.do\/index.php?rest_route=%2Fwp%2Fv2%2Fmedia&parent=14682"}],"wp:term":[{"taxonomy":"category","embeddable":true,"href":"https:\/\/informedesalud.com.do\/index.php?rest_route=%2Fwp%2Fv2%2Fcategories&post=14682"},{"taxonomy":"post_tag","embeddable":true,"href":"https:\/\/informedesalud.com.do\/index.php?rest_route=%2Fwp%2Fv2%2Ftags&post=14682"}],"curies":[{"name":"wp","href":"https:\/\/api.w.org\/{rel}","templated":true}]}}