{"id":14676,"date":"2026-05-01T10:01:02","date_gmt":"2026-05-01T08:01:02","guid":{"rendered":"https:\/\/laconsultamedica.com.do\/?p=37199"},"modified":"2026-05-01T10:01:02","modified_gmt":"2026-05-01T08:01:02","slug":"idoppril-realiza-3er-foro-dominicano-de-seguridad-y-salud-en-el-trabajo","status":"publish","type":"post","link":"https:\/\/informedesalud.com.do\/?p=14676","title":{"rendered":"IDOPPRIL realiza 3er Foro Dominicano de Seguridad y Salud en el Trabajo"},"content":{"rendered":"<p class=\"wp-block-paragraph\">Santo Domingo. \u2013 El Instituto Dominicano de Prevenci\u00f3n y Protecci\u00f3n de Riesgos Laborales (IDOPPRIL) desarroll\u00f3 el Tercer Foro Dominicano de Seguridad y Salud en el Trabajo, bajo el lema \u201cLa salud psicosocial como pilar de organizaciones fuertes y sostenibles\u201d. La actividad busc\u00f3 promover entornos de trabajo saludables y fortalecer la cultura de prevenci\u00f3n en el pa\u00eds.<\/p>\n<p>La jornada cont\u00f3 con la participaci\u00f3n de representantes de las instituciones que integran el Sistema Dominicano de Seguridad Social (SDSS), as\u00ed como de los sectores empleador y trabajador.<\/p>\n<p>En el acto inaugural, las palabras de salutaci\u00f3n estuvieron a cargo del ministro de Trabajo, Eddy Olivares Ortega, mientras que la apertura fue encabezada por el director ejecutivo del IDOPPRIL, doctor Agust\u00edn Burgos.<\/p>\n<p>Durante el panel \u201cMarco normativo y rol de los actores clave en la prevenci\u00f3n y promoci\u00f3n de la salud psicosocial en el trabajo\u201d, autoridades y especialistas analizaron los principales retos y avances en materia de seguridad y salud laboral.<\/p>\n<p>Tambi\u00e9n se desarrollaron conferencias orientadas al fortalecimiento de la gesti\u00f3n organizacional. Entre ellas estuvieron: \u201cEntornos Psicosociales Saludables: El nuevo est\u00e1ndar de competitividad\u201d y \u201cDise\u00f1o del trabajo, liderazgo y cultura organizacional\u201d. Adem\u00e1s, se realiz\u00f3 una presentaci\u00f3n de buenas pr\u00e1cticas en prevenci\u00f3n de riesgos psicosociales.<\/p>\n<figure class=\"wp-block-image size-large\"><img loading=\"lazy\" data-recalc-dims=\"1\" loading=\"lazy\" decoding=\"async\" width=\"1024\" height=\"682\" data-attachment-id=\"37198\" data-permalink=\"https:\/\/laconsultamedica.com.do\/img-20260501-wa00008700100453100662255-jpg\/\" data-orig-file=\"https:\/\/i0.wp.com\/laconsultamedica.com.do\/wp-content\/uploads\/2026\/05\/img-20260501-wa00008700100453100662255.jpg?fit=1600%2C1066&amp;ssl=1\" data-orig-size=\"1600,1066\" data-comments-opened=\"1\" data-image-meta=\"{&quot;aperture&quot;:&quot;0&quot;,&quot;credit&quot;:&quot;&quot;,&quot;camera&quot;:&quot;&quot;,&quot;caption&quot;:&quot;&quot;,&quot;created_timestamp&quot;:&quot;0&quot;,&quot;copyright&quot;:&quot;&quot;,&quot;focal_length&quot;:&quot;0&quot;,&quot;iso&quot;:&quot;0&quot;,&quot;shutter_speed&quot;:&quot;0&quot;,&quot;title&quot;:&quot;&quot;,&quot;orientation&quot;:&quot;1&quot;}\" data-image-title=\"img-20260501-wa00008700100453100662255.jpg\" data-image-description data-image-caption data-large-file=\"https:\/\/i0.wp.com\/laconsultamedica.com.do\/wp-content\/uploads\/2026\/05\/img-20260501-wa00008700100453100662255.jpg?fit=1024%2C682&amp;ssl=1\" src=\"https:\/\/i0.wp.com\/laconsultamedica.com.do\/wp-content\/uploads\/2026\/05\/img-20260501-wa00008700100453100662255.jpg?resize=1024%2C682&amp;ssl=1\" alt class=\"wp-image-37198\" srcset=\"https:\/\/i0.wp.com\/laconsultamedica.com.do\/wp-content\/uploads\/2026\/05\/img-20260501-wa00008700100453100662255.jpg?resize=1024%2C682&amp;ssl=1 1024w, https:\/\/i0.wp.com\/laconsultamedica.com.do\/wp-content\/uploads\/2026\/05\/img-20260501-wa00008700100453100662255.jpg?resize=300%2C200&amp;ssl=1 300w, https:\/\/i0.wp.com\/laconsultamedica.com.do\/wp-content\/uploads\/2026\/05\/img-20260501-wa00008700100453100662255.jpg?resize=768%2C512&amp;ssl=1 768w, https:\/\/i0.wp.com\/laconsultamedica.com.do\/wp-content\/uploads\/2026\/05\/img-20260501-wa00008700100453100662255.jpg?resize=1536%2C1023&amp;ssl=1 1536w, https:\/\/i0.wp.com\/laconsultamedica.com.do\/wp-content\/uploads\/2026\/05\/img-20260501-wa00008700100453100662255.jpg?resize=750%2C500&amp;ssl=1 750w, https:\/\/i0.wp.com\/laconsultamedica.com.do\/wp-content\/uploads\/2026\/05\/img-20260501-wa00008700100453100662255.jpg?resize=1140%2C760&amp;ssl=1 1140w, https:\/\/i0.wp.com\/laconsultamedica.com.do\/wp-content\/uploads\/2026\/05\/img-20260501-wa00008700100453100662255.jpg?w=1600&amp;ssl=1 1600w\" sizes=\"auto, (max-width: 1000px) 100vw, 1000px\"><\/figure>\n<p class=\"wp-block-paragraph\">El foro concluy\u00f3 con la conferencia \u201cBienestar integral y sostenibilidad organizacional\u201d, seguida de las palabras de clausura de la directora de Prevenci\u00f3n del IDOPPRIL, doctora Francis Brito.<\/p>\n<p>Con esta iniciativa, el IDOPPRIL reafirm\u00f3 su compromiso con la promoci\u00f3n de la cultura de prevenci\u00f3n, y el fortalecimiento de pol\u00edticas y acciones orientadas a garantizar condiciones de trabajo seguras, saludables y dignas para la poblaci\u00f3n trabajadora.<\/p>\n","protected":false},"excerpt":{"rendered":"<p>Santo Domingo. \u2013 El Instituto Dominicano de Prevenci\u00f3n y Protecci\u00f3n de Riesgos Laborales (IDOPPRIL) desarroll\u00f3 el Tercer Foro Dominicano de Seguridad y Salud en el Trabajo, bajo el lema \u201cLa salud psicosocial como pilar de organizaciones fuertes y sostenibles\u201d. La actividad busc\u00f3 promover entornos de trabajo saludables y fortalecer la cultura de prevenci\u00f3n en el [&hellip;]<\/p>\n","protected":false},"author":1,"featured_media":14677,"comment_status":"closed","ping_status":"closed","sticky":false,"template":"","format":"standard","meta":{"_eb_attr":"","footnotes":""},"categories":[93],"tags":[],"_links":{"self":[{"href":"https:\/\/informedesalud.com.do\/index.php?rest_route=\/wp\/v2\/posts\/14676"}],"collection":[{"href":"https:\/\/informedesalud.com.do\/index.php?rest_route=\/wp\/v2\/posts"}],"about":[{"href":"https:\/\/informedesalud.com.do\/index.php?rest_route=\/wp\/v2\/types\/post"}],"author":[{"embeddable":true,"href":"https:\/\/informedesalud.com.do\/index.php?rest_route=\/wp\/v2\/users\/1"}],"replies":[{"embeddable":true,"href":"https:\/\/informedesalud.com.do\/index.php?rest_route=%2Fwp%2Fv2%2Fcomments&post=14676"}],"version-history":[{"count":0,"href":"https:\/\/informedesalud.com.do\/index.php?rest_route=\/wp\/v2\/posts\/14676\/revisions"}],"wp:featuredmedia":[{"embeddable":true,"href":"https:\/\/informedesalud.com.do\/index.php?rest_route=\/wp\/v2\/media\/14677"}],"wp:attachment":[{"href":"https:\/\/informedesalud.com.do\/index.php?rest_route=%2Fwp%2Fv2%2Fmedia&parent=14676"}],"wp:term":[{"taxonomy":"category","embeddable":true,"href":"https:\/\/informedesalud.com.do\/index.php?rest_route=%2Fwp%2Fv2%2Fcategories&post=14676"},{"taxonomy":"post_tag","embeddable":true,"href":"https:\/\/informedesalud.com.do\/index.php?rest_route=%2Fwp%2Fv2%2Ftags&post=14676"}],"curies":[{"name":"wp","href":"https:\/\/api.w.org\/{rel}","templated":true}]}}