{"id":14674,"date":"2026-05-01T10:03:02","date_gmt":"2026-05-01T08:03:02","guid":{"rendered":"https:\/\/laconsultamedica.com.do\/?p=37203"},"modified":"2026-05-01T10:03:02","modified_gmt":"2026-05-01T08:03:02","slug":"saludos-colegas-compartimos-esta-importante-nota-de-prensa-agradecemos-de-antemano-su-acostumbrada-colaboracion-para-su-publicacion","status":"publish","type":"post","link":"https:\/\/informedesalud.com.do\/?p=14674","title":{"rendered":"Saludos colegas, compartimos esta importante nota de prensa, agradecemos de antemano su acostumbrada colaboraci\u00f3n para su publicaci\u00f3n"},"content":{"rendered":"<div><img decoding=\"async\" src=\"https:\/\/i0.wp.com\/laconsultamedica.com.do\/wp-content\/uploads\/2026\/05\/image_editor_output_image-247780835-1777622630679.jpg?fit=1280%2C683&amp;ssl=1\" class=\"ff-og-image-inserted\"><\/div>\n<p class=\"wp-block-paragraph\"><strong><em>DIDA e INTEC inician diplomado en Seguridad Social, Gesti\u00f3n del Aseguramiento y Econom\u00eda de la Salud<\/em><\/strong><\/p>\n<p>La Direcci\u00f3n General de Informaci\u00f3n y Defensa de los Afiliados a la Seguridad Social (DIDA), en coordinaci\u00f3n con el Instituto Tecnol\u00f3gico de Santo Domingo (INTEC), dej\u00f3 formalmente iniciado el diplomado \u201cSeguridad Social, Gesti\u00f3n del Aseguramiento y Econom\u00eda de la Salud\u201d, una propuesta acad\u00e9mica orientada a fortalecer las capacidades t\u00e9cnicas de profesionales vinculados al sistema de protecci\u00f3n social en salud.<\/p>\n<p>El programa est\u00e1 dirigido a profesionales de la salud, recursos humanos, administraci\u00f3n p\u00fablica, derecho, trabajo social y econom\u00eda, as\u00ed como a funcionarios de instituciones p\u00fablicas y privadas relacionadas con el Sistema Dominicano de Seguridad Social (SDSS) y colaboradores que realizan labores de orientaci\u00f3n, atenci\u00f3n y defensa de los afiliados.<\/p>\n<p>Asimismo, el diplomado cuenta con una participaci\u00f3n diversa que refleja el car\u00e1cter tripartito del sistema, integrando estudiantes que representan a los sectores empleador, sindical, laboral y gubernamental. Esta composici\u00f3n tambi\u00e9n incluye profesionales de distintas \u00e1reas, lo que enriquece el intercambio de experiencias y perspectivas en torno a la seguridad social.<\/p>\n<p>Durante el acto de apertura, el director general de la DIDA, El\u00edas B\u00e1ez, destac\u00f3 que esta iniciativa responde al compromiso institucional de formar multiplicadores del conocimiento en seguridad social.<br \/>\u201cNo queremos estudiantes pasivos; queremos profesionales que se apropien del conocimiento y lo multipliquen en la ciudadan\u00eda. Adem\u00e1s, apostamos por la formaci\u00f3n de administradores y prestadores de la salud, con la finalidad de fortalecer el buen funcionamiento del sector salud, entendiendo que la inversi\u00f3n en su educaci\u00f3n proviene del esfuerzo de cada contribuyente\u201d, expres\u00f3 B\u00e1ez.<\/p>\n<p>De su lado, Carlos Reyes G\u00f3mez, director de Educaci\u00f3n Permanente de INTEC, valor\u00f3 la alianza interinstitucional y se\u00f1al\u00f3 que este diplomado constituye el primer resultado concreto del convenio firmado entre ambas entidades, con potencial para abrir paso a nuevos proyectos acad\u00e9micos y de investigaci\u00f3n conjunta.<\/p>\n<p>El coordinador del programa, Pedro Luis Castellanos, present\u00f3 los objetivos, la estructura acad\u00e9mica y el cuerpo docente del diplomado, resaltando su enfoque integral en temas como aseguramiento en salud, econom\u00eda de la salud, riesgos laborales, innovaci\u00f3n tecnol\u00f3gica, inteligencia artificial y gobernanza institucional.<\/p>\n<p>La formaci\u00f3n tendr\u00e1 una duraci\u00f3n de tres meses, en modalidad presencial, y estar\u00e1 estructurada en siete m\u00f3dulos. Su contenido abarca desde la introducci\u00f3n a la seguridad social y el an\u00e1lisis econ\u00f3mico de los sistemas de pensiones, hasta el Seguro Familiar de Salud, la Atenci\u00f3n Primaria en Salud, los riesgos laborales, la innovaci\u00f3n, la tecnolog\u00eda, la inteligencia artificial y los desaf\u00edos actuales del SDSS.<\/p>\n<p>El diplomado tambi\u00e9n contempla clases participativas, an\u00e1lisis de casos reales, simulaciones pr\u00e1cticas, trabajo colaborativo y un proyecto final integrador enfocado en la soluci\u00f3n de problem\u00e1ticas del sistema.<\/p>\n<p>La actividad fue realizada en el Aula Seminario del Edificio de Medicina de INTEC, con la participaci\u00f3n de autoridades acad\u00e9micas, representantes del sector salud y profesionales interesados en ampliar sus conocimientos sobre seguridad social, aseguramiento y defensa de los derechos de los afiliados.<\/p>\n","protected":false},"excerpt":{"rendered":"<p>DIDA e INTEC inician diplomado en Seguridad Social, Gesti\u00f3n del Aseguramiento y Econom\u00eda de la Salud La Direcci\u00f3n General de Informaci\u00f3n y Defensa de los Afiliados a la Seguridad Social (DIDA), en coordinaci\u00f3n con el Instituto Tecnol\u00f3gico de Santo Domingo (INTEC), dej\u00f3 formalmente iniciado el diplomado \u201cSeguridad Social, Gesti\u00f3n del Aseguramiento y Econom\u00eda de la [&hellip;]<\/p>\n","protected":false},"author":1,"featured_media":14675,"comment_status":"closed","ping_status":"closed","sticky":false,"template":"","format":"standard","meta":{"_eb_attr":"","footnotes":""},"categories":[93],"tags":[],"_links":{"self":[{"href":"https:\/\/informedesalud.com.do\/index.php?rest_route=\/wp\/v2\/posts\/14674"}],"collection":[{"href":"https:\/\/informedesalud.com.do\/index.php?rest_route=\/wp\/v2\/posts"}],"about":[{"href":"https:\/\/informedesalud.com.do\/index.php?rest_route=\/wp\/v2\/types\/post"}],"author":[{"embeddable":true,"href":"https:\/\/informedesalud.com.do\/index.php?rest_route=\/wp\/v2\/users\/1"}],"replies":[{"embeddable":true,"href":"https:\/\/informedesalud.com.do\/index.php?rest_route=%2Fwp%2Fv2%2Fcomments&post=14674"}],"version-history":[{"count":0,"href":"https:\/\/informedesalud.com.do\/index.php?rest_route=\/wp\/v2\/posts\/14674\/revisions"}],"wp:featuredmedia":[{"embeddable":true,"href":"https:\/\/informedesalud.com.do\/index.php?rest_route=\/wp\/v2\/media\/14675"}],"wp:attachment":[{"href":"https:\/\/informedesalud.com.do\/index.php?rest_route=%2Fwp%2Fv2%2Fmedia&parent=14674"}],"wp:term":[{"taxonomy":"category","embeddable":true,"href":"https:\/\/informedesalud.com.do\/index.php?rest_route=%2Fwp%2Fv2%2Fcategories&post=14674"},{"taxonomy":"post_tag","embeddable":true,"href":"https:\/\/informedesalud.com.do\/index.php?rest_route=%2Fwp%2Fv2%2Ftags&post=14674"}],"curies":[{"name":"wp","href":"https:\/\/api.w.org\/{rel}","templated":true}]}}