{"id":14668,"date":"2026-04-30T18:55:34","date_gmt":"2026-04-30T16:55:34","guid":{"rendered":"https:\/\/laconsultamedica.com.do\/?p=37185"},"modified":"2026-04-30T18:55:34","modified_gmt":"2026-04-30T16:55:34","slug":"comision-de-trabajo-cd-aprueba-informe-de-reforma-laboral-no-toca-cesantia","status":"publish","type":"post","link":"https:\/\/informedesalud.com.do\/?p=14668","title":{"rendered":"Comisi\u00f3n de Trabajo CD aprueba informe de reforma laboral; no toca cesant\u00eda"},"content":{"rendered":"<div><img decoding=\"async\" src=\"https:\/\/i0.wp.com\/laconsultamedica.com.do\/wp-content\/uploads\/2026\/04\/image_editor_output_image-1143283152-1777568159335.webp?fit=1536%2C863&amp;ssl=1\" class=\"ff-og-image-inserted\"><\/div>\n<p class=\"wp-block-paragraph\">Santo Domingo.-Tras decenas de reuniones, faltas de qu\u00f3rum y estudios pausados, la Comisi\u00f3n Permanente de Trabajo de la C\u00e1mara de Diputados logr\u00f3 este jueves aprobar, por unanimidad de los presentes, el informe favorable del proyecto de ley de reforma laboral que fue refrendado por el Senado de la Rep\u00fablica.<\/p>\n<p>La pieza, que contiene aspectos de otras propuestas, no toca la cesant\u00eda en ninguna de sus partes y la deja como est\u00e1 estipulada en el C\u00f3digo de Trabajo actual, seg\u00fan informaron los comisionados, entre ellos el presidente, M\u00e9lido Mercedes.<\/p>\n<p>El diputado de Fuerza del Pueblo (FP) se\u00f1al\u00f3 que el informe cont\u00f3 con la aprobaci\u00f3n de los ocho congresistas presentes en la sesi\u00f3n.<\/p>\n<p>En los pasados encuentros, el grupo legislativo corrigi\u00f3 los cambios que hizo el Senado a la iniciativa, que tocaban la censantia de alguna manera, seg\u00fan confirm\u00f3 el vicepresidente de la comisi\u00f3n, Jacobo Ramos, quien adem\u00e1s es el presidente de la Confederaci\u00f3n Nacional de Trabajadores Dominicanos (CNTD).<\/p>\n<p class=\"wp-block-paragraph\">La comisi\u00f3n de diputados realiz\u00f3 m\u00e1s de 45 reuniones en el estudio del marco legislativo que lleg\u00f3 de la C\u00e1mara Alta (entre sesiones efectivas y con faltas de qu\u00f3rum), sin contar los otros encuentros para tratar el proyecto que reintrodujeron los voceros de la C\u00e1mara Baja.<\/p>\n<p>Carmen Ligia Barcel\u00f3 aprob\u00f3 la pieza<\/p>\n<p>La diputada del Partido Revolucionario Moderno (PRM) Carmen Ligia Barcel\u00f3 firm\u00f3 el documento.<\/p>\n<p>La congresista es proponente de la versi\u00f3n de reforma laboral que establece un tope de seis meses del pago de las prestaciones laborales.<\/p>\n<p>Al respecto, la legisladora aclar\u00f3 que la reforma laboral es m\u00e1s que en un art\u00edculo.<\/p>\n<p class=\"wp-block-paragraph\">\u00abEl C\u00f3digo de Trabajo es mucho m\u00e1s que un solo art\u00edculo; es un tratado para regular las relaciones laborales entre los empleados y los empleadores, y es mucho m\u00e1s que la cesant\u00eda. Ahora, yo s\u00ed mantengo mi postura de que hay temas, no solamente ese, que tenemos que ir discutiendo como sociedad para aumentar la rentabilidad del mercado laboral dominicano, en beneficio de los trabajadores y de los empleadores\u00bb, manifest\u00f3.<\/p>\n<p>Proyecto en manos del Pleno<\/p>\n<p>El equipo de trabajo deja en manos del pleno de la C\u00e1mara de Diputados el tan esperado informe, quien<br \/>tiene la \u00faltima palabra sobre la pieza, ya que puede, si as\u00ed lo considera, cambiar aspectos ya aprobados por la comisi\u00f3n legislativa.<\/p>\n<p>Los diputados est\u00e1n convocados a sesionar el martes, mi\u00e9rcoles y jueves de la semana pr\u00f3xima.<\/p>\n<p>De esta manera, la Comisi\u00f3n Permanente de Trabajo busca cumplir con el tiempo fijado por el presidente de la C\u00e1mara, Alfredo Pacheco, quien exhort\u00f3 a los legisladores concluir con los trabajos pendientes de los proyectos de ley de trascendencia nacional y rendir los informes correspondientes en mayo, para iniciar con la \u00abola de aprobaciones\u00bb.<\/p>\n<p>Cambios de impacto que hizo la comisi\u00f3n<\/p>\n<p>Entre las aprobaciones de la comisi\u00f3n de diputados en los art\u00edculos diferidos \u2013mencionados en enero de 2026- destacan la ampliaci\u00f3n de la licencia remunerada por paternidad de dos a siete d\u00edas y otorgamiento de tres d\u00edas de licencia remunerada ante la muerte de un hermano o hermana. Estos puntos fueron parte de los cambios que hizo la comitiva al pliego de ley que lleg\u00f3 de la C\u00e1mara Alta.<\/p>\n<p>Para prosperar, el proyecto de ley deber\u00e1 ser aprobado por los diputados y ser ratificado en \u00fanica lectura por el Senado -la \u00e1mara inicial-, y pasar al Poder Ejecutivo para su promulgaci\u00f3n u observaci\u00f3n.<\/p>\n<p>Segundo intento de la C\u00e1mara de Diputados<\/p>\n<p>El proyecto de modificaci\u00f3n a la Ley 16-92, del C\u00f3digo de Trabajo, lleva cuatro legislaturas ordinarias dando vueltas en el Congreso Nacional sin lograr ser convertida en ley desde que fue introducida en el Senado por el Poder Ejecutivo el 10 de octubre de 2024.<\/p>\n<p>En los dos intentos de aprobaci\u00f3n, incluyendo la legislatura actual, la normativa se queda \u201canclada\u201d en la C\u00e1mara Baja, luego de ser refrendada por los senadores.<\/p>\n","protected":false},"excerpt":{"rendered":"<p>Santo Domingo.-Tras decenas de reuniones, faltas de qu\u00f3rum y estudios pausados, la Comisi\u00f3n Permanente de Trabajo de la C\u00e1mara de Diputados logr\u00f3 este jueves aprobar, por unanimidad de los presentes, el informe favorable del proyecto de ley de reforma laboral que fue refrendado por el Senado de la Rep\u00fablica. La pieza, que contiene aspectos de [&hellip;]<\/p>\n","protected":false},"author":1,"featured_media":14669,"comment_status":"closed","ping_status":"closed","sticky":false,"template":"","format":"standard","meta":{"_eb_attr":"","footnotes":""},"categories":[36],"tags":[],"_links":{"self":[{"href":"https:\/\/informedesalud.com.do\/index.php?rest_route=\/wp\/v2\/posts\/14668"}],"collection":[{"href":"https:\/\/informedesalud.com.do\/index.php?rest_route=\/wp\/v2\/posts"}],"about":[{"href":"https:\/\/informedesalud.com.do\/index.php?rest_route=\/wp\/v2\/types\/post"}],"author":[{"embeddable":true,"href":"https:\/\/informedesalud.com.do\/index.php?rest_route=\/wp\/v2\/users\/1"}],"replies":[{"embeddable":true,"href":"https:\/\/informedesalud.com.do\/index.php?rest_route=%2Fwp%2Fv2%2Fcomments&post=14668"}],"version-history":[{"count":0,"href":"https:\/\/informedesalud.com.do\/index.php?rest_route=\/wp\/v2\/posts\/14668\/revisions"}],"wp:featuredmedia":[{"embeddable":true,"href":"https:\/\/informedesalud.com.do\/index.php?rest_route=\/wp\/v2\/media\/14669"}],"wp:attachment":[{"href":"https:\/\/informedesalud.com.do\/index.php?rest_route=%2Fwp%2Fv2%2Fmedia&parent=14668"}],"wp:term":[{"taxonomy":"category","embeddable":true,"href":"https:\/\/informedesalud.com.do\/index.php?rest_route=%2Fwp%2Fv2%2Fcategories&post=14668"},{"taxonomy":"post_tag","embeddable":true,"href":"https:\/\/informedesalud.com.do\/index.php?rest_route=%2Fwp%2Fv2%2Ftags&post=14668"}],"curies":[{"name":"wp","href":"https:\/\/api.w.org\/{rel}","templated":true}]}}