{"id":14665,"date":"2026-04-30T13:09:56","date_gmt":"2026-04-30T11:09:56","guid":{"rendered":"https:\/\/laconsultamedica.com.do\/?p=37176"},"modified":"2026-04-30T13:09:56","modified_gmt":"2026-04-30T11:09:56","slug":"presidente-abinader-otorga-condecoracion-postuma-de-la-orden-del-merito-de-duarte-sanchez-y-mella-en-el-grado-de-gran-cruz-placa-de-oro-al-expresidente-ulises-francisco-espaillat","status":"publish","type":"post","link":"https:\/\/informedesalud.com.do\/?p=14665","title":{"rendered":"Presidente Abinader otorga condecoraci\u00f3n p\u00f3stuma de la Orden del M\u00e9rito de Duarte, S\u00e1nchez y Mella en el Grado de Gran Cruz Placa de Oro, al expresidente Ulises Francisco Espaillat"},"content":{"rendered":"<p class=\"wp-block-paragraph\"><em><strong>Dicha condecoraci\u00f3n se otorga al conmemorar los 150 a\u00f1os del gobierno de Espaillat_<\/strong><\/em><br \/><em><strong> <\/strong><\/em><br \/><em><strong>_Director de la Academia Dominicana de la Historia dice presidente Abinader es \u201cuno de los estadistas dominicanos que m\u00e1s ha propiciado la preservaci\u00f3n del patrimonio hist\u00f3rico de nuestra naci\u00f3n\u201d_<\/strong><\/em><\/p>\n<p>*Santo Domingo. -* El presidente Luis Abinader encabez\u00f3 el acto de conmemoraci\u00f3n del 150 aniversario del gobierno de Francisco Ulises Espaillat, a quien calific\u00f3 como el mayor referente \u00e9tico de la naci\u00f3n dominicana y, adem\u00e1s, otorg\u00f3 de manera p\u00f3stuma, mediante el Decreto 279-26, la Condecoraci\u00f3n de la Orden del M\u00e9rito de Duarte, S\u00e1nchez y Mella en el Grado de Gran Cruz Placa de Oro.<\/p>\n<p>Esta distinci\u00f3n fue recibida en custodia por la Academia Dominicana de la Historia, donde ser\u00e1 exhibida junto a otras reliquias institucionales.<\/p>\n<p>El acto se celebra adem\u00e1s, este 29 de abril, d\u00eda de la \u00c9tica.<\/p>\n<p>Basado en el legado de pulcritud de Francisco Ulises Espaillat, el jefe de Estado destac\u00f3 que su gesti\u00f3n de Gobierno se desarrolla en una pr\u00e1ctica cotidiana de honestidad e integridad que fortalece el ejercicio pol\u00edtico, la gesti\u00f3n p\u00fablica y la democracia, en favor de todos y tadas, llevando transformaci\u00f3n, justicia y dignidad en tiempos en \u201cque la ciudadan\u00eda exige, y con raz\u00f3n, instituciones que funcionen, gobiernos que respondan y l\u00edderes que act\u00faen con coherencia\u201d.<\/p>\n<p>\u201cY es ah\u00ed donde el legado de Espaillat encuentra un eco directo en el presente. Cuando impulsamos una gesti\u00f3n p\u00fablica basada en la transparencia, cuando fortalecemos los mecanismos de rendici\u00f3n de cuentas, cuando defendemos la independencia del Ministerio P\u00fablico, y promovemos que la ley se aplique sin excepciones\u201d.<\/p>\n<figure class=\"wp-block-image size-large\"><img loading=\"lazy\" data-recalc-dims=\"1\" loading=\"lazy\" decoding=\"async\" width=\"1024\" height=\"683\" data-attachment-id=\"37173\" data-permalink=\"https:\/\/laconsultamedica.com.do\/img-20260430-wa00012938298577966785793-jpg\/\" data-orig-file=\"https:\/\/i0.wp.com\/laconsultamedica.com.do\/wp-content\/uploads\/2026\/04\/img-20260430-wa00012938298577966785793.jpg?fit=2000%2C1334&amp;ssl=1\" data-orig-size=\"2000,1334\" data-comments-opened=\"1\" data-image-meta=\"{&quot;aperture&quot;:&quot;0&quot;,&quot;credit&quot;:&quot;&quot;,&quot;camera&quot;:&quot;&quot;,&quot;caption&quot;:&quot;&quot;,&quot;created_timestamp&quot;:&quot;0&quot;,&quot;copyright&quot;:&quot;&quot;,&quot;focal_length&quot;:&quot;0&quot;,&quot;iso&quot;:&quot;0&quot;,&quot;shutter_speed&quot;:&quot;0&quot;,&quot;title&quot;:&quot;&quot;,&quot;orientation&quot;:&quot;1&quot;}\" data-image-title=\"img-20260430-wa00012938298577966785793.jpg\" data-image-description data-image-caption data-large-file=\"https:\/\/i0.wp.com\/laconsultamedica.com.do\/wp-content\/uploads\/2026\/04\/img-20260430-wa00012938298577966785793.jpg?fit=1024%2C683&amp;ssl=1\" src=\"https:\/\/i0.wp.com\/laconsultamedica.com.do\/wp-content\/uploads\/2026\/04\/img-20260430-wa00012938298577966785793.jpg?resize=1024%2C683&amp;ssl=1\" alt class=\"wp-image-37173\" srcset=\"https:\/\/i0.wp.com\/laconsultamedica.com.do\/wp-content\/uploads\/2026\/04\/img-20260430-wa00012938298577966785793.jpg?resize=1024%2C683&amp;ssl=1 1024w, https:\/\/i0.wp.com\/laconsultamedica.com.do\/wp-content\/uploads\/2026\/04\/img-20260430-wa00012938298577966785793.jpg?resize=300%2C200&amp;ssl=1 300w, https:\/\/i0.wp.com\/laconsultamedica.com.do\/wp-content\/uploads\/2026\/04\/img-20260430-wa00012938298577966785793.jpg?resize=768%2C512&amp;ssl=1 768w, https:\/\/i0.wp.com\/laconsultamedica.com.do\/wp-content\/uploads\/2026\/04\/img-20260430-wa00012938298577966785793.jpg?resize=1536%2C1025&amp;ssl=1 1536w, https:\/\/i0.wp.com\/laconsultamedica.com.do\/wp-content\/uploads\/2026\/04\/img-20260430-wa00012938298577966785793.jpg?resize=750%2C500&amp;ssl=1 750w, https:\/\/i0.wp.com\/laconsultamedica.com.do\/wp-content\/uploads\/2026\/04\/img-20260430-wa00012938298577966785793.jpg?resize=1140%2C760&amp;ssl=1 1140w, https:\/\/i0.wp.com\/laconsultamedica.com.do\/wp-content\/uploads\/2026\/04\/img-20260430-wa00012938298577966785793.jpg?w=2000&amp;ssl=1 2000w\" sizes=\"auto, (max-width: 1000px) 100vw, 1000px\"><\/figure>\n<p class=\"wp-block-paragraph\">Durante la ceremonia, el presidente Abinader recibi\u00f3 tambi\u00e9n, por el ministro de Cultura, Roberto \u00c1ngel Salcedo, una medalla conmemorativa por el sesquicentenario del gobierno de Espaillat, un gesto que refuerza su compromiso con los valores democr\u00e1ticos y con la preservaci\u00f3n del patrimonio hist\u00f3rico nacional.<\/p>\n<p>*Preservaci\u00f3n del patrimonio hist\u00f3rico*<\/p>\n<p>De su lado, el presidente de la Academia Dominicana de la Historia reconoci\u00f3 al mandatario Luis Abinader como \u201cuno de los estadistas dominicanos que m\u00e1s ha propiciado la preservaci\u00f3n del patrimonio hist\u00f3rico, construyendo un legado hermoso y de orgullo\u201d y fortaleciendo as\u00ed la identidad nacional. En este contexto, resalt\u00f3 la rehabilitaci\u00f3n del Museo Nacional de Historia y Geograf\u00eda en la Plaza de la Cultura Juan Pablo Duarte, el de Horacio V\u00e1zquez en Tamboril, el Museo de Arte en Santiago, la Sala Memorial de Mayoban\u00e9x Vargas en Bonao, el Museo del Oro y la Plata de Cotu\u00ed, el Museo de Historia y Tradiciones de Santiago, as\u00ed como el proyectado recientemente, Museo de la Gesta de Abril, entre otros.<\/p>\n<p>*Recordando legado de Espaillat*<\/p>\n<p>Finalmente, el ministro de Cultura, Roberto \u00c1ngel Salcedo, quien preside la Comisi\u00f3n para la Conmemoraci\u00f3n del sesquicentenario del gobierno de Ulises Francisco Espaillat, creada mediante el Decreto 640-25, expres\u00f3 su satisfacci\u00f3n por el cumplimiento de los objetivos de la misma, al desarrollar una serie de actividades que resaltan la figura y legado de Ulises Francisco Espaillat.<\/p>\n<p>Cit\u00f3 entonces la reci\u00e9n finalizada Feria Regional del Libro y la Cultura Cibao 2026 que dedic\u00f3 gran parte de su agenda cultural y program\u00e1tica a la figura del expresidente, se impartieron charlas y conferencias ventilando los ideales de Espaillat y se imprimieron y distribuyeron varias obras alrededor de su pensamiento.<\/p>\n<p>En el acto tambi\u00e9n estuvieron presentes el ministro Administrativo de la Presidencia, Andr\u00e9s Bautista, y la directora de \u00c9tica e Integridad Gubernamental, Milagros Ortiz Bosch.<\/p>\n","protected":false},"excerpt":{"rendered":"<p>Dicha condecoraci\u00f3n se otorga al conmemorar los 150 a\u00f1os del gobierno de Espaillat_ _Director de la Academia Dominicana de la Historia dice presidente Abinader es \u201cuno de los estadistas dominicanos que m\u00e1s ha propiciado la preservaci\u00f3n del patrimonio hist\u00f3rico de nuestra naci\u00f3n\u201d_ *Santo Domingo. -* El presidente Luis Abinader encabez\u00f3 el acto de conmemoraci\u00f3n del [&hellip;]<\/p>\n","protected":false},"author":1,"featured_media":0,"comment_status":"closed","ping_status":"closed","sticky":false,"template":"","format":"standard","meta":{"_eb_attr":"","footnotes":""},"categories":[36],"tags":[],"_links":{"self":[{"href":"https:\/\/informedesalud.com.do\/index.php?rest_route=\/wp\/v2\/posts\/14665"}],"collection":[{"href":"https:\/\/informedesalud.com.do\/index.php?rest_route=\/wp\/v2\/posts"}],"about":[{"href":"https:\/\/informedesalud.com.do\/index.php?rest_route=\/wp\/v2\/types\/post"}],"author":[{"embeddable":true,"href":"https:\/\/informedesalud.com.do\/index.php?rest_route=\/wp\/v2\/users\/1"}],"replies":[{"embeddable":true,"href":"https:\/\/informedesalud.com.do\/index.php?rest_route=%2Fwp%2Fv2%2Fcomments&post=14665"}],"version-history":[{"count":0,"href":"https:\/\/informedesalud.com.do\/index.php?rest_route=\/wp\/v2\/posts\/14665\/revisions"}],"wp:attachment":[{"href":"https:\/\/informedesalud.com.do\/index.php?rest_route=%2Fwp%2Fv2%2Fmedia&parent=14665"}],"wp:term":[{"taxonomy":"category","embeddable":true,"href":"https:\/\/informedesalud.com.do\/index.php?rest_route=%2Fwp%2Fv2%2Fcategories&post=14665"},{"taxonomy":"post_tag","embeddable":true,"href":"https:\/\/informedesalud.com.do\/index.php?rest_route=%2Fwp%2Fv2%2Ftags&post=14665"}],"curies":[{"name":"wp","href":"https:\/\/api.w.org\/{rel}","templated":true}]}}