{"id":14661,"date":"2026-04-30T12:30:38","date_gmt":"2026-04-30T10:30:38","guid":{"rendered":"https:\/\/laconsultamedica.com.do\/?p=37166"},"modified":"2026-04-30T12:30:38","modified_gmt":"2026-04-30T10:30:38","slug":"ministro-andres-bautista-juramenta-a-carlos-alessandry-roa-howley-como-director-ejecutivo-del-plan-san-juan","status":"publish","type":"post","link":"https:\/\/informedesalud.com.do\/?p=14661","title":{"rendered":"Ministro Andr\u00e9s Bautista juramenta a Carlos Alessandry Roa Howley como director ejecutivo del Plan San Juan"},"content":{"rendered":"<div><img decoding=\"async\" src=\"https:\/\/i0.wp.com\/laconsultamedica.com.do\/wp-content\/uploads\/2026\/04\/image_editor_output_image-747819866-1777545071123.jpg?fit=1280%2C665&amp;ssl=1\" class=\"ff-og-image-inserted\"><\/div>\n<p class=\"wp-block-paragraph\">El Plan San Juan tiene como prop\u00f3sito fundamental transformar la econom\u00eda de la regi\u00f3n, promoviendo su desarrollo sostenible y maximizando el uso de sus recursos_<\/p>\n<p>*Santo Domingo.\u2014* El ministro administrativo de la Presidencia, Andr\u00e9s Bautista, jurament\u00f3 este mi\u00e9rcoles a Carlos Alessandry Roa Howley como director ejecutivo para el Desarrollo Econ\u00f3mico de la provincia San Juan, iniciativa denominada Plan San Juan.<\/p>\n<p>Durante un breve acto de juramentaci\u00f3n en su despacho, Bautista resalt\u00f3 la confianza depositada en Roa Howley para asumir sus nuevas atribuciones en favor del desarrollo de la provincia de San Juan y de la regi\u00f3n Sur.<\/p>\n<p>\u201cLe deseo el mayor de los \u00e9xitos y sabemos que usted har\u00e1 todo el esfuerzo con transparencia y eficiencia para el beneficio de San Juan y toda la regi\u00f3n\u201d, expres\u00f3.<\/p>\n<p>De su lado, Roa Howley se comprometi\u00f3 a trabajar desde la direcci\u00f3n de la comisi\u00f3n en favor de las acciones orientadas al desarrollo integral econ\u00f3mico y social de los residentes de San Juan, sus comunidades y zonas aleda\u00f1as.<\/p>\n<p>La designaci\u00f3n fue realizada mediante el Decreto n\u00famero 285-26, emitido por el presidente Luis Abinader.<\/p>\n<p>*Sobre la comisi\u00f3n*<\/p>\n<p>La Direcci\u00f3n Ejecutiva de la comisi\u00f3n del Plan San Juan tendr\u00e1 como responsabilidad realizar las coordinaciones t\u00e9cnicas necesarias para que los proyectos aprobados se ejecuten dentro del cronograma establecido.<\/p>\n<p>Adem\u00e1s, tendr\u00e1 a su cargo la administraci\u00f3n de los fondos asignados para la ejecuci\u00f3n de las acciones y actividades aprobadas, as\u00ed como la coordinaci\u00f3n en la formulaci\u00f3n de pol\u00edticas derivadas del Plan San Juan, incluyendo la definici\u00f3n y ejecuci\u00f3n de iniciativas, programas y proyectos necesarios para alcanzar los resultados esperados.<\/p>\n","protected":false},"excerpt":{"rendered":"<p>El Plan San Juan tiene como prop\u00f3sito fundamental transformar la econom\u00eda de la regi\u00f3n, promoviendo su desarrollo sostenible y maximizando el uso de sus recursos_ *Santo Domingo.\u2014* El ministro administrativo de la Presidencia, Andr\u00e9s Bautista, jurament\u00f3 este mi\u00e9rcoles a Carlos Alessandry Roa Howley como director ejecutivo para el Desarrollo Econ\u00f3mico de la provincia San Juan, [&hellip;]<\/p>\n","protected":false},"author":1,"featured_media":14662,"comment_status":"closed","ping_status":"closed","sticky":false,"template":"","format":"standard","meta":{"_eb_attr":"","footnotes":""},"categories":[36],"tags":[],"_links":{"self":[{"href":"https:\/\/informedesalud.com.do\/index.php?rest_route=\/wp\/v2\/posts\/14661"}],"collection":[{"href":"https:\/\/informedesalud.com.do\/index.php?rest_route=\/wp\/v2\/posts"}],"about":[{"href":"https:\/\/informedesalud.com.do\/index.php?rest_route=\/wp\/v2\/types\/post"}],"author":[{"embeddable":true,"href":"https:\/\/informedesalud.com.do\/index.php?rest_route=\/wp\/v2\/users\/1"}],"replies":[{"embeddable":true,"href":"https:\/\/informedesalud.com.do\/index.php?rest_route=%2Fwp%2Fv2%2Fcomments&post=14661"}],"version-history":[{"count":0,"href":"https:\/\/informedesalud.com.do\/index.php?rest_route=\/wp\/v2\/posts\/14661\/revisions"}],"wp:featuredmedia":[{"embeddable":true,"href":"https:\/\/informedesalud.com.do\/index.php?rest_route=\/wp\/v2\/media\/14662"}],"wp:attachment":[{"href":"https:\/\/informedesalud.com.do\/index.php?rest_route=%2Fwp%2Fv2%2Fmedia&parent=14661"}],"wp:term":[{"taxonomy":"category","embeddable":true,"href":"https:\/\/informedesalud.com.do\/index.php?rest_route=%2Fwp%2Fv2%2Fcategories&post=14661"},{"taxonomy":"post_tag","embeddable":true,"href":"https:\/\/informedesalud.com.do\/index.php?rest_route=%2Fwp%2Fv2%2Ftags&post=14661"}],"curies":[{"name":"wp","href":"https:\/\/api.w.org\/{rel}","templated":true}]}}