{"id":14653,"date":"2026-04-30T09:15:29","date_gmt":"2026-04-30T07:15:29","guid":{"rendered":"https:\/\/laconsultamedica.com.do\/?p=37121"},"modified":"2026-04-30T09:15:29","modified_gmt":"2026-04-30T07:15:29","slug":"sns-fortalece-red-publica-con-mas-de-900-nombramientos-en-cuatro-meses","status":"publish","type":"post","link":"https:\/\/informedesalud.com.do\/?p=14653","title":{"rendered":"SNS fortalece Red P\u00fablica con m\u00e1s de 900 nombramientos en cuatro meses"},"content":{"rendered":"<p class=\"wp-block-paragraph\">Santo Domingo. \u2013 El director ejecutivo Servicio Nacional de Salud (SNS), doctor Julio Landr\u00f3n, inform\u00f3 que, en los primeros cuatro meses de su gesti\u00f3n, ha logrado la incorporaci\u00f3n de m\u00e1s de 900 profesionales de la salud, como parte de las acciones dirigidas a robustecer la capacidad de respuesta de la Red P\u00fablica.<\/p>\n<p>En un encuentro de trabajo con el presidente del Colegio M\u00e9dico Dominicano (CMD), doctor Luis Pe\u00f1a N\u00fa\u00f1ez, se pas\u00f3 balance a los avances alcanzados, destacando el impacto positivo de los nombramientos en la reducci\u00f3n del d\u00e9ficit de personal en los centros de salud.<\/p>\n<p>Estas designaciones responden al acuerdo interinstitucional entre el SNS y el CMD, orientado a fortalecer la cobertura de servicios y mejorar las condiciones laborales del personal m\u00e9dico en todo el territorio nacional.<\/p>\n<p>Durante la reuni\u00f3n, se detall\u00f3 la incorporaci\u00f3n de 276 m\u00e9dicos especialistas, 186 m\u00e9dicos generales y 461 profesionales de otras \u00e1reas de la salud, adem\u00e1s de 48 reclasificaciones, medidas que contribuyen a optimizar la atenci\u00f3n en los establecimientos sanitarios.<\/p>\n<p>El doctor Landr\u00f3n valor\u00f3 que estos avances forman parte del compromiso de la instituci\u00f3n con la consolidaci\u00f3n de un sistema de salud m\u00e1s eficiente, accesible y humano.<\/p>\n<figure class=\"wp-block-image size-large\"><img loading=\"lazy\" data-recalc-dims=\"1\" loading=\"lazy\" decoding=\"async\" width=\"1024\" height=\"667\" data-attachment-id=\"37120\" data-permalink=\"https:\/\/laconsultamedica.com.do\/image_editor_output_image-751513950-1777533355179-jpg\/\" data-orig-file=\"https:\/\/i0.wp.com\/laconsultamedica.com.do\/wp-content\/uploads\/2026\/04\/image_editor_output_image-751513950-1777533355179-scaled.jpg?fit=2560%2C1667&amp;ssl=1\" data-orig-size=\"2560,1667\" data-comments-opened=\"1\" data-image-meta=\"{&quot;aperture&quot;:&quot;0&quot;,&quot;credit&quot;:&quot;&quot;,&quot;camera&quot;:&quot;&quot;,&quot;caption&quot;:&quot;&quot;,&quot;created_timestamp&quot;:&quot;0&quot;,&quot;copyright&quot;:&quot;&quot;,&quot;focal_length&quot;:&quot;0&quot;,&quot;iso&quot;:&quot;0&quot;,&quot;shutter_speed&quot;:&quot;0&quot;,&quot;title&quot;:&quot;&quot;,&quot;orientation&quot;:&quot;0&quot;}\" data-image-title=\"image_editor_output_image-751513950-1777533355179.jpg\" data-image-description data-image-caption data-large-file=\"https:\/\/i0.wp.com\/laconsultamedica.com.do\/wp-content\/uploads\/2026\/04\/image_editor_output_image-751513950-1777533355179-scaled.jpg?fit=1024%2C667&amp;ssl=1\" src=\"https:\/\/i0.wp.com\/laconsultamedica.com.do\/wp-content\/uploads\/2026\/04\/image_editor_output_image-751513950-1777533355179.jpg?resize=1024%2C667&amp;ssl=1\" alt class=\"wp-image-37120\" srcset=\"https:\/\/i0.wp.com\/laconsultamedica.com.do\/wp-content\/uploads\/2026\/04\/image_editor_output_image-751513950-1777533355179-scaled.jpg?resize=1024%2C667&amp;ssl=1 1024w, https:\/\/i0.wp.com\/laconsultamedica.com.do\/wp-content\/uploads\/2026\/04\/image_editor_output_image-751513950-1777533355179-scaled.jpg?resize=300%2C195&amp;ssl=1 300w, https:\/\/i0.wp.com\/laconsultamedica.com.do\/wp-content\/uploads\/2026\/04\/image_editor_output_image-751513950-1777533355179-scaled.jpg?resize=768%2C500&amp;ssl=1 768w, https:\/\/i0.wp.com\/laconsultamedica.com.do\/wp-content\/uploads\/2026\/04\/image_editor_output_image-751513950-1777533355179-scaled.jpg?resize=1536%2C1000&amp;ssl=1 1536w, https:\/\/i0.wp.com\/laconsultamedica.com.do\/wp-content\/uploads\/2026\/04\/image_editor_output_image-751513950-1777533355179-scaled.jpg?resize=2048%2C1334&amp;ssl=1 2048w, https:\/\/i0.wp.com\/laconsultamedica.com.do\/wp-content\/uploads\/2026\/04\/image_editor_output_image-751513950-1777533355179-scaled.jpg?resize=750%2C488&amp;ssl=1 750w, https:\/\/i0.wp.com\/laconsultamedica.com.do\/wp-content\/uploads\/2026\/04\/image_editor_output_image-751513950-1777533355179-scaled.jpg?resize=1140%2C742&amp;ssl=1 1140w\" sizes=\"auto, (max-width: 1000px) 100vw, 1000px\"><\/figure>\n<p class=\"wp-block-paragraph\">En tanto, el presidente del CMD calific\u00f3 estos nombramientos como una \u201ccifra r\u00e9cord\u201d en favor del sector y valor\u00f3 que la actual gesti\u00f3n ha priorizado la reducci\u00f3n del desempleo m\u00e9dico, una de las principales demandas del gremio.<\/p>\n<p>Durante el encuentro tambi\u00e9n se abordaron temas prioritarios de la agenda sanitaria, entre ellos el impulso de la Atenci\u00f3n Primaria y el seguimiento a las iniciativas coordinadas con el presidente de la Rep\u00fablica, Luis Abinader, y la vicepresidenta Raquel Pe\u00f1a, orientadas a seguir fortaleciendo el sistema de salud y elevar la calidad de los servicios.<\/p>\n<p>En el encuentro tambi\u00e9n estuvieron presentes, por el CMD, Miosotte Lazala, secretaria general, y Thomas Ventura, secretario de Residencias M\u00e9dicas; mientras que por el SNS participaron Bienvenido Hern\u00e1ndez, director de Recursos Humanos, junto a miembros del equipo t\u00e9cnico institucional.<\/p>\n","protected":false},"excerpt":{"rendered":"<p>Santo Domingo. \u2013 El director ejecutivo Servicio Nacional de Salud (SNS), doctor Julio Landr\u00f3n, inform\u00f3 que, en los primeros cuatro meses de su gesti\u00f3n, ha logrado la incorporaci\u00f3n de m\u00e1s de 900 profesionales de la salud, como parte de las acciones dirigidas a robustecer la capacidad de respuesta de la Red P\u00fablica. En un encuentro [&hellip;]<\/p>\n","protected":false},"author":1,"featured_media":14654,"comment_status":"closed","ping_status":"closed","sticky":false,"template":"","format":"standard","meta":{"_eb_attr":"","footnotes":""},"categories":[93],"tags":[],"_links":{"self":[{"href":"https:\/\/informedesalud.com.do\/index.php?rest_route=\/wp\/v2\/posts\/14653"}],"collection":[{"href":"https:\/\/informedesalud.com.do\/index.php?rest_route=\/wp\/v2\/posts"}],"about":[{"href":"https:\/\/informedesalud.com.do\/index.php?rest_route=\/wp\/v2\/types\/post"}],"author":[{"embeddable":true,"href":"https:\/\/informedesalud.com.do\/index.php?rest_route=\/wp\/v2\/users\/1"}],"replies":[{"embeddable":true,"href":"https:\/\/informedesalud.com.do\/index.php?rest_route=%2Fwp%2Fv2%2Fcomments&post=14653"}],"version-history":[{"count":0,"href":"https:\/\/informedesalud.com.do\/index.php?rest_route=\/wp\/v2\/posts\/14653\/revisions"}],"wp:featuredmedia":[{"embeddable":true,"href":"https:\/\/informedesalud.com.do\/index.php?rest_route=\/wp\/v2\/media\/14654"}],"wp:attachment":[{"href":"https:\/\/informedesalud.com.do\/index.php?rest_route=%2Fwp%2Fv2%2Fmedia&parent=14653"}],"wp:term":[{"taxonomy":"category","embeddable":true,"href":"https:\/\/informedesalud.com.do\/index.php?rest_route=%2Fwp%2Fv2%2Fcategories&post=14653"},{"taxonomy":"post_tag","embeddable":true,"href":"https:\/\/informedesalud.com.do\/index.php?rest_route=%2Fwp%2Fv2%2Ftags&post=14653"}],"curies":[{"name":"wp","href":"https:\/\/api.w.org\/{rel}","templated":true}]}}