{"id":14651,"date":"2026-04-30T09:19:42","date_gmt":"2026-04-30T07:19:42","guid":{"rendered":"https:\/\/laconsultamedica.com.do\/?p=37125"},"modified":"2026-04-30T09:19:42","modified_gmt":"2026-04-30T07:19:42","slug":"indotel-y-mujeres-con-discapacidad-impulsan-inclusion-digital-con-inauguracion-de-laboratorio-tecnologico","status":"publish","type":"post","link":"https:\/\/informedesalud.com.do\/?p=14651","title":{"rendered":"Indotel y Mujeres con Discapacidad impulsan inclusi\u00f3n digital con inauguraci\u00f3n de laboratorio tecnol\u00f3gico"},"content":{"rendered":"<div><img decoding=\"async\" src=\"https:\/\/i0.wp.com\/laconsultamedica.com.do\/wp-content\/uploads\/2026\/04\/image_editor_output_image-1636597615-1777533610766.jpg?fit=2560%2C1315&amp;ssl=1\" class=\"ff-og-image-inserted\"><\/div>\n<p class=\"wp-block-paragraph\"><strong><em>Proyecto fortalecer\u00e1 la capacitaci\u00f3n, autonom\u00eda y empleabilidad de sus beneficiarias<\/em><\/strong><\/p>\n<p>Santo Domingo \u2022 \u2014&nbsp;&nbsp; El Instituto Dominicano de las Telecomunicaciones (Indotel) y el C\u00edrculo de Mujeres con Discapacidad (CIMUDIS) puso en marcha el proyecto especial \u201cDigitalab-CIMUDIS: Laboratorio de Conectividad Inclusiva\u201d, que tiene como objetivo&nbsp; reducir la brecha digital y promover el acceso equitativo a la tecnolog\u00eda para mujeres con discapacidad en Rep\u00fablica Dominicana.<\/p>\n<p>El proyecto financiado por el Fondo de Desarrollo de las Telecomunicaciones (FDT), cont\u00f3 tambi\u00e9n con el apoyo del Defensor del Pueblo, y contempla la creaci\u00f3n y habilitaci\u00f3n de un espacio tecnol\u00f3gico accesible para mujeres con discapacidad, dise\u00f1ado para fortalecer la autonom\u00eda, formaci\u00f3n y empleabilidad de sus beneficiarias, mediante herramientas digitales adaptadas a sus necesidades.<\/p>\n<p>El laboratorio fue equipado con estaciones de trabajo completas, 12 computadoras, monitores, impresora multifuncional, pantallas de gran formato, red interna de datos, sistema de respaldo energ\u00e9tico compuesto por UPS, inversor y bater\u00edas, adem\u00e1s de climatizaci\u00f3n, mobiliario ergon\u00f3mico, licencias de software y soporte t\u00e9cnico especializado.<\/p>\n<p>El presidente del Consejo Directivo del Indotel, Guido G\u00f3mez Mazara, destac\u00f3 esta iniciativa ser\u00e1 fundamental para construir un pa\u00eds m\u00e1s inclusivo y equitativo.<\/p>\n<p>\u201cLas caracter\u00edsticas de nuestra gesti\u00f3n es colocar la tecnolog\u00eda al servicio de la gente. Frente a eso, el concepto de inclusi\u00f3n es de vital importancia para nosotros\u201d, puntualiz\u00f3 el titular del \u00f3rgano regulador de las telecomunicaciones.<\/p>\n<p>De igual forma, G\u00f3mez Mazara enfatiz\u00f3 que esta acci\u00f3n responde al compromiso institucional de impulsar proyectos de alto impacto social, enfocados en ampliar las oportunidades de acceso a las tecnolog\u00edas de la informaci\u00f3n y la comunicaci\u00f3n para poblaciones vulnerables<\/p>\n<p class=\"wp-block-paragraph\">De su lado, Cristina Francisco, presidenta del CIMUDIS, resalt\u00f3 que este espacio representa el inicio formal de un proceso de formaci\u00f3n, autonom\u00eda e inserci\u00f3n laboral para mujeres provenientes del Distrito Nacional, San Pedro de Macor\u00eds y otras comunidades, reafirmando la misi\u00f3n de la entidad de promover independencia econ\u00f3mica y participaci\u00f3n plena en la sociedad.<\/p>\n<p>\u201cCon este laboratorio tecnol\u00f3gico tenemos ya el compromiso de comenzar ese proceso de inclusi\u00f3n.&nbsp; La inserci\u00f3n laboral y la capacitaci\u00f3n abren paso a una sociedad m\u00e1s inclusiva\u201d, expres\u00f3.<\/p>\n<p>En el acto acompa\u00f1aron a G\u00f3mez Mazara su esposa Sandra Nogu\u00e9, y la coordinadora del FDT, Giselle Dipp.<\/p>\n<p>Tambi\u00e9n estuvieron presentes en el acto de inauguraci\u00f3n del laboratorio, el primer suplente del Defensor del Pueblo, Roberto Quiroz; y Tayiri&nbsp; Acosta, administradora del centro, entre otros invitados especiales.<\/p>\n","protected":false},"excerpt":{"rendered":"<p>Proyecto fortalecer\u00e1 la capacitaci\u00f3n, autonom\u00eda y empleabilidad de sus beneficiarias Santo Domingo \u2022 \u2014&nbsp;&nbsp; El Instituto Dominicano de las Telecomunicaciones (Indotel) y el C\u00edrculo de Mujeres con Discapacidad (CIMUDIS) puso en marcha el proyecto especial \u201cDigitalab-CIMUDIS: Laboratorio de Conectividad Inclusiva\u201d, que tiene como objetivo&nbsp; reducir la brecha digital y promover el acceso equitativo a la [&hellip;]<\/p>\n","protected":false},"author":1,"featured_media":14652,"comment_status":"closed","ping_status":"closed","sticky":false,"template":"","format":"standard","meta":{"_eb_attr":"","footnotes":""},"categories":[93],"tags":[],"_links":{"self":[{"href":"https:\/\/informedesalud.com.do\/index.php?rest_route=\/wp\/v2\/posts\/14651"}],"collection":[{"href":"https:\/\/informedesalud.com.do\/index.php?rest_route=\/wp\/v2\/posts"}],"about":[{"href":"https:\/\/informedesalud.com.do\/index.php?rest_route=\/wp\/v2\/types\/post"}],"author":[{"embeddable":true,"href":"https:\/\/informedesalud.com.do\/index.php?rest_route=\/wp\/v2\/users\/1"}],"replies":[{"embeddable":true,"href":"https:\/\/informedesalud.com.do\/index.php?rest_route=%2Fwp%2Fv2%2Fcomments&post=14651"}],"version-history":[{"count":0,"href":"https:\/\/informedesalud.com.do\/index.php?rest_route=\/wp\/v2\/posts\/14651\/revisions"}],"wp:featuredmedia":[{"embeddable":true,"href":"https:\/\/informedesalud.com.do\/index.php?rest_route=\/wp\/v2\/media\/14652"}],"wp:attachment":[{"href":"https:\/\/informedesalud.com.do\/index.php?rest_route=%2Fwp%2Fv2%2Fmedia&parent=14651"}],"wp:term":[{"taxonomy":"category","embeddable":true,"href":"https:\/\/informedesalud.com.do\/index.php?rest_route=%2Fwp%2Fv2%2Fcategories&post=14651"},{"taxonomy":"post_tag","embeddable":true,"href":"https:\/\/informedesalud.com.do\/index.php?rest_route=%2Fwp%2Fv2%2Ftags&post=14651"}],"curies":[{"name":"wp","href":"https:\/\/api.w.org\/{rel}","templated":true}]}}