{"id":14645,"date":"2026-04-30T09:31:19","date_gmt":"2026-04-30T07:31:19","guid":{"rendered":"https:\/\/laconsultamedica.com.do\/?p=37142"},"modified":"2026-04-30T09:31:19","modified_gmt":"2026-04-30T07:31:19","slug":"superate-el-infotep-gradua-primer-grupo-de-madres-y-padres-en-cuidados-y-apoyo-a-personas-con-discapacidad","status":"publish","type":"post","link":"https:\/\/informedesalud.com.do\/?p=14645","title":{"rendered":"Sup\u00e9rate el Infotep grad\u00faa primer grupo de madres y padres en cuidados y apoyo a personas con discapacidad"},"content":{"rendered":"<div><img decoding=\"async\" src=\"https:\/\/i0.wp.com\/laconsultamedica.com.do\/wp-content\/uploads\/2026\/04\/image_editor_output_image-467019144-1777534345297.png?fit=1300%2C731&amp;ssl=1\" class=\"ff-og-image-inserted\"><\/div>\n<p class=\"wp-block-paragraph\">Santo Domingo.- La Direcci\u00f3n de Desarrollo Social Sup\u00e9rate realiz\u00f3 la graduaci\u00f3n de la primera cohorte del \u201cCurso de Cuidados y Apoyo para Personas con Discapacidad\u201d, impartido por el Instituto Nacional de Formaci\u00f3n T\u00e9cnico Profesional (Infotep). La iniciativa se enmarca en el fortalecimiento de la pol\u00edtica de cuidados y el compromiso con los derechos de las personas con discapacidad. <\/p>\n<p>Este primer grupo de 55 personas, lo integran madres y padres de ni\u00f1os, ni\u00f1as y adolescentes con discapacidad, quienes recibieron formaci\u00f3n especializada como parte de la coordinaci\u00f3n interinstitucional entre Sup\u00e9rate, el Instituto Nacional de Formaci\u00f3n T\u00e9cnico Profesional (Infotep) y el Consejo Nacional de Discapacidad (Conadis). <\/p>\n<p>La directora general de Sup\u00e9rate, Mayra Jim\u00e9nez, destac\u00f3 que esta graduaci\u00f3n constituye un hito relevante en el reconocimiento del rol del cuidado como un componente clave dentro de los sistemas de protecci\u00f3n social, en coherencia con la promoci\u00f3n del bienestar, la autonom\u00eda y la inclusi\u00f3n social. <\/p>\n<p>De su lado, la directora general del Infotep, Maira Morla Pineda, resalt\u00f3 que el avance y madurez de las sociedades y pa\u00edses m\u00e1s que por su progreso econ\u00f3mico y tecnolog\u00eda, se mide en la manera con que dispensa a sus ciudadanos atenci\u00f3n, protecci\u00f3n y apoyo, para una vida plena, feliz y productiva que les permita sentirse realizados y parte importante del tejido social. <\/p>\n<p class=\"wp-block-paragraph\">Mientras, la se\u00f1ora Rosainy Mart\u00ednez, en representaci\u00f3n de las madres y padres cuidadores, expres\u00f3: \u201cDecidimos prepararnos y crecer porque entendimos que el amor es fundamental, pero tambi\u00e9n, que nuestros hijos e hijas merecen cuidados con conocimiento, con t\u00e9cnicas y con profesionalismo\u201d. <\/p>\n<p>En tanto, el presidente del Conadis, Benny Metz, sostuvo que este curso dise\u00f1ado para el cuidado personal de personas con discapacidad representa un paso significativo en la formaci\u00f3n de capital humano comprometido con la inclusi\u00f3n y la atenci\u00f3n digna. <\/p>\n<p>Desde la Mesa Intersectorial de Cuidados, liderada por Sup\u00e9rate, se avanza en acciones concretas para consolidar una respuesta en coordinaci\u00f3n con el Conadis, como entidad rectora en materia de discapacidad y con el Infotep impulsando este proceso formativo, como una muestra de que las pol\u00edticas p\u00fablicas pueden cambiar vidas cuando se convierten en hechos. <\/p>\n<p>Con esta iniciativa, Sup\u00e9rate reafirma el compromiso del Gobierno dominicano de seguir construyendo respuestas que transformen vidas, reduzcan desigualdades y permitan que las personas con discapacidad y sus familias vivan con m\u00e1s apoyo, mayor autonom\u00eda y mejores oportunidades, con la firme convicci\u00f3n de que la inclusi\u00f3n se construye con decisiones p\u00fablicas, con inversi\u00f3n social, con derechos y con respeto a la dignidad humana. <\/p>\n<p>En el acto de graduaci\u00f3n estuvieron presentes el director ejecutivo del Consejo Nacional de la Persona Envejeciente (Conape), Demetrio Vicente; el subdirector general del Infotep, Luis Rodr\u00edguez; la subdirectora de Desarrollo Inclusivo de Sup\u00e9rate, Carolina Alvarado, y la directora de la Comunidad de Madres y Familias con hijos con Discapacidad (Commadis), Katherine de Le\u00f3n. <\/p>\n","protected":false},"excerpt":{"rendered":"<p>Santo Domingo.- La Direcci\u00f3n de Desarrollo Social Sup\u00e9rate realiz\u00f3 la graduaci\u00f3n de la primera cohorte del \u201cCurso de Cuidados y Apoyo para Personas con Discapacidad\u201d, impartido por el Instituto Nacional de Formaci\u00f3n T\u00e9cnico Profesional (Infotep). La iniciativa se enmarca en el fortalecimiento de la pol\u00edtica de cuidados y el compromiso con los derechos de las [&hellip;]<\/p>\n","protected":false},"author":1,"featured_media":14646,"comment_status":"closed","ping_status":"closed","sticky":false,"template":"","format":"standard","meta":{"_eb_attr":"","footnotes":""},"categories":[43],"tags":[],"_links":{"self":[{"href":"https:\/\/informedesalud.com.do\/index.php?rest_route=\/wp\/v2\/posts\/14645"}],"collection":[{"href":"https:\/\/informedesalud.com.do\/index.php?rest_route=\/wp\/v2\/posts"}],"about":[{"href":"https:\/\/informedesalud.com.do\/index.php?rest_route=\/wp\/v2\/types\/post"}],"author":[{"embeddable":true,"href":"https:\/\/informedesalud.com.do\/index.php?rest_route=\/wp\/v2\/users\/1"}],"replies":[{"embeddable":true,"href":"https:\/\/informedesalud.com.do\/index.php?rest_route=%2Fwp%2Fv2%2Fcomments&post=14645"}],"version-history":[{"count":0,"href":"https:\/\/informedesalud.com.do\/index.php?rest_route=\/wp\/v2\/posts\/14645\/revisions"}],"wp:featuredmedia":[{"embeddable":true,"href":"https:\/\/informedesalud.com.do\/index.php?rest_route=\/wp\/v2\/media\/14646"}],"wp:attachment":[{"href":"https:\/\/informedesalud.com.do\/index.php?rest_route=%2Fwp%2Fv2%2Fmedia&parent=14645"}],"wp:term":[{"taxonomy":"category","embeddable":true,"href":"https:\/\/informedesalud.com.do\/index.php?rest_route=%2Fwp%2Fv2%2Fcategories&post=14645"},{"taxonomy":"post_tag","embeddable":true,"href":"https:\/\/informedesalud.com.do\/index.php?rest_route=%2Fwp%2Fv2%2Ftags&post=14645"}],"curies":[{"name":"wp","href":"https:\/\/api.w.org\/{rel}","templated":true}]}}