{"id":14633,"date":"2026-04-29T11:35:24","date_gmt":"2026-04-29T09:35:24","guid":{"rendered":"https:\/\/laconsultamedica.com.do\/?p=37093"},"modified":"2026-04-29T11:35:24","modified_gmt":"2026-04-29T09:35:24","slug":"inabie-interviene-sabana-perdida-con-jornada-de-salud-en-beneficio-de-mas-de-1000-estudiantes","status":"publish","type":"post","link":"https:\/\/informedesalud.com.do\/?p=14633","title":{"rendered":"INABIE interviene Sabana Perdida con jornada de salud en beneficio de m\u00e1s de 1,000 estudiantes"},"content":{"rendered":"<p class=\"wp-block-paragraph\">Santo Domingo Norte.\u2013 El Instituto Nacional de Bienestar Estudiantil (INABIE) lleva a cabo una jornada de salud integral en Sabana Perdida, para beneficiar a m\u00e1s de 1,000 estudiantes de distintos centros educativos, como parte de sus esfuerzos por fortalecer el bienestar de esta poblaci\u00f3n.<\/p>\n<p>La iniciativa impacta a alumnos de la Escuela Primaria Mara\u00f1\u00f3n I, as\u00ed como de los centros educativos Cardenal Sancha (Fe y Alegr\u00eda), Mar\u00eda Teresa Mirabal (Fe y Esperanza) y el Centro Cristiano de Educaci\u00f3n para Sordos, quienes reciben atenciones en diversas \u00e1reas de la salud.<\/p>\n<p>Durante un recorrido por la jornada, el director ejecutivo del INABIE, Adolfo P\u00e9rez, reafirm\u00f3 el compromiso de la instituci\u00f3n de acercar servicios m\u00e9dicos esenciales a las comunidades educativas.<\/p>\n<p>\u201cCon esta jornada seguimos garantizando atenci\u00f3n oportuna y de calidad para los estudiantes. Para este 2026, tenemos programadas m\u00e1s de 10 jornadas integrales a nivel nacional. Ya hemos realizado cuatro y proyectamos beneficiar a m\u00e1s de medio mill\u00f3n de alumnos del sistema educativo p\u00fablico\u201d, expres\u00f3.<\/p>\n<p>El INABIE destac\u00f3 que estas jornadas est\u00e1n enfocadas en la prevenci\u00f3n, el diagn\u00f3stico temprano y la atenci\u00f3n oportuna, con el objetivo de reducir las barreras de acceso a servicios m\u00e9dicos y contribuir con el desarrollo integral de los estudiantes.<\/p>\n<p>Servicios ofrecidos<\/p>\n<p>En el \u00e1rea de salud bucal, el equipo m\u00e9dico del INABIE realiza procedimientos como restauraciones dentales, extracciones, profilaxis, aplicaci\u00f3n de fl\u00faor y evaluaciones especializadas.<\/p>\n<p>En salud visual, los estudiantes son evaluados mediante oftalmoscopia, autorefracci\u00f3n, pruebas de lentes y tonometr\u00eda. Aquellos que requieren correcci\u00f3n visual reciben la prescripci\u00f3n y, posteriormente, los lentes fabricados por la instituci\u00f3n.<\/p>\n<figure class=\"wp-block-image size-large\"><img loading=\"lazy\" data-recalc-dims=\"1\" loading=\"lazy\" decoding=\"async\" width=\"694\" height=\"640\" data-attachment-id=\"37092\" data-permalink=\"https:\/\/laconsultamedica.com.do\/inabie-interviene-sabana-perdida-con-jornada-de-salud-en-beneficio-de-mas-de-1000-estudiantes\/image_editor_output_image703633528-17774552998681165340302048182607-jpg\/\" data-orig-file=\"https:\/\/i0.wp.com\/laconsultamedica.com.do\/wp-content\/uploads\/2026\/04\/image_editor_output_image703633528-17774552998681165340302048182607.jpg?fit=694%2C640&amp;ssl=1\" data-orig-size=\"694,640\" data-comments-opened=\"1\" data-image-meta=\"{&quot;aperture&quot;:&quot;0&quot;,&quot;credit&quot;:&quot;&quot;,&quot;camera&quot;:&quot;&quot;,&quot;caption&quot;:&quot;&quot;,&quot;created_timestamp&quot;:&quot;0&quot;,&quot;copyright&quot;:&quot;&quot;,&quot;focal_length&quot;:&quot;0&quot;,&quot;iso&quot;:&quot;0&quot;,&quot;shutter_speed&quot;:&quot;0&quot;,&quot;title&quot;:&quot;&quot;,&quot;orientation&quot;:&quot;1&quot;}\" data-image-title=\"image_editor_output_image703633528-17774552998681165340302048182607.jpg\" data-image-description data-image-caption data-large-file=\"https:\/\/i0.wp.com\/laconsultamedica.com.do\/wp-content\/uploads\/2026\/04\/image_editor_output_image703633528-17774552998681165340302048182607.jpg?fit=694%2C640&amp;ssl=1\" src=\"https:\/\/i0.wp.com\/laconsultamedica.com.do\/wp-content\/uploads\/2026\/04\/image_editor_output_image703633528-17774552998681165340302048182607.jpg?resize=694%2C640&amp;ssl=1\" alt class=\"wp-image-37092\" srcset=\"https:\/\/i0.wp.com\/laconsultamedica.com.do\/wp-content\/uploads\/2026\/04\/image_editor_output_image703633528-17774552998681165340302048182607.jpg?w=694&amp;ssl=1 694w, https:\/\/i0.wp.com\/laconsultamedica.com.do\/wp-content\/uploads\/2026\/04\/image_editor_output_image703633528-17774552998681165340302048182607.jpg?resize=300%2C277&amp;ssl=1 300w\" sizes=\"auto, (max-width: 694px) 100vw, 694px\"><\/figure>\n<p class=\"wp-block-paragraph\">Asimismo, en medicina auditiva realizan audiometr\u00edas y adaptaci\u00f3n de auxiliares auditivos, los cuales son entregados de manera inmediata a quienes los necesiten.<\/p>\n<p>En el componente de salud preventiva y nutricional, efect\u00faan chequeos generales y suministran medicamentos para afecciones comunes en edad escolar.<\/p>\n<p>Valoraci\u00f3n de la comunidad<\/p>\n<p>Padres y tutores destacaron el impacto positivo de la jornada. Flogenly Sajuin, madre de un estudiante beneficiado, resalt\u00f3 la importancia del apoyo recibido.<\/p>\n<p>\u201cMi hijo tiene problemas de la vista y gracias a esta ayuda podr\u00e1 aprender mejor. No siempre contamos con los recursos para consultas m\u00e9dicas, por lo que esto representa una gran oportunidad para su desarrollo\u201d, manifest\u00f3.<\/p>\n<p>De igual forma, la directora del centro educativo, Santa Reyes, calific\u00f3 la jornada como un respaldo significativo para la comunidad escolar.<\/p>\n<p>\u201cEsta iniciativa permite que los estudiantes reciban atenciones de salud sin interrumpir su proceso educativo, adem\u00e1s de representar un alivio para muchas familias\u201d, se\u00f1al\u00f3.<\/p>\n<p>Durante el recorrido, el director ejecutivo del INABIE estuvo acompa\u00f1ado por el director de Salud y Nutrici\u00f3n de la instituci\u00f3n, Luis Lizardo; la directora de la Regional 10 de Educaci\u00f3n, Dominga Mosquea; la directora del Distrito Educativo 10-02, Lucibel Silva; los subdirectores de Promese\/CAL, Andrea Dif\u00f3 y Carlos Padilla, as\u00ed como la regidora Adalgisa N\u00fa\u00f1ez.<\/p>\n<p>Con este tipo de acciones, el INABIE reafirma su compromiso de garantizar mejores condiciones de salud para los estudiantes, contribuyendo con su aprendizaje y desarrollo integral.<\/p>\n","protected":false},"excerpt":{"rendered":"<p>Santo Domingo Norte.\u2013 El Instituto Nacional de Bienestar Estudiantil (INABIE) lleva a cabo una jornada de salud integral en Sabana Perdida, para beneficiar a m\u00e1s de 1,000 estudiantes de distintos centros educativos, como parte de sus esfuerzos por fortalecer el bienestar de esta poblaci\u00f3n. La iniciativa impacta a alumnos de la Escuela Primaria Mara\u00f1\u00f3n I, [&hellip;]<\/p>\n","protected":false},"author":1,"featured_media":14634,"comment_status":"closed","ping_status":"closed","sticky":false,"template":"","format":"standard","meta":{"_eb_attr":"","footnotes":""},"categories":[93],"tags":[],"_links":{"self":[{"href":"https:\/\/informedesalud.com.do\/index.php?rest_route=\/wp\/v2\/posts\/14633"}],"collection":[{"href":"https:\/\/informedesalud.com.do\/index.php?rest_route=\/wp\/v2\/posts"}],"about":[{"href":"https:\/\/informedesalud.com.do\/index.php?rest_route=\/wp\/v2\/types\/post"}],"author":[{"embeddable":true,"href":"https:\/\/informedesalud.com.do\/index.php?rest_route=\/wp\/v2\/users\/1"}],"replies":[{"embeddable":true,"href":"https:\/\/informedesalud.com.do\/index.php?rest_route=%2Fwp%2Fv2%2Fcomments&post=14633"}],"version-history":[{"count":0,"href":"https:\/\/informedesalud.com.do\/index.php?rest_route=\/wp\/v2\/posts\/14633\/revisions"}],"wp:featuredmedia":[{"embeddable":true,"href":"https:\/\/informedesalud.com.do\/index.php?rest_route=\/wp\/v2\/media\/14634"}],"wp:attachment":[{"href":"https:\/\/informedesalud.com.do\/index.php?rest_route=%2Fwp%2Fv2%2Fmedia&parent=14633"}],"wp:term":[{"taxonomy":"category","embeddable":true,"href":"https:\/\/informedesalud.com.do\/index.php?rest_route=%2Fwp%2Fv2%2Fcategories&post=14633"},{"taxonomy":"post_tag","embeddable":true,"href":"https:\/\/informedesalud.com.do\/index.php?rest_route=%2Fwp%2Fv2%2Ftags&post=14633"}],"curies":[{"name":"wp","href":"https:\/\/api.w.org\/{rel}","templated":true}]}}