{"id":14631,"date":"2026-04-29T11:36:10","date_gmt":"2026-04-29T09:36:10","guid":{"rendered":"https:\/\/laconsultamedica.com.do\/?p=37097"},"modified":"2026-04-29T11:36:10","modified_gmt":"2026-04-29T09:36:10","slug":"demandan-fortalecer-atencion-primaria-ante-aumento-de-enfermedades-respiratorias","status":"publish","type":"post","link":"https:\/\/informedesalud.com.do\/?p=14631","title":{"rendered":"Demandan fortalecer atenci\u00f3n primaria ante aumento de enfermedades respiratorias"},"content":{"rendered":"<div><img decoding=\"async\" src=\"https:\/\/i0.wp.com\/laconsultamedica.com.do\/wp-content\/uploads\/2026\/04\/image_editor_output_image188387392-1777455420147.jpg?fit=678%2C370&amp;ssl=1\" class=\"ff-og-image-inserted\"><\/div>\n<p class=\"wp-block-paragraph\">En Rep\u00fablica Dominicana las enfermedades respiratorias contin\u00faan posicionadas entre las principales causas de consultas y hospitalizaci\u00f3n: Es por ello que la Sociedad Dominicana de Neumolog\u00eda y Cirug\u00eda del T\u00f3rax (SDNCT) llev\u00f3 a cabo la Jornada de Neumolog\u00eda regional nordeste \u201cEl Primer Paso\u201d, con el prop\u00f3sito de fortalecer el papel estrat\u00e9gico de la atenci\u00f3n primaria en el manejo de estas afecciones.<\/p>\n<p>La presidenta de la entidad, la doctora Maribel Jorge, subray\u00f3 la importancia de este tipo de encuentros en el contexto dominicano, donde condiciones como el asma, la enfermedad pulmonar obstructiva cr\u00f3nica (EPOC) y las infecciones respiratorias representan una carga considerable para el sistema de salud, especialmente en los niveles m\u00e1s b\u00e1sicos de atenci\u00f3n.<\/p>\n<p>En este contexto, advirti\u00f3 que uno de los principales retos es la detecci\u00f3n tard\u00eda de muchos casos, lo que incrementa el riesgo de complicaciones y la necesidad de hospitalizaci\u00f3n. A esto se suman limitaciones en el acceso a herramientas diagn\u00f3sticas, la necesidad de mayor capacitaci\u00f3n continua del personal sanitario y una mejor articulaci\u00f3n con especialistas, as\u00ed como una baja cultura de prevenci\u00f3n y seguimiento en pacientes cr\u00f3nicos.<\/p>\n<p>En ese sentido, la entidad resalt\u00f3 que fortalecer la calidad de la atenci\u00f3n en el primer nivel permitir\u00eda lograr diagn\u00f3sticos m\u00e1s oportunos, reducir la presi\u00f3n sobre los centros hospitalarios y mejorar los resultados en salud de la poblaci\u00f3n.<\/p>\n<p>Durante la jornada tambi\u00e9n se destac\u00f3 que las enfermedades respiratorias cr\u00f3nicas figuran entre las consultas m\u00e1s frecuentes en los servicios de salud, especialmente en per\u00edodos de alta circulaci\u00f3n viral y cambios clim\u00e1ticos. Por ello, insistieron en la necesidad de promover una atenci\u00f3n m\u00e1s preventiva, oportuna y coordinada.<\/p>\n<p>Con esta iniciativa, la SDNCT reafirma su compromiso de acercar la actualizaci\u00f3n cient\u00edfica a las regiones y contribuir al fortalecimiento del sistema de salud dominicano desde su base: la atenci\u00f3n primaria, clave para enfrentar los desaf\u00edos actuales en salud respiratoria.<\/p>\n","protected":false},"excerpt":{"rendered":"<p>En Rep\u00fablica Dominicana las enfermedades respiratorias contin\u00faan posicionadas entre las principales causas de consultas y hospitalizaci\u00f3n: Es por ello que la Sociedad Dominicana de Neumolog\u00eda y Cirug\u00eda del T\u00f3rax (SDNCT) llev\u00f3 a cabo la Jornada de Neumolog\u00eda regional nordeste \u201cEl Primer Paso\u201d, con el prop\u00f3sito de fortalecer el papel estrat\u00e9gico de la atenci\u00f3n primaria en [&hellip;]<\/p>\n","protected":false},"author":1,"featured_media":14632,"comment_status":"closed","ping_status":"closed","sticky":false,"template":"","format":"standard","meta":{"_eb_attr":"","footnotes":""},"categories":[93],"tags":[],"_links":{"self":[{"href":"https:\/\/informedesalud.com.do\/index.php?rest_route=\/wp\/v2\/posts\/14631"}],"collection":[{"href":"https:\/\/informedesalud.com.do\/index.php?rest_route=\/wp\/v2\/posts"}],"about":[{"href":"https:\/\/informedesalud.com.do\/index.php?rest_route=\/wp\/v2\/types\/post"}],"author":[{"embeddable":true,"href":"https:\/\/informedesalud.com.do\/index.php?rest_route=\/wp\/v2\/users\/1"}],"replies":[{"embeddable":true,"href":"https:\/\/informedesalud.com.do\/index.php?rest_route=%2Fwp%2Fv2%2Fcomments&post=14631"}],"version-history":[{"count":0,"href":"https:\/\/informedesalud.com.do\/index.php?rest_route=\/wp\/v2\/posts\/14631\/revisions"}],"wp:featuredmedia":[{"embeddable":true,"href":"https:\/\/informedesalud.com.do\/index.php?rest_route=\/wp\/v2\/media\/14632"}],"wp:attachment":[{"href":"https:\/\/informedesalud.com.do\/index.php?rest_route=%2Fwp%2Fv2%2Fmedia&parent=14631"}],"wp:term":[{"taxonomy":"category","embeddable":true,"href":"https:\/\/informedesalud.com.do\/index.php?rest_route=%2Fwp%2Fv2%2Fcategories&post=14631"},{"taxonomy":"post_tag","embeddable":true,"href":"https:\/\/informedesalud.com.do\/index.php?rest_route=%2Fwp%2Fv2%2Ftags&post=14631"}],"curies":[{"name":"wp","href":"https:\/\/api.w.org\/{rel}","templated":true}]}}