{"id":14621,"date":"2026-04-29T11:43:14","date_gmt":"2026-04-29T09:43:14","guid":{"rendered":"https:\/\/laconsultamedica.com.do\/?p=37109"},"modified":"2026-04-29T11:43:14","modified_gmt":"2026-04-29T09:43:14","slug":"presidente-abinader-y-roberto-angel-salcedo-encabezan-reapertura-del-museo-nacional-de-historia-y-geografia","status":"publish","type":"post","link":"https:\/\/informedesalud.com.do\/?p=14621","title":{"rendered":"Presidente Abinader y Roberto \u00c1ngel Salcedo encabezan reapertura del Museo Nacional de Historia y Geograf\u00eda"},"content":{"rendered":"<div><img decoding=\"async\" src=\"https:\/\/i0.wp.com\/laconsultamedica.com.do\/wp-content\/uploads\/2026\/04\/image_editor_output_image545535540-1777455731847.jpg?fit=1280%2C784&amp;ssl=1\" class=\"ff-og-image-inserted\"><\/div>\n<p class=\"wp-block-paragraph\">Santo Domingo.\u2013 El presidente de la Rep\u00fablica, Luis Abinader, asisti\u00f3 este martes al acto de reapertura del Museo Nacional de Historia y Geograf\u00eda (MNHG), renombrado Emilio Cordero Michel, luego de un proceso de remozamiento integral que renov\u00f3 sus salas expositivas y moderniz\u00f3 los espacios donde la Rep\u00fablica Dominicana conserva y narra su memoria hist\u00f3rica.<\/p>\n<p>La ceremonia, celebrada en la Plaza de la Cultura Juan Pablo Duarte, cont\u00f3 con la presencia del ministro de Cultura, Roberto \u00c1ngel Salcedo; el director general de Museos, Carlos And\u00fajar; el director del MNHG, Jos\u00e9 Guerrero S\u00e1nchez; el presidente del Voluntariado del museo, Marcial Najri; as\u00ed como funcionarios gubernamentales e invitados especiales.<\/p>\n<p>\u201cEsto se enmarca dentro de una pol\u00edtica y una visi\u00f3n muy clara: que estos espacios pueden conectarnos con el pasado, nos hacen reflexionar sobre el presente y proyectar el futuro\u201d, expres\u00f3 el ministro Salcedo, al tiempo que manifest\u00f3 que estos museos deben estar a disposici\u00f3n de los j\u00f3venes de las escuelas y colegios, as\u00ed como de los estudiantes universitarios.<\/p>\n<p>El acto marc\u00f3 la apertura oficial de siete salas renovadas: Guerra de Abril, La Patria, Los Presidentes, Trujillo: una era de terror, La Guerrilla de Caama\u00f1o, la colecci\u00f3n de piezas museogr\u00e1ficas y El Jard\u00edn de Hostos, espacios dedicados a episodios y figuras fundamentales de la historia nacional que recuperan protagonismo en el principal museo hist\u00f3rico del pa\u00eds.<\/p>\n<p>Tras el corte de cinta, el presidente Abinader recorri\u00f3 las instalaciones junto al ministro Salcedo, acompa\u00f1ados por Guerrero, And\u00fajar y Najri, quienes ofrecieron detalles sobre las \u00e1reas intervenidas y los criterios curatoriales que guiaron la actualizaci\u00f3n de la muestra permanente.<\/p>\n<p>Durante el acto, el mandatario destac\u00f3 la importancia de rescatar y fortalecer los espacios culturales y muse\u00edsticos del pa\u00eds como v\u00eda para afianzar la identidad nacional y acercar a las nuevas generaciones al conocimiento de la historia dominicana.<\/p>\n<p>De su lado, el ministro Salcedo calific\u00f3 la reapertura como un paso trascendental, al se\u00f1alar que este remozamiento devuelve al pa\u00eds un espacio esencial para la reflexi\u00f3n hist\u00f3rica, la educaci\u00f3n y la construcci\u00f3n de ciudadan\u00eda.<\/p>\n<p>Asimismo, Carlos And\u00fajar agradeci\u00f3 al presidente Abinader el respaldo brindado para fortalecer y revitalizar las instituciones muse\u00edsticas en todo el territorio nacional.<\/p>\n<p>Jos\u00e9 Guerrero S\u00e1nchez, por su parte, destac\u00f3 que la instituci\u00f3n recibir\u00e1 a estudiantes, investigadores y visitantes nacionales y extranjeros con una misi\u00f3n clara: preservar y difundir la memoria hist\u00f3rica y los valores que definen a la Rep\u00fablica Dominicana.<\/p>\n<p>La intervenci\u00f3n incluy\u00f3 trabajos en las \u00e1reas interiores y exteriores del edificio, orientados a mejorar las condiciones de conservaci\u00f3n, accesibilidad y experiencia de los visitantes.<\/p>\n<p>Historia del museo<\/p>\n<p>Fundado en 1981 e inaugurado el 1 de marzo de 1982 en el edificio del antiguo Liceo Uni\u00f3n Panamericana, el Museo Nacional de Historia y Geograf\u00eda tiene como misi\u00f3n resguardar el patrimonio hist\u00f3rico y geogr\u00e1fico dominicano, as\u00ed como promover su investigaci\u00f3n cient\u00edfica.<\/p>\n<p>Desde 2023, el edificio lleva oficialmente el nombre del historiador Emilio Cordero Michel, en virtud de la Ley 23-23, promulgada el 28 de febrero de ese a\u00f1o.<\/p>\n<p>Con su valiosa colecci\u00f3n de objetos y obras distribuidas en diversas salas, el museo se consolida como uno de los principales referentes de la memoria hist\u00f3rica nacional.<\/p>\n","protected":false},"excerpt":{"rendered":"<p>Santo Domingo.\u2013 El presidente de la Rep\u00fablica, Luis Abinader, asisti\u00f3 este martes al acto de reapertura del Museo Nacional de Historia y Geograf\u00eda (MNHG), renombrado Emilio Cordero Michel, luego de un proceso de remozamiento integral que renov\u00f3 sus salas expositivas y moderniz\u00f3 los espacios donde la Rep\u00fablica Dominicana conserva y narra su memoria hist\u00f3rica. La [&hellip;]<\/p>\n","protected":false},"author":1,"featured_media":14622,"comment_status":"closed","ping_status":"closed","sticky":false,"template":"","format":"standard","meta":{"_eb_attr":"","footnotes":""},"categories":[36],"tags":[],"_links":{"self":[{"href":"https:\/\/informedesalud.com.do\/index.php?rest_route=\/wp\/v2\/posts\/14621"}],"collection":[{"href":"https:\/\/informedesalud.com.do\/index.php?rest_route=\/wp\/v2\/posts"}],"about":[{"href":"https:\/\/informedesalud.com.do\/index.php?rest_route=\/wp\/v2\/types\/post"}],"author":[{"embeddable":true,"href":"https:\/\/informedesalud.com.do\/index.php?rest_route=\/wp\/v2\/users\/1"}],"replies":[{"embeddable":true,"href":"https:\/\/informedesalud.com.do\/index.php?rest_route=%2Fwp%2Fv2%2Fcomments&post=14621"}],"version-history":[{"count":0,"href":"https:\/\/informedesalud.com.do\/index.php?rest_route=\/wp\/v2\/posts\/14621\/revisions"}],"wp:featuredmedia":[{"embeddable":true,"href":"https:\/\/informedesalud.com.do\/index.php?rest_route=\/wp\/v2\/media\/14622"}],"wp:attachment":[{"href":"https:\/\/informedesalud.com.do\/index.php?rest_route=%2Fwp%2Fv2%2Fmedia&parent=14621"}],"wp:term":[{"taxonomy":"category","embeddable":true,"href":"https:\/\/informedesalud.com.do\/index.php?rest_route=%2Fwp%2Fv2%2Fcategories&post=14621"},{"taxonomy":"post_tag","embeddable":true,"href":"https:\/\/informedesalud.com.do\/index.php?rest_route=%2Fwp%2Fv2%2Ftags&post=14621"}],"curies":[{"name":"wp","href":"https:\/\/api.w.org\/{rel}","templated":true}]}}