{"id":14615,"date":"2026-04-28T08:40:23","date_gmt":"2026-04-28T06:40:23","guid":{"rendered":"https:\/\/laconsultamedica.com.do\/?p=36969"},"modified":"2026-04-28T08:40:23","modified_gmt":"2026-04-28T06:40:23","slug":"gobierno-fortalece-dialogo-con-sindicatos-de-trabajadores-ante-impacto-de-crisis-en-medio-oriente","status":"publish","type":"post","link":"https:\/\/informedesalud.com.do\/?p=14615","title":{"rendered":"Gobierno fortalece di\u00e1logo con sindicatos de trabajadores ante impacto de crisis en Medio Oriente"},"content":{"rendered":"<p class=\"wp-block-paragraph\"><em><strong>Paliza: \u201cGobierno prioriza crecimiento econ\u00f3mico y protecci\u00f3n social; se coordinar\u00e1 reuni\u00f3n con partidos minoritarios esta semana para fortalecer respuesta nacional ante crisis\u201d.<\/strong><\/em><\/p>\n<p class=\"wp-block-paragraph\"><strong><em>Sanz Lovat\u00f3n: \u201cLas medidas ejecutadas han dado resultados: no ha subido un solo producto de la canasta b\u00e1sica ni se ha afectado el abastecimiento nacional\u201d.<\/em><\/strong><\/p>\n<p class=\"wp-block-paragraph\"><strong><em>Pepe Abreu: \u201cMovimiento sindical reafirma di\u00e1logo continuo para preservar paz social y desarrollo nacional\u201d.<\/em><\/strong><\/p>\n<p class=\"wp-block-paragraph\"><em>Santo Domingo, 27 de abril de 2026.\u2013<\/em> Los ministros de la Presidencia, Jos\u00e9 Ignacio Paliza; de Hacienda y Econom\u00eda, Mag\u00edn D\u00edaz; y de Industria, Comercio y Mipymes, Eduardo Sanz Lovat\u00f3n, sostuvieron este lunes un encuentro con representantes de la Confederaci\u00f3n Nacional de Unidad Sindical (CNUS), vinculados al sector laboral como parte de los esfuerzos del Gobierno para fortalecer el di\u00e1logo con actores clave ante el conflicto b\u00e9lico en Medio Oriente y sus posibles repercusiones en la Rep\u00fablica Dominicana.<\/p>\n<p class=\"wp-block-paragraph\">Durante la reuni\u00f3n, los funcionarios dialogaron con el presidente de la Confederaci\u00f3n Nacional de Unidad Sindical (CNUS), Rafael \u201cPepe\u201d Abreu, y otros dirigentes sindicales sobre el plan de acci\u00f3n que ejecuta el Gobierno para mitigar los efectos del contexto internacional, particularmente ante el escenario generado por la situaci\u00f3n en Ir\u00e1n.<\/p>\n<p class=\"wp-block-paragraph\">En ese contexto, el ministro Paliza explic\u00f3 que, ante el conflicto en Medio Oriente, el Gobierno ha impulsado un amplio di\u00e1logo con los sectores pol\u00edtico, empresarial, social, religioso y sindical para socializar medidas orientadas a preservar el crecimiento econ\u00f3mico, proteger la estabilidad social y continuar fortaleciendo las mejoras salariales y el desarrollo del sector laboral.<\/p>\n<figure class=\"wp-block-image size-large\"><img loading=\"lazy\" data-recalc-dims=\"1\" loading=\"lazy\" decoding=\"async\" width=\"1024\" height=\"493\" data-attachment-id=\"36968\" data-permalink=\"https:\/\/laconsultamedica.com.do\/image_editor_output_image577321372-1777360201513-jpg\/\" data-orig-file=\"https:\/\/i0.wp.com\/laconsultamedica.com.do\/wp-content\/uploads\/2026\/04\/image_editor_output_image577321372-1777360201513.jpg?fit=1280%2C616&amp;ssl=1\" data-orig-size=\"1280,616\" data-comments-opened=\"1\" data-image-meta=\"{&quot;aperture&quot;:&quot;0&quot;,&quot;credit&quot;:&quot;&quot;,&quot;camera&quot;:&quot;&quot;,&quot;caption&quot;:&quot;&quot;,&quot;created_timestamp&quot;:&quot;0&quot;,&quot;copyright&quot;:&quot;&quot;,&quot;focal_length&quot;:&quot;0&quot;,&quot;iso&quot;:&quot;0&quot;,&quot;shutter_speed&quot;:&quot;0&quot;,&quot;title&quot;:&quot;&quot;,&quot;orientation&quot;:&quot;0&quot;}\" data-image-title=\"image_editor_output_image577321372-1777360201513.jpg\" data-image-description data-image-caption data-large-file=\"https:\/\/i0.wp.com\/laconsultamedica.com.do\/wp-content\/uploads\/2026\/04\/image_editor_output_image577321372-1777360201513.jpg?fit=1024%2C493&amp;ssl=1\" src=\"https:\/\/i0.wp.com\/laconsultamedica.com.do\/wp-content\/uploads\/2026\/04\/image_editor_output_image577321372-1777360201513.jpg?resize=1024%2C493&amp;ssl=1\" alt class=\"wp-image-36968\" srcset=\"https:\/\/i0.wp.com\/laconsultamedica.com.do\/wp-content\/uploads\/2026\/04\/image_editor_output_image577321372-1777360201513.jpg?resize=1024%2C493&amp;ssl=1 1024w, https:\/\/i0.wp.com\/laconsultamedica.com.do\/wp-content\/uploads\/2026\/04\/image_editor_output_image577321372-1777360201513.jpg?resize=300%2C144&amp;ssl=1 300w, https:\/\/i0.wp.com\/laconsultamedica.com.do\/wp-content\/uploads\/2026\/04\/image_editor_output_image577321372-1777360201513.jpg?resize=768%2C370&amp;ssl=1 768w, https:\/\/i0.wp.com\/laconsultamedica.com.do\/wp-content\/uploads\/2026\/04\/image_editor_output_image577321372-1777360201513.jpg?resize=750%2C361&amp;ssl=1 750w, https:\/\/i0.wp.com\/laconsultamedica.com.do\/wp-content\/uploads\/2026\/04\/image_editor_output_image577321372-1777360201513.jpg?resize=1140%2C549&amp;ssl=1 1140w, https:\/\/i0.wp.com\/laconsultamedica.com.do\/wp-content\/uploads\/2026\/04\/image_editor_output_image577321372-1777360201513.jpg?w=1280&amp;ssl=1 1280w\" sizes=\"auto, (max-width: 1000px) 100vw, 1000px\"><\/figure>\n<p class=\"wp-block-paragraph\">\u201cEl Gobierno ha ejecutado de manera sistem\u00e1tica un plan basado en dos objetivos fundamentales: mantener las proyecciones de crecimiento econ\u00f3mico del pa\u00eds y mitigar, especialmente en las familias m\u00e1s vulnerables, el impacto de esta crisis. En ese esfuerzo, medidas como el subsidio a los combustibles forman parte de una estrategia integral que hoy fortalecemos junto a las centrales sindicales, actores esenciales para preservar la paz social, robustecer este plan con sus aportes y proyectar a Rep\u00fablica Dominicana como un referente de estabilidad y di\u00e1logo ante la comunidad internacional\u201d, asegur\u00f3 Paliza.<\/p>\n<p class=\"wp-block-paragraph\">De su lado, el ministro Eduardo Sanz Lovat\u00f3n destac\u00f3 la estabilidad en el costo de la canasta b\u00e1sica y los buenos niveles de abastecimiento de los principales insumos y materias primas para la producci\u00f3n, lo que atribuy\u00f3 al seguimiento constante del presidente Luis Abinader a la situaci\u00f3n junto al sector privado.<\/p>\n<p class=\"wp-block-paragraph\">\u201cLas medidas ejecutadas han dado resultados: no ha subido un solo producto de la canasta b\u00e1sica ni se ha afectado el abastecimiento nacional, gracias al seguimiento constante del presidente Luis Abinader y al trabajo conjunto con empresarios, sindicatos y sectores pol\u00edticos para preservar la confianza y la estabilidad, afirm\u00f3 Lovat\u00f3n.<\/p>\n<p class=\"wp-block-paragraph\">En representaci\u00f3n del sector sindical, Pepe Abreu valor\u00f3 el encuentro con las autoridades y reafirm\u00f3 el compromiso del movimiento sindical con la estabilidad nacional. \u201cLo m\u00e1s importante ha sido abrir un proceso de comunicaci\u00f3n continua, porque el movimiento sindical est\u00e1 dispuesto a cooperar con la paz, el equilibrio y el desarrollo de Rep\u00fablica Dominicana frente a esta crisis global.\u201d<\/p>\n<p class=\"wp-block-paragraph\">En ese sentido, Gabriel del R\u00edo Do\u00f1\u00e9, presidente de la Confederaci\u00f3n Aut\u00f3noma Sindical Clasista (CASC), resalt\u00f3 las acciones orientadas a proteger la seguridad alimentaria y destac\u00f3 la importancia de preservar el bienestar de la poblaci\u00f3n ante la coyuntura internacional. \u201cNo existe preocupaci\u00f3n por el abastecimiento de alimentos; el esfuerzo conjunto est\u00e1 enfocado en proteger la alimentaci\u00f3n de las familias dominicanas y reducir al m\u00ednimo el impacto de esta crisis mundial.\u201d<\/p>\n<p class=\"wp-block-paragraph\">El Gobierno dominicano, a trav\u00e9s del Ministerio de Industria, Comercio y Mipymes (MICM), mantiene congelados los precios de los principales combustibles mediante un subsidio de RD$1,143.9 millones, como parte de las medidas orientadas a proteger la econom\u00eda nacional, preservar la estabilidad de los sectores productivos y mitigar el impacto de la inestabilidad internacional generada por la crisis en Medio Oriente.<\/p>\n<p class=\"wp-block-paragraph\">Asimismo, las autoridades se\u00f1alaron que la Rep\u00fablica Dominicana cuenta con fundamentos macroecon\u00f3micos s\u00f3lidos para enfrentar este escenario, incluyendo reservas internacionales cercanas a los US$16,000 millones, niveles adecuados de liquidez y acceso a financiamiento en mercados nacionales e internacionales.<\/p>\n<p class=\"wp-block-paragraph\">De igual manera, se inform\u00f3 que mediante la asignaci\u00f3n de RD$1,000 millones para subsidiar fertilizantes, el Gobierno ha logrado absorber aumentos de hasta un 40 % en estos insumos, contribuyendo a proteger la producci\u00f3n agropecuaria nacional y a evitar presiones significativas sobre el costo de la canasta b\u00e1sica familiar.<\/p>\n<p class=\"wp-block-paragraph\">Este encuentro forma parte de un proceso de consultas multisectoriales impulsado por el presidente Luis Abinader para construir consensos, fortalecer la coordinaci\u00f3n con los distintos sectores productivos y sociales, y promover acciones conjuntas frente al complejo panorama internacional.<\/p>\n<p class=\"wp-block-paragraph\">Por parte del sector sindical participaron el presidente de la Confederaci\u00f3n Aut\u00f3noma Sindical Clasista (CASC), Gabriel del R\u00edo Do\u00f1\u00e9; la vicepresidente de la CASC, Altagracia Jim\u00e9nez; el presidente de la Confederaci\u00f3n Nacional de Trabajadores Dominicanos (CNTD), Jacobo Ramos; la vicepresidenta encargada de Asuntos de G\u00e9nero y Equidad del CNUS, Eulogia Familia y el secretario general del CNUS, Sergido Castillo.<\/p>\n<p class=\"wp-block-paragraph\"><em>Direcci\u00f3n de Comunicaciones<\/em><br \/><em>Ministerio de la Presidencia<\/em><\/p>\n","protected":false},"excerpt":{"rendered":"<p>Paliza: \u201cGobierno prioriza crecimiento econ\u00f3mico y protecci\u00f3n social; se coordinar\u00e1 reuni\u00f3n con partidos minoritarios esta semana para fortalecer respuesta nacional ante crisis\u201d. Sanz Lovat\u00f3n: \u201cLas medidas ejecutadas han dado resultados: no ha subido un solo producto de la canasta b\u00e1sica ni se ha afectado el abastecimiento nacional\u201d. Pepe Abreu: \u201cMovimiento sindical reafirma di\u00e1logo continuo para [&hellip;]<\/p>\n","protected":false},"author":1,"featured_media":14616,"comment_status":"closed","ping_status":"closed","sticky":false,"template":"","format":"standard","meta":{"_eb_attr":"","footnotes":""},"categories":[36],"tags":[],"_links":{"self":[{"href":"https:\/\/informedesalud.com.do\/index.php?rest_route=\/wp\/v2\/posts\/14615"}],"collection":[{"href":"https:\/\/informedesalud.com.do\/index.php?rest_route=\/wp\/v2\/posts"}],"about":[{"href":"https:\/\/informedesalud.com.do\/index.php?rest_route=\/wp\/v2\/types\/post"}],"author":[{"embeddable":true,"href":"https:\/\/informedesalud.com.do\/index.php?rest_route=\/wp\/v2\/users\/1"}],"replies":[{"embeddable":true,"href":"https:\/\/informedesalud.com.do\/index.php?rest_route=%2Fwp%2Fv2%2Fcomments&post=14615"}],"version-history":[{"count":0,"href":"https:\/\/informedesalud.com.do\/index.php?rest_route=\/wp\/v2\/posts\/14615\/revisions"}],"wp:featuredmedia":[{"embeddable":true,"href":"https:\/\/informedesalud.com.do\/index.php?rest_route=\/wp\/v2\/media\/14616"}],"wp:attachment":[{"href":"https:\/\/informedesalud.com.do\/index.php?rest_route=%2Fwp%2Fv2%2Fmedia&parent=14615"}],"wp:term":[{"taxonomy":"category","embeddable":true,"href":"https:\/\/informedesalud.com.do\/index.php?rest_route=%2Fwp%2Fv2%2Fcategories&post=14615"},{"taxonomy":"post_tag","embeddable":true,"href":"https:\/\/informedesalud.com.do\/index.php?rest_route=%2Fwp%2Fv2%2Ftags&post=14615"}],"curies":[{"name":"wp","href":"https:\/\/api.w.org\/{rel}","templated":true}]}}