{"id":14605,"date":"2026-04-28T08:30:00","date_gmt":"2026-04-28T06:30:00","guid":{"rendered":"https:\/\/laconsultamedica.com.do\/?p=36953"},"modified":"2026-04-28T08:30:00","modified_gmt":"2026-04-28T06:30:00","slug":"nuevo-acuerdo-abre-puerta-a-vuelos-directos-entre-rd-y-hungria","status":"publish","type":"post","link":"https:\/\/informedesalud.com.do\/?p=14605","title":{"rendered":"Nuevo acuerdo abre puerta a vuelos directos entre RD y Hungr\u00eda"},"content":{"rendered":"<div><img decoding=\"async\" src=\"https:\/\/i0.wp.com\/laconsultamedica.com.do\/wp-content\/uploads\/2026\/04\/image_editor_output_image850826769-1777359662783.jpg?fit=1178%2C574&amp;ssl=1\" class=\"ff-og-image-inserted\"><\/div>\n<p class=\"wp-block-paragraph\">Santo Domingo.\u2013 Los gobiernos de Rep\u00fablica Dominicana y Hungr\u00eda firmaron un acuerdo a\u00e9reo que busca fortalecer la conectividad entre ambas naciones y ampliar las oportunidades en turismo, comercio e inversi\u00f3n.<\/p>\n<p>El proceso se concret\u00f3 mediante la firma de un memor\u00e1ndum de entendimiento (MOU), como paso previo a un Acuerdo de Servicios A\u00e9reos (ASA), durante un encuentro celebrado en la sede de la Junta de Aviaci\u00f3n Civil (JAC).&nbsp; <\/p>\n<p>El acuerdo establece un marco moderno y flexible para las operaciones a\u00e9reas, permitiendo a las aerol\u00edneas definir rutas, frecuencias y tarifas bajo criterios de mercado, lo que facilitar\u00e1 una mayor conectividad entre ambos pa\u00edses.&nbsp; <\/p>\n<p>La delegaci\u00f3n dominicana estuvo encabezada por H\u00e9ctor Porcella, mientras que la representaci\u00f3n h\u00fangara fue liderada por el director de aviaci\u00f3n civil, M\u00e1t\u00e9 L\u0151winger.&nbsp; <\/p>\n<p>Impacto del acuerdo<br \/>Impulso al turismo europeo hacia RD<br \/>Mayor flujo comercial e inversi\u00f3n bilateral<br \/>Posibilidad de rutas m\u00e1s eficientes e incluso directas<br \/>Fortalecimiento de RD como hub a\u00e9reo regional<br \/>Datos oficiales indican que entre 2019 y febrero de 2026 unos 52,000 pasajeros h\u00fangaros visitaron el pa\u00eds, lo que evidencia el potencial de este mercado para nuevas rutas a\u00e9reas.&nbsp; <\/p>\n<p>Las autoridades destacaron que este acuerdo representa una oportunidad estrat\u00e9gica para posicionar a Rep\u00fablica Dominicana como un punto clave de conexi\u00f3n a\u00e9rea hacia Europa y otros destinos no tradicionales.&nbsp; <\/p>\n","protected":false},"excerpt":{"rendered":"<p>Santo Domingo.\u2013 Los gobiernos de Rep\u00fablica Dominicana y Hungr\u00eda firmaron un acuerdo a\u00e9reo que busca fortalecer la conectividad entre ambas naciones y ampliar las oportunidades en turismo, comercio e inversi\u00f3n. El proceso se concret\u00f3 mediante la firma de un memor\u00e1ndum de entendimiento (MOU), como paso previo a un Acuerdo de Servicios A\u00e9reos (ASA), durante un [&hellip;]<\/p>\n","protected":false},"author":1,"featured_media":14606,"comment_status":"closed","ping_status":"closed","sticky":false,"template":"","format":"standard","meta":{"_eb_attr":"","footnotes":""},"categories":[39],"tags":[],"_links":{"self":[{"href":"https:\/\/informedesalud.com.do\/index.php?rest_route=\/wp\/v2\/posts\/14605"}],"collection":[{"href":"https:\/\/informedesalud.com.do\/index.php?rest_route=\/wp\/v2\/posts"}],"about":[{"href":"https:\/\/informedesalud.com.do\/index.php?rest_route=\/wp\/v2\/types\/post"}],"author":[{"embeddable":true,"href":"https:\/\/informedesalud.com.do\/index.php?rest_route=\/wp\/v2\/users\/1"}],"replies":[{"embeddable":true,"href":"https:\/\/informedesalud.com.do\/index.php?rest_route=%2Fwp%2Fv2%2Fcomments&post=14605"}],"version-history":[{"count":0,"href":"https:\/\/informedesalud.com.do\/index.php?rest_route=\/wp\/v2\/posts\/14605\/revisions"}],"wp:featuredmedia":[{"embeddable":true,"href":"https:\/\/informedesalud.com.do\/index.php?rest_route=\/wp\/v2\/media\/14606"}],"wp:attachment":[{"href":"https:\/\/informedesalud.com.do\/index.php?rest_route=%2Fwp%2Fv2%2Fmedia&parent=14605"}],"wp:term":[{"taxonomy":"category","embeddable":true,"href":"https:\/\/informedesalud.com.do\/index.php?rest_route=%2Fwp%2Fv2%2Fcategories&post=14605"},{"taxonomy":"post_tag","embeddable":true,"href":"https:\/\/informedesalud.com.do\/index.php?rest_route=%2Fwp%2Fv2%2Ftags&post=14605"}],"curies":[{"name":"wp","href":"https:\/\/api.w.org\/{rel}","templated":true}]}}