{"id":14596,"date":"2026-04-27T17:37:14","date_gmt":"2026-04-27T15:37:14","guid":{"rendered":"https:\/\/laconsultamedica.com.do\/?p=36907"},"modified":"2026-04-27T17:37:14","modified_gmt":"2026-04-27T15:37:14","slug":"republica-dominicana-acoge-encuentro-regional-con-avances-europeos-en-tratamiento-del-cancer","status":"publish","type":"post","link":"https:\/\/informedesalud.com.do\/?p=14596","title":{"rendered":"Rep\u00fablica Dominicana acoge encuentro regional con avances europeos en tratamiento del c\u00e1ncer"},"content":{"rendered":"<div><img decoding=\"async\" src=\"https:\/\/i0.wp.com\/laconsultamedica.com.do\/wp-content\/uploads\/2026\/04\/image_editor_output_image-401789822-1777304270459.webp?fit=360%2C232&amp;ssl=1\" class=\"ff-og-image-inserted\"><\/div>\n<p class=\"wp-block-paragraph\">Rep\u00fablica Dominicana ser\u00e1 sede, por primera vez en la regi\u00f3n, del encuentro cient\u00edfico \u201cBest of ESMO\u201d, una reuni\u00f3n que presentar\u00e1 los avances en investigaci\u00f3n y tratamiento del c\u00e1ncer discutidos en el congreso anual de la Sociedad Europea de Oncolog\u00eda M\u00e9dica (ESMO), celebrado en Berl\u00edn en 2025.<\/p>\n<p>La actividad, organizada por la Sociedad Dominicana de Oncolog\u00eda M\u00e9dica (SODOM), se celebrar\u00e1 del 30 de abril al 2 de mayo en Miches y contar\u00e1 con el respaldo de la Sociedad Dominicana de Radioncolog\u00eda (SDRO) y el Colegio M\u00e9dico Dominicano (CMD).<\/p>\n<p>El encuentro forma parte de una iniciativa avalada por la Sociedad Europea de Oncolog\u00eda M\u00e9dica, que otorga licencias a organizaciones m\u00e9dicas para replicar, a nivel regional, los contenidos m\u00e1s relevantes de su congreso anual.<\/p>\n<p>Seg\u00fan informaron los organizadores, el objetivo es facilitar el acceso a informaci\u00f3n cient\u00edfica actualizada sin que los especialistas deban desplazarse a Europa.<\/p>\n<p class=\"wp-block-paragraph\">Agenda centrada en los principales tipos de c\u00e1ncer<br \/>El programa incluye 59 conferencias, adem\u00e1s de simposios, sesiones plenarias y presentaci\u00f3n de estudios cl\u00ednicos recientes.<\/p>\n<p>Entre los temas que se abordar\u00e1n figuran:<br \/>C\u00e1ncer de mama<br \/>C\u00e1ncer de pr\u00f3stata<br \/>C\u00e1ncer de pulm\u00f3n<br \/>Tumores ginecol\u00f3gicos<br \/>C\u00e1ncer colorrectal y gastrointestinal<br \/>Avances en radioterapia<br \/>Tambi\u00e9n se discutir\u00e1n terapias innovadoras en etapas tempranas de diversas patolog\u00edas, un aspecto clave en la evoluci\u00f3n del tratamiento oncol\u00f3gico.<\/p>\n<p>El evento contar\u00e1 con especialistas de Am\u00e9rica Latina y Europa, lo que, seg\u00fan los organizadores, permitir\u00e1 intercambiar experiencias cl\u00ednicas y analizar la aplicabilidad de los avances cient\u00edficos en contextos regionales.<\/p>\n","protected":false},"excerpt":{"rendered":"<p>Rep\u00fablica Dominicana ser\u00e1 sede, por primera vez en la regi\u00f3n, del encuentro cient\u00edfico \u201cBest of ESMO\u201d, una reuni\u00f3n que presentar\u00e1 los avances en investigaci\u00f3n y tratamiento del c\u00e1ncer discutidos en el congreso anual de la Sociedad Europea de Oncolog\u00eda M\u00e9dica (ESMO), celebrado en Berl\u00edn en 2025. La actividad, organizada por la Sociedad Dominicana de Oncolog\u00eda [&hellip;]<\/p>\n","protected":false},"author":1,"featured_media":14597,"comment_status":"closed","ping_status":"closed","sticky":false,"template":"","format":"standard","meta":{"_eb_attr":"","footnotes":""},"categories":[93],"tags":[],"_links":{"self":[{"href":"https:\/\/informedesalud.com.do\/index.php?rest_route=\/wp\/v2\/posts\/14596"}],"collection":[{"href":"https:\/\/informedesalud.com.do\/index.php?rest_route=\/wp\/v2\/posts"}],"about":[{"href":"https:\/\/informedesalud.com.do\/index.php?rest_route=\/wp\/v2\/types\/post"}],"author":[{"embeddable":true,"href":"https:\/\/informedesalud.com.do\/index.php?rest_route=\/wp\/v2\/users\/1"}],"replies":[{"embeddable":true,"href":"https:\/\/informedesalud.com.do\/index.php?rest_route=%2Fwp%2Fv2%2Fcomments&post=14596"}],"version-history":[{"count":0,"href":"https:\/\/informedesalud.com.do\/index.php?rest_route=\/wp\/v2\/posts\/14596\/revisions"}],"wp:featuredmedia":[{"embeddable":true,"href":"https:\/\/informedesalud.com.do\/index.php?rest_route=\/wp\/v2\/media\/14597"}],"wp:attachment":[{"href":"https:\/\/informedesalud.com.do\/index.php?rest_route=%2Fwp%2Fv2%2Fmedia&parent=14596"}],"wp:term":[{"taxonomy":"category","embeddable":true,"href":"https:\/\/informedesalud.com.do\/index.php?rest_route=%2Fwp%2Fv2%2Fcategories&post=14596"},{"taxonomy":"post_tag","embeddable":true,"href":"https:\/\/informedesalud.com.do\/index.php?rest_route=%2Fwp%2Fv2%2Ftags&post=14596"}],"curies":[{"name":"wp","href":"https:\/\/api.w.org\/{rel}","templated":true}]}}