{"id":14590,"date":"2026-04-27T17:51:48","date_gmt":"2026-04-27T15:51:48","guid":{"rendered":"https:\/\/laconsultamedica.com.do\/?p=36929"},"modified":"2026-04-27T17:51:48","modified_gmt":"2026-04-27T15:51:48","slug":"comision-nacional-rectora-garantiza-continuidad-de-evaluacion-docente-proxima-fase-inicia-este-30","status":"publish","type":"post","link":"https:\/\/informedesalud.com.do\/?p=14590","title":{"rendered":"Comisi\u00f3n Nacional Rectora garantiza continuidad de evaluaci\u00f3n docente; pr\u00f3xima fase inicia este 30"},"content":{"rendered":"<div><img decoding=\"async\" src=\"https:\/\/i0.wp.com\/laconsultamedica.com.do\/wp-content\/uploads\/2026\/04\/image_editor_output_image342668064-1777305129787.jpg?fit=375%2C240&amp;ssl=1\" class=\"ff-og-image-inserted\"><\/div>\n<p class=\"wp-block-paragraph\">La Comisi\u00f3n Nacional Rectora de la Evaluaci\u00f3n de Desempe\u00f1o Docente inform\u00f3 que el proceso evaluativo continuar\u00e1 conforme al cronograma ajustado, tras la correcci\u00f3n de incidencias t\u00e9cnicas registradas durante la quinta etapa. La pr\u00f3xima ser\u00e1 el pr\u00f3ximo 30 de abril.<\/p>\n<p>El organismo, integrado por el Ministerio de Educaci\u00f3n (Minerd), la Asociaci\u00f3n Dominicana de Profesores (ADP) y la Asociaci\u00f3n Nacional de Profesionales y T\u00e9cnicos de la Educaci\u00f3n (Anproted), indic\u00f3 que complet\u00f3 una revisi\u00f3n de la plataforma tecnol\u00f3gica utilizada en esta fase, incorporando mejoras para optimizar su funcionamiento.<\/p>\n<p>Seg\u00fan explic\u00f3 la Comisi\u00f3n, las dificultades detectadas correspondieron a fallas t\u00e9cnicas puntuales, ya solucionadas por los equipos responsables. A\u00f1adi\u00f3 que se realizaron pruebas adicionales que permitieron identificar oportunidades de mejora en los flujos operativos, con el objetivo de fortalecer la eficiencia del proceso.<\/p>\n<p class=\"wp-block-paragraph\">Cronolog\u00eda y avance del proceso evaluativo docente<br \/>El Ministerio de Educaci\u00f3n reiter\u00f3 su compromiso de concluir la Evaluaci\u00f3n de Desempe\u00f1o Docente como parte de su pol\u00edtica de fortalecimiento de la calidad educativa. Record\u00f3 que el proceso, declarado prioritario mediante la Orden Departamental 50\/2025, ha involucrado a m\u00e1s de 115,000 docentes en todo el pa\u00eds.<\/p>\n<p>Hasta la fecha, se han ejecutado cuatro de las seis etapas previstas, con un avance cercano al 95 % en la aplicaci\u00f3n de m\u00e1s de 750,000 instrumentos, sin reportes de inconvenientes significativos en su desarrollo, de acuerdo con las autoridades.<\/p>\n<p class=\"wp-block-paragraph\">La Comisi\u00f3n subray\u00f3 que la evaluaci\u00f3n se desarrolla de forma gradual y con car\u00e1cter t\u00e9cnico, orientada a fortalecer la carrera docente y el sistema educativo. En ese sentido, afirm\u00f3 que mantendr\u00e1 la coordinaci\u00f3n con los gremios magisteriales y los equipos t\u00e9cnicos para garantizar la continuidad y el rigor del proceso.<\/p>\n<p>En cuanto al calendario, inform\u00f3 que la sexta etapa, correspondiente a la observaci\u00f3n de clases y planificaci\u00f3n, iniciar\u00e1 el pr\u00f3ximo 30 de abril. Asimismo, la fase de Evaluaci\u00f3n de Rendimiento Profesional (ERP) fue reprogramada para la primera semana de junio, tras la finalizaci\u00f3n de la etapa anterior.<\/p>\n<p>La Comisi\u00f3n exhort\u00f3 a los docentes convocados a participar en las fases pendientes, al tiempo que asegur\u00f3 que el proceso se desarrollar\u00e1 con garant\u00edas de equidad, transparencia y respeto a los derechos del personal docente.<\/p>\n<p class=\"wp-block-paragraph\">La Comisi\u00f3n Nacional Rectora est\u00e1 presidida por el ministro de Educaci\u00f3n, Luis Miguel De Camps, e integrada por viceministros del MINERD y representantes de la ADP y Anproted, quienes tienen a su cargo la supervisi\u00f3n estrat\u00e9gica de la evaluaci\u00f3n.<\/p>\n","protected":false},"excerpt":{"rendered":"<p>La Comisi\u00f3n Nacional Rectora de la Evaluaci\u00f3n de Desempe\u00f1o Docente inform\u00f3 que el proceso evaluativo continuar\u00e1 conforme al cronograma ajustado, tras la correcci\u00f3n de incidencias t\u00e9cnicas registradas durante la quinta etapa. La pr\u00f3xima ser\u00e1 el pr\u00f3ximo 30 de abril. El organismo, integrado por el Ministerio de Educaci\u00f3n (Minerd), la Asociaci\u00f3n Dominicana de Profesores (ADP) y [&hellip;]<\/p>\n","protected":false},"author":1,"featured_media":14591,"comment_status":"closed","ping_status":"closed","sticky":false,"template":"","format":"standard","meta":{"_eb_attr":"","footnotes":""},"categories":[36],"tags":[],"_links":{"self":[{"href":"https:\/\/informedesalud.com.do\/index.php?rest_route=\/wp\/v2\/posts\/14590"}],"collection":[{"href":"https:\/\/informedesalud.com.do\/index.php?rest_route=\/wp\/v2\/posts"}],"about":[{"href":"https:\/\/informedesalud.com.do\/index.php?rest_route=\/wp\/v2\/types\/post"}],"author":[{"embeddable":true,"href":"https:\/\/informedesalud.com.do\/index.php?rest_route=\/wp\/v2\/users\/1"}],"replies":[{"embeddable":true,"href":"https:\/\/informedesalud.com.do\/index.php?rest_route=%2Fwp%2Fv2%2Fcomments&post=14590"}],"version-history":[{"count":0,"href":"https:\/\/informedesalud.com.do\/index.php?rest_route=\/wp\/v2\/posts\/14590\/revisions"}],"wp:featuredmedia":[{"embeddable":true,"href":"https:\/\/informedesalud.com.do\/index.php?rest_route=\/wp\/v2\/media\/14591"}],"wp:attachment":[{"href":"https:\/\/informedesalud.com.do\/index.php?rest_route=%2Fwp%2Fv2%2Fmedia&parent=14590"}],"wp:term":[{"taxonomy":"category","embeddable":true,"href":"https:\/\/informedesalud.com.do\/index.php?rest_route=%2Fwp%2Fv2%2Fcategories&post=14590"},{"taxonomy":"post_tag","embeddable":true,"href":"https:\/\/informedesalud.com.do\/index.php?rest_route=%2Fwp%2Fv2%2Ftags&post=14590"}],"curies":[{"name":"wp","href":"https:\/\/api.w.org\/{rel}","templated":true}]}}