{"id":14588,"date":"2026-04-27T17:52:36","date_gmt":"2026-04-27T15:52:36","guid":{"rendered":"https:\/\/laconsultamedica.com.do\/?p=36899"},"modified":"2026-04-27T17:52:36","modified_gmt":"2026-04-27T15:52:36","slug":"vicepresidenta-raquel-pena-y-roberto-angel-salcedo-clausuran-feria-del-libro-y-la-cultura-cibao-2026","status":"publish","type":"post","link":"https:\/\/informedesalud.com.do\/?p=14588","title":{"rendered":"Vicepresidenta Raquel Pe\u00f1a y Roberto \u00c1ngel Salcedo clausuran Feria del Libro y la Cultura Cibao 2026"},"content":{"rendered":"<div><img decoding=\"async\" src=\"https:\/\/i0.wp.com\/laconsultamedica.com.do\/wp-content\/uploads\/2026\/04\/image_editor_output_image-638199404-1777304039352.png?fit=1300%2C731&amp;ssl=1\" class=\"ff-og-image-inserted\"><\/div>\n<p class=\"wp-block-paragraph\">Santiago de los Caballeros.\u2013 Tras una semana de programaci\u00f3n que congreg\u00f3 a m\u00e1s de 100,000 visitantes y consolid\u00f3 a Santiago como referente cultural de la regi\u00f3n Norte, la vicepresidenta de la Rep\u00fablica, Raquel Pe\u00f1a, encabez\u00f3 el acto de clausura de la primera Feria Regional del Libro y la Cultura Cibao 2026.&nbsp;&nbsp; <\/p>\n<p>La vicemandataria afirm\u00f3 que la feria refleja el compromiso del Gobierno, encabezado por el presidente Luis Abinader, con el fortalecimiento de la educaci\u00f3n y la cultura en el Cibao.&nbsp; <\/p>\n<p>Durante la semana de actividades, Pe\u00f1a dej\u00f3 formalmente inaugurado un marat\u00f3n de lectura, imparti\u00f3 la conferencia magistral \u201cLeer en medio del ruido\u201d y realiz\u00f3 un recorrido por las instalaciones del recinto ferial. Cabe recordar que la celebraci\u00f3n de este evento ha contado con el respaldo de la Vicepresidencia de la Rep\u00fablica desde su concepci\u00f3n.&nbsp; <\/p>\n<p>Por su parte, el ministro de Cultura, Roberto \u00c1ngel Salcedo, destac\u00f3 el alcance de la iniciativa y su proyecci\u00f3n como plataforma de integraci\u00f3n regional y fortalecimiento del ecosistema cultural.&nbsp; <\/p>\n<p>Asimismo, en consonancia con las palabras del presidente Luis Abinader, quien en su visita al recinto ferial anunci\u00f3 que la iniciativa quedar\u00e1 instituida como un evento anual en atenci\u00f3n a su impacto cultural y a la acogida del p\u00fablico, el titular de Cultura se\u00f1al\u00f3 que la segunda edici\u00f3n tendr\u00e1 lugar de nuevo en Santiago de los Caballeros, del 19 al 25 de abril de 2027.&nbsp; <\/p>\n<p>En la valoraci\u00f3n final del evento se revel\u00f3, adem\u00e1s, que este ha registrado ventas por valor de 10 millones de pesos en libros.&nbsp; <\/p>\n<p>La feria estuvo dedicada a Ulises Francisco Espaillat, con motivo del 150 aniversario de su gobierno. El evento incluy\u00f3 un pabell\u00f3n central con estands representativos de cada provincia participante, as\u00ed como espacios dedicados a librer\u00edas y editoriales, c\u00f3mic, artesan\u00eda, gastronom\u00eda e instituciones externas, adem\u00e1s de los pabellones de Identidad y Ciudadan\u00eda y El Poder de las Buenas Palabras.&nbsp; <\/p>\n<p>El evento, celebrado del 20 al 26 de abril, reuni\u00f3 a representantes de las 14 provincias del Cibao en una propuesta orientada a promover el libro y las industrias culturales. Con una estructura compuesta por 11 pabellones y m\u00faltiples espacios tem\u00e1ticos, el evento articul\u00f3 una programaci\u00f3n que integr\u00f3 exposiciones, presentaciones literarias, talleres, actividades infantiles y espect\u00e1culos art\u00edsticos.&nbsp; <\/p>\n<p class=\"wp-block-paragraph\">La agenda incluy\u00f3 alrededor de 250 actividades, con la participaci\u00f3n de editoriales, distribuidores y librer\u00edas que representaron a m\u00e1s de un centenar de sellos, as\u00ed como una extensi\u00f3n a distintos puntos de la ciudad, entre ellos el Centro Le\u00f3n, el Ateneo Amantes de la Luz y el Monumento a los H\u00e9roes de la Restauraci\u00f3n.&nbsp; <\/p>\n<p>La alta afluencia de p\u00fablico durante toda la semana confirm\u00f3 el \u00e9xito de la convocatoria, que super\u00f3 las expectativas iniciales y posiciona esta primera edici\u00f3n ferial como uno de los principales encuentros culturales del pa\u00eds.&nbsp; <\/p>\n<p>La jornada de clausura culmin\u00f3 con un concierto de la Orquesta Filarm\u00f3nica de Santo Domingo, bajo la direcci\u00f3n de Amaury S\u00e1nchez. <\/p>\n","protected":false},"excerpt":{"rendered":"<p>Santiago de los Caballeros.\u2013 Tras una semana de programaci\u00f3n que congreg\u00f3 a m\u00e1s de 100,000 visitantes y consolid\u00f3 a Santiago como referente cultural de la regi\u00f3n Norte, la vicepresidenta de la Rep\u00fablica, Raquel Pe\u00f1a, encabez\u00f3 el acto de clausura de la primera Feria Regional del Libro y la Cultura Cibao 2026.&nbsp;&nbsp; La vicemandataria afirm\u00f3 que [&hellip;]<\/p>\n","protected":false},"author":1,"featured_media":14589,"comment_status":"closed","ping_status":"closed","sticky":false,"template":"","format":"standard","meta":{"_eb_attr":"","footnotes":""},"categories":[43],"tags":[],"_links":{"self":[{"href":"https:\/\/informedesalud.com.do\/index.php?rest_route=\/wp\/v2\/posts\/14588"}],"collection":[{"href":"https:\/\/informedesalud.com.do\/index.php?rest_route=\/wp\/v2\/posts"}],"about":[{"href":"https:\/\/informedesalud.com.do\/index.php?rest_route=\/wp\/v2\/types\/post"}],"author":[{"embeddable":true,"href":"https:\/\/informedesalud.com.do\/index.php?rest_route=\/wp\/v2\/users\/1"}],"replies":[{"embeddable":true,"href":"https:\/\/informedesalud.com.do\/index.php?rest_route=%2Fwp%2Fv2%2Fcomments&post=14588"}],"version-history":[{"count":0,"href":"https:\/\/informedesalud.com.do\/index.php?rest_route=\/wp\/v2\/posts\/14588\/revisions"}],"wp:featuredmedia":[{"embeddable":true,"href":"https:\/\/informedesalud.com.do\/index.php?rest_route=\/wp\/v2\/media\/14589"}],"wp:attachment":[{"href":"https:\/\/informedesalud.com.do\/index.php?rest_route=%2Fwp%2Fv2%2Fmedia&parent=14588"}],"wp:term":[{"taxonomy":"category","embeddable":true,"href":"https:\/\/informedesalud.com.do\/index.php?rest_route=%2Fwp%2Fv2%2Fcategories&post=14588"},{"taxonomy":"post_tag","embeddable":true,"href":"https:\/\/informedesalud.com.do\/index.php?rest_route=%2Fwp%2Fv2%2Ftags&post=14588"}],"curies":[{"name":"wp","href":"https:\/\/api.w.org\/{rel}","templated":true}]}}