{"id":14586,"date":"2026-04-27T17:53:18","date_gmt":"2026-04-27T15:53:18","guid":{"rendered":"https:\/\/laconsultamedica.com.do\/?p=36913"},"modified":"2026-04-27T17:53:18","modified_gmt":"2026-04-27T15:53:18","slug":"sns-articula-acciones-de-prevencion-y-respuesta-frente-a-violencia-de-genero","status":"publish","type":"post","link":"https:\/\/informedesalud.com.do\/?p=14586","title":{"rendered":"SNS articula acciones de prevenci\u00f3n y respuesta frente a violencia de g\u00e9nero"},"content":{"rendered":"<p class=\"wp-block-paragraph\">Santo Domingo. \u2013 El director ejecutivo del Servicio Nacional de Salud (SNS), doctor Julio Landr\u00f3n, particip\u00f3 en la reuni\u00f3n del Gabinete de Mujeres, Adolescentes y Ni\u00f1as, donde se avanz\u00f3 en la validaci\u00f3n del Plan Estrat\u00e9gico Nacional para una Vida Libre de Violencia para las Mujeres 2026-2028.<\/p>\n<p>En el encuentro, encabezado por la ministra de la Mujer, Gloria Reyes, participaron la ministra de Interior y Polic\u00eda, Faride Raful; el viceministro de Salud Colectiva, Eladio P\u00e9rez; junto a representantes de las instituciones que integran el Gabinete.<\/p>\n<p>Durante la jornada de trabajo, el doctor Landr\u00f3n destac\u00f3 que desde el SNS se contin\u00faa fortaleciendo la capacidad de respuesta de la Red P\u00fablica, mediante acciones orientadas a garantizar una atenci\u00f3n integral, oportuna y humanizada a mujeres en situaci\u00f3n de violencia, en coordinaci\u00f3n con las dem\u00e1s instituciones del Estado.<\/p>\n<p>En ese sentido, el SNS present\u00f3 propuestas t\u00e9cnicas orientadas a robustecer la atenci\u00f3n integral en salud a mujeres afectadas por violencia, posicionando al sector sanitario como un eje clave dentro de la respuesta interinstitucional.<\/p>\n<figure class=\"wp-block-image size-large\"><img loading=\"lazy\" data-recalc-dims=\"1\" loading=\"lazy\" decoding=\"async\" width=\"1024\" height=\"683\" data-attachment-id=\"36911\" data-permalink=\"https:\/\/laconsultamedica.com.do\/img-20260427-wa00111256332925174201405-jpg\/\" data-orig-file=\"https:\/\/i0.wp.com\/laconsultamedica.com.do\/wp-content\/uploads\/2026\/04\/img-20260427-wa00111256332925174201405.jpg?fit=2000%2C1334&amp;ssl=1\" data-orig-size=\"2000,1334\" data-comments-opened=\"1\" data-image-meta=\"{&quot;aperture&quot;:&quot;0&quot;,&quot;credit&quot;:&quot;&quot;,&quot;camera&quot;:&quot;&quot;,&quot;caption&quot;:&quot;&quot;,&quot;created_timestamp&quot;:&quot;0&quot;,&quot;copyright&quot;:&quot;&quot;,&quot;focal_length&quot;:&quot;0&quot;,&quot;iso&quot;:&quot;0&quot;,&quot;shutter_speed&quot;:&quot;0&quot;,&quot;title&quot;:&quot;&quot;,&quot;orientation&quot;:&quot;1&quot;}\" data-image-title=\"img-20260427-wa00111256332925174201405.jpg\" data-image-description data-image-caption data-large-file=\"https:\/\/i0.wp.com\/laconsultamedica.com.do\/wp-content\/uploads\/2026\/04\/img-20260427-wa00111256332925174201405.jpg?fit=1024%2C683&amp;ssl=1\" src=\"https:\/\/i0.wp.com\/laconsultamedica.com.do\/wp-content\/uploads\/2026\/04\/img-20260427-wa00111256332925174201405.jpg?resize=1024%2C683&amp;ssl=1\" alt class=\"wp-image-36911\" srcset=\"https:\/\/i0.wp.com\/laconsultamedica.com.do\/wp-content\/uploads\/2026\/04\/img-20260427-wa00111256332925174201405.jpg?resize=1024%2C683&amp;ssl=1 1024w, https:\/\/i0.wp.com\/laconsultamedica.com.do\/wp-content\/uploads\/2026\/04\/img-20260427-wa00111256332925174201405.jpg?resize=300%2C200&amp;ssl=1 300w, https:\/\/i0.wp.com\/laconsultamedica.com.do\/wp-content\/uploads\/2026\/04\/img-20260427-wa00111256332925174201405.jpg?resize=768%2C512&amp;ssl=1 768w, https:\/\/i0.wp.com\/laconsultamedica.com.do\/wp-content\/uploads\/2026\/04\/img-20260427-wa00111256332925174201405.jpg?resize=1536%2C1025&amp;ssl=1 1536w, https:\/\/i0.wp.com\/laconsultamedica.com.do\/wp-content\/uploads\/2026\/04\/img-20260427-wa00111256332925174201405.jpg?resize=750%2C500&amp;ssl=1 750w, https:\/\/i0.wp.com\/laconsultamedica.com.do\/wp-content\/uploads\/2026\/04\/img-20260427-wa00111256332925174201405.jpg?resize=1140%2C760&amp;ssl=1 1140w, https:\/\/i0.wp.com\/laconsultamedica.com.do\/wp-content\/uploads\/2026\/04\/img-20260427-wa00111256332925174201405.jpg?w=2000&amp;ssl=1 2000w\" sizes=\"auto, (max-width: 1000px) 100vw, 1000px\"><\/figure>\n<p class=\"wp-block-paragraph\">Entre los principales planteamientos, se destaca la implementaci\u00f3n de unidades de g\u00e9nero en hospitales priorizados y centros de primer nivel, as\u00ed como el fortalecimiento de servicios con enfoque de g\u00e9nero, garantizando atenci\u00f3n oportuna, digna y humanizada.<\/p>\n<p>Asimismo, el SNS propuso la capacitaci\u00f3n continua del personal de salud en atenci\u00f3n a casos de violencia, derechos humanos y enfoque de g\u00e9nero, adem\u00e1s de la actualizaci\u00f3n de los protocolos de detecci\u00f3n, registro y atenci\u00f3n, con el prop\u00f3sito de estandarizar la respuesta en toda la Red P\u00fablica.<\/p>\n<p>La instituci\u00f3n tambi\u00e9n enfatiz\u00f3 la necesidad de fortalecer la articulaci\u00f3n de la ruta de atenci\u00f3n interinstitucional, asegurando procesos efectivos de referencia y contrarreferencia, al igual que el desarrollo de sistemas de monitoreo y gesti\u00f3n de la informaci\u00f3n que permitan la toma de decisiones basada en evidencia.<\/p>\n<p>En el marco de la reuni\u00f3n, se revis\u00f3 el estatus de aprobaci\u00f3n del Plan Estrat\u00e9gico Nacional, se presentaron observaciones de las instituciones participantes y se definieron los pr\u00f3ximos pasos para su validaci\u00f3n. De igual forma, se socializ\u00f3 la propuesta de mesas de trabajo tem\u00e1ticas y el inicio del proceso de formulaci\u00f3n del plan de monitoreo y evaluaci\u00f3n.<\/p>\n","protected":false},"excerpt":{"rendered":"<p>Santo Domingo. \u2013 El director ejecutivo del Servicio Nacional de Salud (SNS), doctor Julio Landr\u00f3n, particip\u00f3 en la reuni\u00f3n del Gabinete de Mujeres, Adolescentes y Ni\u00f1as, donde se avanz\u00f3 en la validaci\u00f3n del Plan Estrat\u00e9gico Nacional para una Vida Libre de Violencia para las Mujeres 2026-2028. En el encuentro, encabezado por la ministra de la [&hellip;]<\/p>\n","protected":false},"author":1,"featured_media":14587,"comment_status":"closed","ping_status":"closed","sticky":false,"template":"","format":"standard","meta":{"_eb_attr":"","footnotes":""},"categories":[93],"tags":[],"_links":{"self":[{"href":"https:\/\/informedesalud.com.do\/index.php?rest_route=\/wp\/v2\/posts\/14586"}],"collection":[{"href":"https:\/\/informedesalud.com.do\/index.php?rest_route=\/wp\/v2\/posts"}],"about":[{"href":"https:\/\/informedesalud.com.do\/index.php?rest_route=\/wp\/v2\/types\/post"}],"author":[{"embeddable":true,"href":"https:\/\/informedesalud.com.do\/index.php?rest_route=\/wp\/v2\/users\/1"}],"replies":[{"embeddable":true,"href":"https:\/\/informedesalud.com.do\/index.php?rest_route=%2Fwp%2Fv2%2Fcomments&post=14586"}],"version-history":[{"count":0,"href":"https:\/\/informedesalud.com.do\/index.php?rest_route=\/wp\/v2\/posts\/14586\/revisions"}],"wp:featuredmedia":[{"embeddable":true,"href":"https:\/\/informedesalud.com.do\/index.php?rest_route=\/wp\/v2\/media\/14587"}],"wp:attachment":[{"href":"https:\/\/informedesalud.com.do\/index.php?rest_route=%2Fwp%2Fv2%2Fmedia&parent=14586"}],"wp:term":[{"taxonomy":"category","embeddable":true,"href":"https:\/\/informedesalud.com.do\/index.php?rest_route=%2Fwp%2Fv2%2Fcategories&post=14586"},{"taxonomy":"post_tag","embeddable":true,"href":"https:\/\/informedesalud.com.do\/index.php?rest_route=%2Fwp%2Fv2%2Ftags&post=14586"}],"curies":[{"name":"wp","href":"https:\/\/api.w.org\/{rel}","templated":true}]}}