{"id":14584,"date":"2026-04-27T17:54:07","date_gmt":"2026-04-27T15:54:07","guid":{"rendered":"https:\/\/laconsultamedica.com.do\/?p=36933"},"modified":"2026-04-27T17:54:07","modified_gmt":"2026-04-27T15:54:07","slug":"politicas-publicas-fortalecen-el-desarrollo-del-deporte-la-cohesion-social-y-la-presencia-internacional-en-el-pais","status":"publish","type":"post","link":"https:\/\/informedesalud.com.do\/?p=14584","title":{"rendered":"Pol\u00edticas p\u00fablicas fortalecen el desarrollo del deporte, la cohesi\u00f3n social y la presencia internacional en el pa\u00eds"},"content":{"rendered":"<div><img decoding=\"async\" src=\"https:\/\/i0.wp.com\/laconsultamedica.com.do\/wp-content\/uploads\/2026\/04\/image_editor_output_image-46035577-1777305203411.jpg?fit=1300%2C654&amp;ssl=1\" class=\"ff-og-image-inserted\"><\/div>\n<p class=\"wp-block-paragraph\">Santo Domingo.- El director de la Direcci\u00f3n de Estrategia y Comunicaci\u00f3n Gubernamental (Diecom), F\u00e9lix Reyna, destac\u00f3 que la agenda de la semana estuvo enfocada en la inauguraci\u00f3n de nuevas obras para la gente, el impulso al deporte nacional, el fortalecimiento de los programas sociales y de las relaciones diplom\u00e1ticas con pa\u00edses aliados.<\/p>\n<p>Distrito Nacional estrena nuevo Malec\u00f3n Deportivo<\/p>\n<p>Con el objetivo de transformar una zona hist\u00f3ricamente olvidada en un moderno espacio para el deporte, la recreaci\u00f3n y la convivencia familiar, el presidente Luis Abinader y la alcaldesa del Distrito Nacional, Carolina Mej\u00eda, encabezaron la inauguraci\u00f3n del Malec\u00f3n Deportivo, una intervenci\u00f3n de casi dos kil\u00f3metros en el litoral sur de Santo Domingo.<\/p>\n<p>El proyecto convierte el frente mar\u00edtimo en un nuevo punto de encuentro para los ciudadanos y en una referencia urbana para la regi\u00f3n del Caribe.<\/p>\n<p>El mandatario resalt\u00f3 que la recuperaci\u00f3n de estos espacios mejora la calidad de vida de las familias, al poner a disposici\u00f3n \u00e1reas seguras y adecuadas para el disfrute colectivo.<\/p>\n<p>La obra, que abarca 90,000 metros cuadrados, cont\u00f3 con una inversi\u00f3n de RD 333 millones y est\u00e1 distribuida en cuatro zonas con est\u00e1ndares internacionales para la pr\u00e1ctica de f\u00fatbol, voleibol de playa, baloncesto 3\u00d73, p\u00e1del y skate.<\/p>\n<p>Instalaciones para Juegos Centroamericanos alcanzan 90 %<\/p>\n<p>El presidente Abinader tambi\u00e9n supervis\u00f3 los trabajos de remozamiento en el Centro Ol\u00edmpico Juan Pablo Duarte, escenario principal de los XXV Juegos Centroamericanos y del Caribe Santo Domingo 2026.<\/p>\n<p>Durante el recorrido inform\u00f3 que, junto a las obras ejecutadas en el Parque del Este, las instalaciones presentan un 90 % de avance general.<\/p>\n<p>Destac\u00f3 que las remodelaciones se desarrollan con criterios internacionales, lo que permitir\u00e1 albergar no solo los juegos regionales, sino futuras competencias de alto nivel.<\/p>\n<p>El jefe de Estado expres\u00f3 satisfacci\u00f3n con el ritmo de ejecuci\u00f3n de las obras deportivas, donde pronto,&nbsp; del 24 de julio al 8 de agosto, participar\u00e1n unos 6,200 atletas y se disputar\u00e1 la mayor cantidad de medallas en la historia deportiva nacional.<\/p>\n<p>Estados Unidos, principal aliado de la Rep\u00fablica Dominican<\/p>\n<p>El ministro Jos\u00e9 Ignacio Paliza afirm\u00f3 durante una conferencia en Georgetown University que Estados Unidos representa el principal aliado y el pa\u00eds amigo m\u00e1s importante para la Rep\u00fablica Dominicana.<\/p>\n<p>El funcionario explic\u00f3 que la relaci\u00f3n bilateral se sostiene en lazos hist\u00f3ricos, valores democr\u00e1ticos compartidos y una profunda conexi\u00f3n humana entre ambas naciones.<\/p>\n<p>Tambi\u00e9n resalt\u00f3 el aporte de la di\u00e1spora dominicana en territorio estadounidense, integrada por m\u00e1s de 1.6 millones de dominicanos, como puente permanente de intercambio econ\u00f3mico, cultural y social.<\/p>\n<p>Paliza sostuvo que ambos pa\u00edses deben continuar fortaleciendo una agenda com\u00fan de cooperaci\u00f3n y entendimiento.<\/p>\n<p>Nuevos embajadores presentan cartas credenciales<\/p>\n<p class=\"wp-block-paragraph\">En el Palacio Nacional, el presidente Luis Abinader recibi\u00f3 las cartas credenciales de seis nuevos embajadores acreditados en la Rep\u00fablica Dominicana.<\/p>\n<p>Los diplom\u00e1ticos corresponden a Italia, Suiza, Nueva Zelanda, San Marino, Finlandia y Suecia, naciones con las que el pa\u00eds mantiene v\u00ednculos de cooperaci\u00f3n, comercio e intercambio institucional.<\/p>\n<p>La ceremonia reafirm\u00f3 el compromiso de la Rep\u00fablica Dominicana con una pol\u00edtica exterior abierta al di\u00e1logo, la colaboraci\u00f3n y el fortalecimiento de las relaciones internacionales.<\/p>\n<p>Cercan\u00eda con familias beneficiarias de Sup\u00e9rate<\/p>\n<p>Como parte de la agenda social, el presidente Abinader sostuvo un encuentro con 6,000 familias beneficiarias de Sup\u00e9rate, donde escuch\u00f3 testimonios, necesidades y propuestas para seguir fortaleciendo la protecci\u00f3n social.<\/p>\n<p>El programa impacta a m\u00e1s de 1.4 millones de hogares en todo el pa\u00eds mediante iniciativas como Alim\u00e9ntate, Bono Gas, Bono Luz, Aprende, Avanza, Sup\u00e9rate Mujer y el Fondo de Discapacidad.<\/p>\n<p>Durante la jornada, el mandatario reiter\u00f3 que las ayudas sociales est\u00e1n dirigidas a quienes m\u00e1s lo necesitan y llam\u00f3 a identificar nuevas familias en condici\u00f3n de vulnerabilidad para ampliar el alcance de las respuestas p\u00fablicas.<\/p>\n<p>Adem\u00e1s, exhort\u00f3 a denunciar la violencia intrafamiliar y asegur\u00f3 que el Gobierno continuar\u00e1 ampliando los mecanismos de apoyo y acompa\u00f1amiento a las v\u00edctimas.<\/p>\n<p>Resultados con impacto directo<\/p>\n<p>Estas acciones reflejan una gesti\u00f3n enfocada en obras de impacto, respaldo social, promoci\u00f3n del deporte y relaciones internacionales s\u00f3lidas, con decisiones orientadas a mejorar la vida de la gente y consolidar el desarrollo nacional.<\/p>\n","protected":false},"excerpt":{"rendered":"<p>Santo Domingo.- El director de la Direcci\u00f3n de Estrategia y Comunicaci\u00f3n Gubernamental (Diecom), F\u00e9lix Reyna, destac\u00f3 que la agenda de la semana estuvo enfocada en la inauguraci\u00f3n de nuevas obras para la gente, el impulso al deporte nacional, el fortalecimiento de los programas sociales y de las relaciones diplom\u00e1ticas con pa\u00edses aliados. Distrito Nacional estrena [&hellip;]<\/p>\n","protected":false},"author":1,"featured_media":14585,"comment_status":"closed","ping_status":"closed","sticky":false,"template":"","format":"standard","meta":{"_eb_attr":"","footnotes":""},"categories":[36],"tags":[],"_links":{"self":[{"href":"https:\/\/informedesalud.com.do\/index.php?rest_route=\/wp\/v2\/posts\/14584"}],"collection":[{"href":"https:\/\/informedesalud.com.do\/index.php?rest_route=\/wp\/v2\/posts"}],"about":[{"href":"https:\/\/informedesalud.com.do\/index.php?rest_route=\/wp\/v2\/types\/post"}],"author":[{"embeddable":true,"href":"https:\/\/informedesalud.com.do\/index.php?rest_route=\/wp\/v2\/users\/1"}],"replies":[{"embeddable":true,"href":"https:\/\/informedesalud.com.do\/index.php?rest_route=%2Fwp%2Fv2%2Fcomments&post=14584"}],"version-history":[{"count":0,"href":"https:\/\/informedesalud.com.do\/index.php?rest_route=\/wp\/v2\/posts\/14584\/revisions"}],"wp:featuredmedia":[{"embeddable":true,"href":"https:\/\/informedesalud.com.do\/index.php?rest_route=\/wp\/v2\/media\/14585"}],"wp:attachment":[{"href":"https:\/\/informedesalud.com.do\/index.php?rest_route=%2Fwp%2Fv2%2Fmedia&parent=14584"}],"wp:term":[{"taxonomy":"category","embeddable":true,"href":"https:\/\/informedesalud.com.do\/index.php?rest_route=%2Fwp%2Fv2%2Fcategories&post=14584"},{"taxonomy":"post_tag","embeddable":true,"href":"https:\/\/informedesalud.com.do\/index.php?rest_route=%2Fwp%2Fv2%2Ftags&post=14584"}],"curies":[{"name":"wp","href":"https:\/\/api.w.org\/{rel}","templated":true}]}}