{"id":14582,"date":"2026-04-27T17:20:26","date_gmt":"2026-04-27T15:20:26","guid":{"rendered":"https:\/\/laconsultamedica.com.do\/?p=36866"},"modified":"2026-04-27T17:20:26","modified_gmt":"2026-04-27T15:20:26","slug":"gobierno-entrega-dos-centros-educativos-en-rio-san-juan-que-beneficiaran-a-mas-de-600-estudiantes","status":"publish","type":"post","link":"https:\/\/informedesalud.com.do\/?p=14582","title":{"rendered":"Gobierno entrega dos centros educativos en R\u00edo San Juan que beneficiar\u00e1n a m\u00e1s de 600 estudiantes"},"content":{"rendered":"<p class=\"wp-block-paragraph\">El presidente de la Rep\u00fablica, Luis Abinader, encabez\u00f3 este domingo, junto al ministro de Educaci\u00f3n,&nbsp; Luis Miguel De Camps, la entrega de dos centros educativos en el municipio de R\u00edo San Juan, provincia Mar\u00eda Trinidad S\u00e1nchez, en beneficio de m\u00e1s de 600 estudiantes.<\/p>\n<p>Las obras inauguradas corresponden a la Escuela Primaria Profesora Raquel de la Rosa Fa\u00f1a y el Liceo Copeyito, cuya inversi\u00f3n conjunta supera los 169 millones de pesos, como parte de la pol\u00edtica gubernamental orientada a ampliar el acceso a una educaci\u00f3n digna y de calidad.<\/p>\n<p>El centro de Primaria Profesora Raquel de la Rosa Fa\u00f1a fue construido con una inversi\u00f3n de RD$96,349,342 y cuenta con 17 aulas, biblioteca, cancha deportiva, plaza c\u00edvica y sal\u00f3n multiusos, entre otras facilidades. Este plantel impactar\u00e1 a m\u00e1s de 400 estudiantes de la comunidad.<\/p>\n<p>En tanto, el Liceo Copeyito, levantado con una inversi\u00f3n de RD$73,331,695, dispone de seis aulas, laboratorios de inform\u00e1tica y ciencias, sala de enfermer\u00eda, sal\u00f3n de profesores y cancha mixta, beneficiando a m\u00e1s de 280 alumnos.<\/p>\n<figure class=\"wp-block-image size-large\"><img loading=\"lazy\" data-recalc-dims=\"1\" loading=\"lazy\" decoding=\"async\" width=\"1024\" height=\"683\" data-attachment-id=\"36871\" data-permalink=\"https:\/\/laconsultamedica.com.do\/gobierno-entrega-dos-centros-educativos-en-rio-san-juan-que-beneficiaran-a-mas-de-600-estudiantes\/img-20260427-wa00022567780987690895672-jpg\/\" data-orig-file=\"https:\/\/i0.wp.com\/laconsultamedica.com.do\/wp-content\/uploads\/2026\/04\/img-20260427-wa00022567780987690895672.jpg?fit=1280%2C854&amp;ssl=1\" data-orig-size=\"1280,854\" data-comments-opened=\"1\" data-image-meta=\"{&quot;aperture&quot;:&quot;0&quot;,&quot;credit&quot;:&quot;&quot;,&quot;camera&quot;:&quot;&quot;,&quot;caption&quot;:&quot;&quot;,&quot;created_timestamp&quot;:&quot;0&quot;,&quot;copyright&quot;:&quot;&quot;,&quot;focal_length&quot;:&quot;0&quot;,&quot;iso&quot;:&quot;0&quot;,&quot;shutter_speed&quot;:&quot;0&quot;,&quot;title&quot;:&quot;&quot;,&quot;orientation&quot;:&quot;1&quot;}\" data-image-title=\"img-20260427-wa00022567780987690895672.jpg\" data-image-description data-image-caption data-large-file=\"https:\/\/i0.wp.com\/laconsultamedica.com.do\/wp-content\/uploads\/2026\/04\/img-20260427-wa00022567780987690895672.jpg?fit=1024%2C683&amp;ssl=1\" src=\"https:\/\/i0.wp.com\/laconsultamedica.com.do\/wp-content\/uploads\/2026\/04\/img-20260427-wa00022567780987690895672.jpg?resize=1024%2C683&amp;ssl=1\" alt class=\"wp-image-36871\" srcset=\"https:\/\/i0.wp.com\/laconsultamedica.com.do\/wp-content\/uploads\/2026\/04\/img-20260427-wa00022567780987690895672.jpg?resize=1024%2C683&amp;ssl=1 1024w, https:\/\/i0.wp.com\/laconsultamedica.com.do\/wp-content\/uploads\/2026\/04\/img-20260427-wa00022567780987690895672.jpg?resize=300%2C200&amp;ssl=1 300w, https:\/\/i0.wp.com\/laconsultamedica.com.do\/wp-content\/uploads\/2026\/04\/img-20260427-wa00022567780987690895672.jpg?resize=768%2C512&amp;ssl=1 768w, https:\/\/i0.wp.com\/laconsultamedica.com.do\/wp-content\/uploads\/2026\/04\/img-20260427-wa00022567780987690895672.jpg?resize=750%2C500&amp;ssl=1 750w, https:\/\/i0.wp.com\/laconsultamedica.com.do\/wp-content\/uploads\/2026\/04\/img-20260427-wa00022567780987690895672.jpg?resize=1140%2C761&amp;ssl=1 1140w, https:\/\/i0.wp.com\/laconsultamedica.com.do\/wp-content\/uploads\/2026\/04\/img-20260427-wa00022567780987690895672.jpg?w=1280&amp;ssl=1 1280w\" sizes=\"auto, (max-width: 1000px) 100vw, 1000px\"><\/figure>\n<p class=\"wp-block-paragraph\">En su intervenci\u00f3n, el ministro De Camps, resalt\u00f3 que la inauguraci\u00f3n de estos planteles representa un paso firme hacia un sistema educativo m\u00e1s moderno y centrado en el bienestar y desarrollo integral de los estudiantes.<\/p>\n<p>\u201cTan importante como la infraestructura es lo que ocurre dentro de ella. Por eso estamos trabajando en fortalecer los aprendizajes, en acompa\u00f1ar a nuestros docentes y en construir entornos donde los estudiantes quieran estar, aprender y crecer. Para que cada estudiante, sin importar su origen, tenga acceso a oportunidades reales de desarrollo\u201d, expres\u00f3 el ministro.<\/p>\n<p>De Camps tambi\u00e9n enfatiz\u00f3 el impacto social de la inversi\u00f3n educativa y su alcance en t\u00e9rminos de equidad territorial.<\/p>\n<p>\u201cHoy no estamos simplemente entregando una infraestructura. Hoy estamos abriendo nuevas oportunidades para esta comunidad y reafirmando una convicci\u00f3n que gu\u00eda nuestro trabajo: la educaci\u00f3n no puede depender del lugar donde se nace. Cada ni\u00f1o y cada ni\u00f1a de la Rep\u00fablica Dominicana merece aprender en condiciones dignas, seguras y adecuadas. Y por eso estamos aqu\u00ed\u201d, puntualiz\u00f3.<\/p>\n<figure class=\"wp-block-image size-large\"><img loading=\"lazy\" data-recalc-dims=\"1\" loading=\"lazy\" decoding=\"async\" width=\"1024\" height=\"683\" data-attachment-id=\"36873\" data-permalink=\"https:\/\/laconsultamedica.com.do\/gobierno-entrega-dos-centros-educativos-en-rio-san-juan-que-beneficiaran-a-mas-de-600-estudiantes\/img-20260427-wa00015408931014481811155-jpg\/\" data-orig-file=\"https:\/\/i0.wp.com\/laconsultamedica.com.do\/wp-content\/uploads\/2026\/04\/img-20260427-wa00015408931014481811155.jpg?fit=1280%2C854&amp;ssl=1\" data-orig-size=\"1280,854\" data-comments-opened=\"1\" data-image-meta=\"{&quot;aperture&quot;:&quot;0&quot;,&quot;credit&quot;:&quot;&quot;,&quot;camera&quot;:&quot;&quot;,&quot;caption&quot;:&quot;&quot;,&quot;created_timestamp&quot;:&quot;0&quot;,&quot;copyright&quot;:&quot;&quot;,&quot;focal_length&quot;:&quot;0&quot;,&quot;iso&quot;:&quot;0&quot;,&quot;shutter_speed&quot;:&quot;0&quot;,&quot;title&quot;:&quot;&quot;,&quot;orientation&quot;:&quot;1&quot;}\" data-image-title=\"img-20260427-wa00015408931014481811155.jpg\" data-image-description data-image-caption data-large-file=\"https:\/\/i0.wp.com\/laconsultamedica.com.do\/wp-content\/uploads\/2026\/04\/img-20260427-wa00015408931014481811155.jpg?fit=1024%2C683&amp;ssl=1\" src=\"https:\/\/i0.wp.com\/laconsultamedica.com.do\/wp-content\/uploads\/2026\/04\/img-20260427-wa00015408931014481811155.jpg?resize=1024%2C683&amp;ssl=1\" alt class=\"wp-image-36873\" srcset=\"https:\/\/i0.wp.com\/laconsultamedica.com.do\/wp-content\/uploads\/2026\/04\/img-20260427-wa00015408931014481811155.jpg?resize=1024%2C683&amp;ssl=1 1024w, https:\/\/i0.wp.com\/laconsultamedica.com.do\/wp-content\/uploads\/2026\/04\/img-20260427-wa00015408931014481811155.jpg?resize=300%2C200&amp;ssl=1 300w, https:\/\/i0.wp.com\/laconsultamedica.com.do\/wp-content\/uploads\/2026\/04\/img-20260427-wa00015408931014481811155.jpg?resize=768%2C512&amp;ssl=1 768w, https:\/\/i0.wp.com\/laconsultamedica.com.do\/wp-content\/uploads\/2026\/04\/img-20260427-wa00015408931014481811155.jpg?resize=750%2C500&amp;ssl=1 750w, https:\/\/i0.wp.com\/laconsultamedica.com.do\/wp-content\/uploads\/2026\/04\/img-20260427-wa00015408931014481811155.jpg?resize=1140%2C761&amp;ssl=1 1140w, https:\/\/i0.wp.com\/laconsultamedica.com.do\/wp-content\/uploads\/2026\/04\/img-20260427-wa00015408931014481811155.jpg?w=1280&amp;ssl=1 1280w\" sizes=\"auto, (max-width: 1000px) 100vw, 1000px\"><\/figure>\n<p class=\"wp-block-paragraph\">En representaci\u00f3n del estudiantado, Lismary Mart\u00ednez Caraballo, alumna de cuarto grado, agradeci\u00f3 la entrega del nuevo centro educativo, y destac\u00f3 su impacto en las condiciones de aprendizaje. De igual forma, Liz Mari Almonte Paca, estudiante de sexto grado de secundaria del Liceo Copeyito, valor\u00f3 la importancia de la obra para la juventud de la comunidad.<\/p>\n<p>Ambas infraestructuras cuentan con \u00e1reas administrativas, bibliotecas, comedores escolares, espacios deportivos y sistemas de saneamiento, drenaje pluvial, cisternas y cerramientos perimetrales, lo que garantiza condiciones adecuadas y seguras para el proceso educativo.<\/p>\n<figure class=\"wp-block-image size-large\"><img loading=\"lazy\" data-recalc-dims=\"1\" loading=\"lazy\" decoding=\"async\" width=\"1024\" height=\"518\" data-attachment-id=\"36865\" data-permalink=\"https:\/\/laconsultamedica.com.do\/image_editor_output_image443621048-1777303270837-jpg\/\" data-orig-file=\"https:\/\/i0.wp.com\/laconsultamedica.com.do\/wp-content\/uploads\/2026\/04\/image_editor_output_image443621048-1777303270837.jpg?fit=1280%2C647&amp;ssl=1\" data-orig-size=\"1280,647\" data-comments-opened=\"1\" data-image-meta=\"{&quot;aperture&quot;:&quot;0&quot;,&quot;credit&quot;:&quot;&quot;,&quot;camera&quot;:&quot;&quot;,&quot;caption&quot;:&quot;&quot;,&quot;created_timestamp&quot;:&quot;0&quot;,&quot;copyright&quot;:&quot;&quot;,&quot;focal_length&quot;:&quot;0&quot;,&quot;iso&quot;:&quot;0&quot;,&quot;shutter_speed&quot;:&quot;0&quot;,&quot;title&quot;:&quot;&quot;,&quot;orientation&quot;:&quot;0&quot;}\" data-image-title=\"image_editor_output_image443621048-1777303270837.jpg\" data-image-description data-image-caption data-large-file=\"https:\/\/i0.wp.com\/laconsultamedica.com.do\/wp-content\/uploads\/2026\/04\/image_editor_output_image443621048-1777303270837.jpg?fit=1024%2C518&amp;ssl=1\" src=\"https:\/\/i0.wp.com\/laconsultamedica.com.do\/wp-content\/uploads\/2026\/04\/image_editor_output_image443621048-1777303270837.jpg?resize=1024%2C518&amp;ssl=1\" alt class=\"wp-image-36865\" srcset=\"https:\/\/i0.wp.com\/laconsultamedica.com.do\/wp-content\/uploads\/2026\/04\/image_editor_output_image443621048-1777303270837.jpg?resize=1024%2C518&amp;ssl=1 1024w, https:\/\/i0.wp.com\/laconsultamedica.com.do\/wp-content\/uploads\/2026\/04\/image_editor_output_image443621048-1777303270837.jpg?resize=300%2C152&amp;ssl=1 300w, https:\/\/i0.wp.com\/laconsultamedica.com.do\/wp-content\/uploads\/2026\/04\/image_editor_output_image443621048-1777303270837.jpg?resize=768%2C388&amp;ssl=1 768w, https:\/\/i0.wp.com\/laconsultamedica.com.do\/wp-content\/uploads\/2026\/04\/image_editor_output_image443621048-1777303270837.jpg?resize=750%2C379&amp;ssl=1 750w, https:\/\/i0.wp.com\/laconsultamedica.com.do\/wp-content\/uploads\/2026\/04\/image_editor_output_image443621048-1777303270837.jpg?resize=1140%2C576&amp;ssl=1 1140w, https:\/\/i0.wp.com\/laconsultamedica.com.do\/wp-content\/uploads\/2026\/04\/image_editor_output_image443621048-1777303270837.jpg?w=1280&amp;ssl=1 1280w\" sizes=\"auto, (max-width: 1000px) 100vw, 1000px\"><\/figure>\n<p class=\"wp-block-paragraph\">Estas entregas forman parte de las pol\u00edticas p\u00fablicas impulsadas por el Gobierno para fortalecer la ense\u00f1anza y asegurar entornos propicios para el desarrollo integral de los estudiantes.<\/p>\n<p>En la actividad estuvieron presentes la gobernadora provincial, Amada L\u00f3pez Polanco; el senador Alexis Victoria; el alcalde municipal Len\u00edn Melo Bonilla; el director de Mantenimiento e Infraestructura Escolar, Roberto Herrera; la directora regional 14, Mar\u00eda Luisa De la Cruz; el director del Distrito 14-03, Freddy Burgos; as\u00ed como autoridades educativas, legisladores y representantes de la comunidad.<\/p>\n","protected":false},"excerpt":{"rendered":"<p>El presidente de la Rep\u00fablica, Luis Abinader, encabez\u00f3 este domingo, junto al ministro de Educaci\u00f3n,&nbsp; Luis Miguel De Camps, la entrega de dos centros educativos en el municipio de R\u00edo San Juan, provincia Mar\u00eda Trinidad S\u00e1nchez, en beneficio de m\u00e1s de 600 estudiantes. Las obras inauguradas corresponden a la Escuela Primaria Profesora Raquel de la [&hellip;]<\/p>\n","protected":false},"author":1,"featured_media":14583,"comment_status":"closed","ping_status":"closed","sticky":false,"template":"","format":"standard","meta":{"_eb_attr":"","footnotes":""},"categories":[36],"tags":[],"_links":{"self":[{"href":"https:\/\/informedesalud.com.do\/index.php?rest_route=\/wp\/v2\/posts\/14582"}],"collection":[{"href":"https:\/\/informedesalud.com.do\/index.php?rest_route=\/wp\/v2\/posts"}],"about":[{"href":"https:\/\/informedesalud.com.do\/index.php?rest_route=\/wp\/v2\/types\/post"}],"author":[{"embeddable":true,"href":"https:\/\/informedesalud.com.do\/index.php?rest_route=\/wp\/v2\/users\/1"}],"replies":[{"embeddable":true,"href":"https:\/\/informedesalud.com.do\/index.php?rest_route=%2Fwp%2Fv2%2Fcomments&post=14582"}],"version-history":[{"count":0,"href":"https:\/\/informedesalud.com.do\/index.php?rest_route=\/wp\/v2\/posts\/14582\/revisions"}],"wp:featuredmedia":[{"embeddable":true,"href":"https:\/\/informedesalud.com.do\/index.php?rest_route=\/wp\/v2\/media\/14583"}],"wp:attachment":[{"href":"https:\/\/informedesalud.com.do\/index.php?rest_route=%2Fwp%2Fv2%2Fmedia&parent=14582"}],"wp:term":[{"taxonomy":"category","embeddable":true,"href":"https:\/\/informedesalud.com.do\/index.php?rest_route=%2Fwp%2Fv2%2Fcategories&post=14582"},{"taxonomy":"post_tag","embeddable":true,"href":"https:\/\/informedesalud.com.do\/index.php?rest_route=%2Fwp%2Fv2%2Ftags&post=14582"}],"curies":[{"name":"wp","href":"https:\/\/api.w.org\/{rel}","templated":true}]}}